{"id":12227,"date":"2025-01-22T09:48:35","date_gmt":"2025-01-22T08:48:35","guid":{"rendered":"https:\/\/agora.xtec.cat\/ies-santa-eulalia\/?p=12227"},"modified":"2025-01-22T09:56:54","modified_gmt":"2025-01-22T08:56:54","slug":"el-princep-de-la-boira-amb-2n-eso","status":"publish","type":"post","link":"https:\/\/agora.xtec.cat\/ies-santa-eulalia\/general\/el-princep-de-la-boira-amb-2n-eso\/","title":{"rendered":"Endinsa&#8217;t als misteris de El pr\u00edncep de la boira, 2n ESO"},"content":{"rendered":"<p>Tot fugint dels desastres de la Segona Guerra Mundial, la fam\u00edlia Carver es trasllada a una casa prop de la platja, en un poblet tranquil vora l\u2019Atl\u00e0ntic. Es tracta d\u2019un viatge tamb\u00e9 en el temps, at\u00e8s que els Carver aviat es troben al mig d\u2019una sorprenent hist\u00f2ria relacionada amb inquietants esdeveniments del passat. Max i Al\u00edcia, els germans grans de la fam\u00edlia, protagonitzen amb el seu amic Roland una perillosa aventura que els porta a enfrontar-se amb el Pr\u00edncep de la Boira, un personatge sinistre que pot concedir qualsevol desig i que mai no oblida el que ha demanat a canvi.<\/p>\n<p>El nostre alumnat de 2n ESO des de la mat\u00e8ria de Lengua castellana i literatura han llegit aquesta apassionant hist\u00f2ria. Un cop llegida han analitzat els seus elements narratius: narrador, temps, espai, acci\u00f3, personatges, trama,&#8230;Tamb\u00e9 han investigat si pertany a alguna saga i han fet la seva valoraci\u00f3 personal de la lectura.<\/p>\n<p>Amb tota la informaci\u00f3 han elaborat un text expositiu que han plasmat en format audiovisual per apropar-nos a tots la seva experi\u00e8ncia lectora.<\/p>\n<p>Aqu\u00ed us deixem un petit tast.<iframe loading=\"lazy\" src=\"https:\/\/drive.google.com\/file\/d\/1unsqXSQz0OA5W1u05eHX9-f8g5MlG_eh\/preview\" width=\"640\" height=\"480\"><\/iframe><iframe loading=\"lazy\" src=\"https:\/\/drive.google.com\/file\/d\/17Ya4AsAD8e7HaKa2d-ZmmGQwn3KBxWsi\/preview\" width=\"640\" height=\"480\"><\/iframe><\/p>\n","protected":false},"excerpt":{"rendered":"<p>Tot fugint dels desastres de la Segona Guerra Mundial, la fam\u00edlia Carver es trasllada a una casa prop de la platja, en un poblet tranquil vora l\u2019Atl\u00e0ntic. Es tracta d\u2019un viatge tamb\u00e9 en el temps, at\u00e8s que els Carver aviat es troben al mig d\u2019una&hellip;  <a href=\"https:\/\/agora.xtec.cat\/ies-santa-eulalia\/general\/el-princep-de-la-boira-amb-2n-eso\/\" title=\"Read Endinsa&#8217;t als misteris de El pr\u00edncep de la boira, 2n ESO\">Llegeix m\u00e9s\u00bb<\/a><\/p>\n","protected":false},"author":117,"featured_media":12231,"comment_status":"open","ping_status":"closed","sticky":false,"template":"","format":"standard","meta":{"_bbp_topic_count":0,"_bbp_reply_count":0,"_bbp_total_topic_count":0,"_bbp_total_reply_count":0,"_bbp_voice_count":0,"_bbp_anonymous_reply_count":0,"_bbp_topic_count_hidden":0,"_bbp_reply_count_hidden":0,"_bbp_forum_subforum_count":0,"footnotes":""},"categories":[214,3,1,29],"tags":[],"class_list":["post-12227","post","type-post","status-publish","format-standard","has-post-thumbnail","hentry","category-activitats-castella","category-eso","category-general","category-portada"],"post_mailing_queue_ids":[],"_links":{"self":[{"href":"https:\/\/agora.xtec.cat\/ies-santa-eulalia\/wp-json\/wp\/v2\/posts\/12227","targetHints":{"allow":["GET"]}}],"collection":[{"href":"https:\/\/agora.xtec.cat\/ies-santa-eulalia\/wp-json\/wp\/v2\/posts"}],"about":[{"href":"https:\/\/agora.xtec.cat\/ies-santa-eulalia\/wp-json\/wp\/v2\/types\/post"}],"author":[{"embeddable":true,"href":"https:\/\/agora.xtec.cat\/ies-santa-eulalia\/wp-json\/wp\/v2\/users\/117"}],"replies":[{"embeddable":true,"href":"https:\/\/agora.xtec.cat\/ies-santa-eulalia\/wp-json\/wp\/v2\/comments?post=12227"}],"version-history":[{"count":2,"href":"https:\/\/agora.xtec.cat\/ies-santa-eulalia\/wp-json\/wp\/v2\/posts\/12227\/revisions"}],"predecessor-version":[{"id":12230,"href":"https:\/\/agora.xtec.cat\/ies-santa-eulalia\/wp-json\/wp\/v2\/posts\/12227\/revisions\/12230"}],"wp:featuredmedia":[{"embeddable":true,"href":"https:\/\/agora.xtec.cat\/ies-santa-eulalia\/wp-json\/wp\/v2\/media\/12231"}],"wp:attachment":[{"href":"https:\/\/agora.xtec.cat\/ies-santa-eulalia\/wp-json\/wp\/v2\/media?parent=12227"}],"wp:term":[{"taxonomy":"category","embeddable":true,"href":"https:\/\/agora.xtec.cat\/ies-santa-eulalia\/wp-json\/wp\/v2\/categories?post=12227"},{"taxonomy":"post_tag","embeddable":true,"href":"https:\/\/agora.xtec.cat\/ies-santa-eulalia\/wp-json\/wp\/v2\/tags?post=12227"}],"curies":[{"name":"wp","href":"https:\/\/api.w.org\/{rel}","templated":true}]}}