{"id":12116,"date":"2024-12-19T20:30:13","date_gmt":"2024-12-19T19:30:13","guid":{"rendered":"https:\/\/agora.xtec.cat\/ies-santa-eulalia\/?p=12116"},"modified":"2024-12-19T20:40:25","modified_gmt":"2024-12-19T19:40:25","slug":"quien-cuenta-las-estrellas-2","status":"publish","type":"post","link":"https:\/\/agora.xtec.cat\/ies-santa-eulalia\/general\/quien-cuenta-las-estrellas-2\/","title":{"rendered":"\u00bfQui\u00e9n cuenta las estrellas?"},"content":{"rendered":"<pre id=\"tw-target-text\" class=\"tw-data-text tw-text-large tw-ta\" dir=\"ltr\" data-placeholder=\"Traducci\u00f3n\" data-ved=\"2ahUKEwiF3I_AvbSKAxUg1AIHHUG7LcwQ3ewLegQICRAV\" aria-label=\"Texto traducido: Una novel\u00b7la a favor de la vida i contra la injust\u00edcia! Annamarie, una nena de deu anys, protagonitza una hist\u00f2ria commovedora que mostra les privacions, els patiments i la resist\u00e8ncia de la poblaci\u00f3 danesa davant les forces d'ocupaci\u00f3 alemanya, durant la Segona Guerra Mundial, a Copenhaguen. Coratge, valentia, esfor\u00e7, sacrifici i cooperaci\u00f3 seran les claus per v\u00e8ncer l'enemic i desarmar la seva intoler\u00e0ncia i els seus prejudicis, en un relat on la baralla a favor de la vida i contra la injust\u00edcia desperta la solidaritat del lector. Aquesta novel\u00b7la va ser guardonada amb la medalla Newbery\"><span class=\"Y2IQFc\" lang=\"ca\">Una novel\u00b7la a favor de la vida i contra la injust\u00edcia!\r\n\r\nAnnamarie, una nena de deu anys, protagonitza una hist\u00f2ria commovedora que mostra les privacions, els patiments i la resist\u00e8ncia de la poblaci\u00f3 danesa davant les forces d'ocupaci\u00f3 alemanya, durant la Segona Guerra Mundial, a Copenhaguen. Coratge, valentia, esfor\u00e7, sacrifici i cooperaci\u00f3 seran les claus per v\u00e8ncer l'enemic i desarmar la seva intoler\u00e0ncia i els seus prejudicis, en un relat on la baralla a favor de la vida i contra la injust\u00edcia desperta la solidaritat del lector. Aquesta novel\u00b7la va ser guardonada amb la medalla Newbery\r\n<iframe loading=\"lazy\" src=\"https:\/\/drive.google.com\/file\/d\/1yZQ2KFzI-yJiSk1y0nrYK_twut02ifdC\/preview\" width=\"640\" height=\"480\"><\/iframe><iframe loading=\"lazy\" src=\"https:\/\/drive.google.com\/file\/d\/1B_xBquZFuSkoX0Ip7jbhof4U9XCi9Err\/preview\" width=\"640\" height=\"480\"><\/iframe><iframe loading=\"lazy\" src=\"https:\/\/drive.google.com\/file\/d\/1nfRb9rhTK8SioQBZI9oDd4lDXwd9Nh6G\/preview\" width=\"640\" height=\"480\"><\/iframe><iframe loading=\"lazy\" src=\"https:\/\/drive.google.com\/file\/d\/1YVPZbmwoF8t6ueRJneiGB80cCjjd5Lls\/preview\" width=\"640\" height=\"480\"><\/iframe><iframe loading=\"lazy\" src=\"https:\/\/drive.google.com\/file\/d\/1k7tQRNY06WbdpdNfxwpWhIBPOpr8RBdz\/preview\" width=\"640\" height=\"480\"><\/iframe><a href=\"https:\/\/agora.xtec.cat\/ies-santa-eulalia\/wp-content\/uploads\/usu1612\/2024\/12\/QCE.jpg\"><img loading=\"lazy\" decoding=\"async\" class=\"alignnone size-large wp-image-12121\" src=\"https:\/\/agora.xtec.cat\/ies-santa-eulalia\/wp-content\/uploads\/usu1612\/2024\/12\/QCE-910x1024.jpg\" alt=\"\" width=\"910\" height=\"1024\" srcset=\"https:\/\/agora.xtec.cat\/ies-santa-eulalia\/wp-content\/uploads\/usu1612\/2024\/12\/QCE-910x1024.jpg 910w, https:\/\/agora.xtec.cat\/ies-santa-eulalia\/wp-content\/uploads\/usu1612\/2024\/12\/QCE-267x300.jpg 267w, https:\/\/agora.xtec.cat\/ies-santa-eulalia\/wp-content\/uploads\/usu1612\/2024\/12\/QCE-768x864.jpg 768w, https:\/\/agora.xtec.cat\/ies-santa-eulalia\/wp-content\/uploads\/usu1612\/2024\/12\/QCE-1365x1536.jpg 1365w, https:\/\/agora.xtec.cat\/ies-santa-eulalia\/wp-content\/uploads\/usu1612\/2024\/12\/QCE-1820x2048.jpg 1820w\" sizes=\"auto, (max-width: 910px) 100vw, 910px\" \/><\/a> El nostre alumnat de 1r d'ESO ha elaborat uns lapbooks sobre la lectura del 1r trimestre: <strong><em>\u00bfQui\u00e9n cuenta las estrellas? <\/em><\/strong>Han treballat cooperativament la cerca d'informaci\u00f3, l'expressi\u00f3 escrita i l'expressi\u00f3 pl\u00e0stica. Esperem que us agradin tant com a nosaltres. <\/span><\/pre>\n","protected":false},"excerpt":{"rendered":"<p>Una novel\u00b7la a favor de la vida i contra la injust\u00edcia!<\/p>\n<p>Annamarie, una nena de deu anys, protagonitza una hist\u00f2ria commovedora que mostra les privacions, els patiments i la resist\u00e8ncia de la poblaci\u00f3 danesa davant les forces d&#8217;ocupaci\u00f3 alemanya, durant la Segona Guerra Mundial, a Copenhaguen.&hellip;  <a href=\"https:\/\/agora.xtec.cat\/ies-santa-eulalia\/general\/quien-cuenta-las-estrellas-2\/\" title=\"Read \u00bfQui\u00e9n cuenta las estrellas?\">Llegeix m\u00e9s\u00bb<\/a><\/p>\n","protected":false},"author":117,"featured_media":12121,"comment_status":"open","ping_status":"closed","sticky":false,"template":"","format":"standard","meta":{"_bbp_topic_count":0,"_bbp_reply_count":0,"_bbp_total_topic_count":0,"_bbp_total_reply_count":0,"_bbp_voice_count":0,"_bbp_anonymous_reply_count":0,"_bbp_topic_count_hidden":0,"_bbp_reply_count_hidden":0,"_bbp_forum_subforum_count":0,"footnotes":""},"categories":[214,3,1,29],"tags":[],"class_list":["post-12116","post","type-post","status-publish","format-standard","has-post-thumbnail","hentry","category-activitats-castella","category-eso","category-general","category-portada"],"post_mailing_queue_ids":[],"_links":{"self":[{"href":"https:\/\/agora.xtec.cat\/ies-santa-eulalia\/wp-json\/wp\/v2\/posts\/12116","targetHints":{"allow":["GET"]}}],"collection":[{"href":"https:\/\/agora.xtec.cat\/ies-santa-eulalia\/wp-json\/wp\/v2\/posts"}],"about":[{"href":"https:\/\/agora.xtec.cat\/ies-santa-eulalia\/wp-json\/wp\/v2\/types\/post"}],"author":[{"embeddable":true,"href":"https:\/\/agora.xtec.cat\/ies-santa-eulalia\/wp-json\/wp\/v2\/users\/117"}],"replies":[{"embeddable":true,"href":"https:\/\/agora.xtec.cat\/ies-santa-eulalia\/wp-json\/wp\/v2\/comments?post=12116"}],"version-history":[{"count":6,"href":"https:\/\/agora.xtec.cat\/ies-santa-eulalia\/wp-json\/wp\/v2\/posts\/12116\/revisions"}],"predecessor-version":[{"id":12124,"href":"https:\/\/agora.xtec.cat\/ies-santa-eulalia\/wp-json\/wp\/v2\/posts\/12116\/revisions\/12124"}],"wp:featuredmedia":[{"embeddable":true,"href":"https:\/\/agora.xtec.cat\/ies-santa-eulalia\/wp-json\/wp\/v2\/media\/12121"}],"wp:attachment":[{"href":"https:\/\/agora.xtec.cat\/ies-santa-eulalia\/wp-json\/wp\/v2\/media?parent=12116"}],"wp:term":[{"taxonomy":"category","embeddable":true,"href":"https:\/\/agora.xtec.cat\/ies-santa-eulalia\/wp-json\/wp\/v2\/categories?post=12116"},{"taxonomy":"post_tag","embeddable":true,"href":"https:\/\/agora.xtec.cat\/ies-santa-eulalia\/wp-json\/wp\/v2\/tags?post=12116"}],"curies":[{"name":"wp","href":"https:\/\/api.w.org\/{rel}","templated":true}]}}