{"id":12045,"date":"2024-11-25T22:40:54","date_gmt":"2024-11-25T21:40:54","guid":{"rendered":"https:\/\/agora.xtec.cat\/ies-santa-eulalia\/?p=12045"},"modified":"2024-11-25T22:40:54","modified_gmt":"2024-11-25T21:40:54","slug":"activitats-25n","status":"publish","type":"post","link":"https:\/\/agora.xtec.cat\/ies-santa-eulalia\/general\/activitats-25n\/","title":{"rendered":"Activitats 25N"},"content":{"rendered":"<p>Des de la comissi\u00f3 de coeducaci\u00f3 hem proposat una s\u00e8rie d&#8217;activitats per\u00a0 treballar el 25N: An\u00e0lisi i interpretaci\u00f3 a trav\u00e9s d&#8217;il\u00b7lustracions de la <em>Puerta violeta<\/em> de Rozal\u00e9n.<\/p>\n<p>P\u00f2sters explicatius sobre qu\u00e8 \u00e9s la viol\u00e8ncia de g\u00e8nere? caracter\u00edstiques, exemples, tel\u00e8fons on trucar si ets v\u00edctima o testimoni.<\/p>\n<p>I finalment, el concurs de v\u00eddeos sobre el 25 N &#8230; d&#8217;aqu\u00ed poc anunciarem els guanyadors.<\/p>\n<p>Aqu\u00ed us deixem un petit tast.<\/p>\n<p><iframe loading=\"lazy\" title=\"Rozal\u00e9n - La Puerta Violeta\" width=\"500\" height=\"281\" src=\"https:\/\/www.youtube.com\/embed\/gYyKuLV8A_c?feature=oembed\" frameborder=\"0\" allow=\"accelerometer; autoplay; clipboard-write; encrypted-media; gyroscope; picture-in-picture; web-share\" referrerpolicy=\"strict-origin-when-cross-origin\" allowfullscreen><\/iframe><\/p>\n<p><a href=\"https:\/\/agora.xtec.cat\/ies-santa-eulalia\/wp-content\/uploads\/usu1612\/2024\/11\/Poster-25-novembre-violencia-de-genere-jpg-scaled.jpg\"><img loading=\"lazy\" decoding=\"async\" class=\"alignnone size-large wp-image-12047\" src=\"https:\/\/agora.xtec.cat\/ies-santa-eulalia\/wp-content\/uploads\/usu1612\/2024\/11\/Poster-25-novembre-violencia-de-genere-jpg-724x1024.jpg\" alt=\"\" width=\"724\" height=\"1024\" srcset=\"https:\/\/agora.xtec.cat\/ies-santa-eulalia\/wp-content\/uploads\/usu1612\/2024\/11\/Poster-25-novembre-violencia-de-genere-jpg-724x1024.jpg 724w, https:\/\/agora.xtec.cat\/ies-santa-eulalia\/wp-content\/uploads\/usu1612\/2024\/11\/Poster-25-novembre-violencia-de-genere-jpg-212x300.jpg 212w, https:\/\/agora.xtec.cat\/ies-santa-eulalia\/wp-content\/uploads\/usu1612\/2024\/11\/Poster-25-novembre-violencia-de-genere-jpg-768x1086.jpg 768w, https:\/\/agora.xtec.cat\/ies-santa-eulalia\/wp-content\/uploads\/usu1612\/2024\/11\/Poster-25-novembre-violencia-de-genere-jpg-1086x1536.jpg 1086w, https:\/\/agora.xtec.cat\/ies-santa-eulalia\/wp-content\/uploads\/usu1612\/2024\/11\/Poster-25-novembre-violencia-de-genere-jpg-1448x2048.jpg 1448w, https:\/\/agora.xtec.cat\/ies-santa-eulalia\/wp-content\/uploads\/usu1612\/2024\/11\/Poster-25-novembre-violencia-de-genere-jpg-scaled.jpg 1810w\" sizes=\"auto, (max-width: 724px) 100vw, 724px\" \/><\/a><iframe loading=\"lazy\" src=\"https:\/\/drive.google.com\/file\/d\/1iMBB5golVdBAtURRKQAM_fX5ljg_VFdX\/preview\" width=\"640\" height=\"480\"><\/iframe><iframe loading=\"lazy\" src=\"https:\/\/drive.google.com\/file\/d\/1dShr4SifGzFZraK8J-4XPs0PllS5AUTm\/preview\" width=\"640\" height=\"480\"><\/iframe><iframe loading=\"lazy\" src=\"https:\/\/drive.google.com\/file\/d\/1uC_7MXqukyB2RJBJKOP27uxLkKBG0s29\/preview\" width=\"640\" height=\"480\"><\/iframe><iframe loading=\"lazy\" src=\"https:\/\/drive.google.com\/file\/d\/1JaN6pG5-xM2986Srlfs3dgGCd59M_gM0\/preview\" width=\"640\" height=\"480\"><\/iframe><\/p>\n","protected":false},"excerpt":{"rendered":"<p>Des de la comissi\u00f3 de coeducaci\u00f3 hem proposat una s\u00e8rie d&#8217;activitats per\u00a0 treballar el 25N: An\u00e0lisi i interpretaci\u00f3 a trav\u00e9s d&#8217;il\u00b7lustracions de la Puerta violeta de Rozal\u00e9n.<br \/>\nP\u00f2sters explicatius sobre qu\u00e8 \u00e9s la viol\u00e8ncia de g\u00e8nere? caracter\u00edstiques, exemples, tel\u00e8fons on trucar si ets v\u00edctima o testimoni.<br \/>\nI&hellip;  <a href=\"https:\/\/agora.xtec.cat\/ies-santa-eulalia\/general\/activitats-25n\/\" title=\"Read Activitats 25N\">Llegeix m\u00e9s\u00bb<\/a><\/p>\n","protected":false},"author":117,"featured_media":12047,"comment_status":"open","ping_status":"closed","sticky":false,"template":"","format":"standard","meta":{"_bbp_topic_count":0,"_bbp_reply_count":0,"_bbp_total_topic_count":0,"_bbp_total_reply_count":0,"_bbp_voice_count":0,"_bbp_anonymous_reply_count":0,"_bbp_topic_count_hidden":0,"_bbp_reply_count_hidden":0,"_bbp_forum_subforum_count":0,"footnotes":""},"categories":[8,3,1,29],"tags":[],"class_list":["post-12045","post","type-post","status-publish","format-standard","has-post-thumbnail","hentry","category-batxillerat","category-eso","category-general","category-portada"],"post_mailing_queue_ids":[],"_links":{"self":[{"href":"https:\/\/agora.xtec.cat\/ies-santa-eulalia\/wp-json\/wp\/v2\/posts\/12045","targetHints":{"allow":["GET"]}}],"collection":[{"href":"https:\/\/agora.xtec.cat\/ies-santa-eulalia\/wp-json\/wp\/v2\/posts"}],"about":[{"href":"https:\/\/agora.xtec.cat\/ies-santa-eulalia\/wp-json\/wp\/v2\/types\/post"}],"author":[{"embeddable":true,"href":"https:\/\/agora.xtec.cat\/ies-santa-eulalia\/wp-json\/wp\/v2\/users\/117"}],"replies":[{"embeddable":true,"href":"https:\/\/agora.xtec.cat\/ies-santa-eulalia\/wp-json\/wp\/v2\/comments?post=12045"}],"version-history":[{"count":1,"href":"https:\/\/agora.xtec.cat\/ies-santa-eulalia\/wp-json\/wp\/v2\/posts\/12045\/revisions"}],"predecessor-version":[{"id":12048,"href":"https:\/\/agora.xtec.cat\/ies-santa-eulalia\/wp-json\/wp\/v2\/posts\/12045\/revisions\/12048"}],"wp:featuredmedia":[{"embeddable":true,"href":"https:\/\/agora.xtec.cat\/ies-santa-eulalia\/wp-json\/wp\/v2\/media\/12047"}],"wp:attachment":[{"href":"https:\/\/agora.xtec.cat\/ies-santa-eulalia\/wp-json\/wp\/v2\/media?parent=12045"}],"wp:term":[{"taxonomy":"category","embeddable":true,"href":"https:\/\/agora.xtec.cat\/ies-santa-eulalia\/wp-json\/wp\/v2\/categories?post=12045"},{"taxonomy":"post_tag","embeddable":true,"href":"https:\/\/agora.xtec.cat\/ies-santa-eulalia\/wp-json\/wp\/v2\/tags?post=12045"}],"curies":[{"name":"wp","href":"https:\/\/api.w.org\/{rel}","templated":true}]}}