{"id":12030,"date":"2024-11-19T19:36:30","date_gmt":"2024-11-19T18:36:30","guid":{"rendered":"https:\/\/agora.xtec.cat\/ies-santa-eulalia\/?p=12030"},"modified":"2024-11-19T19:40:46","modified_gmt":"2024-11-19T18:40:46","slug":"visitant-un-centre-de-recerca-anem-a-liibb-per-la-setmana-de-la-ciencia","status":"publish","type":"post","link":"https:\/\/agora.xtec.cat\/ies-santa-eulalia\/general\/visitant-un-centre-de-recerca-anem-a-liibb-per-la-setmana-de-la-ciencia\/","title":{"rendered":"Visitant un centre de recerca, anem a l\u2019IIBB per la Setmana de la Ci\u00e8ncia SCISE24"},"content":{"rendered":"<p>Dins de les activitats de la <a href=\"https:\/\/agora.xtec.cat\/ies-santa-eulalia\/general\/8a-setmana-de-la-ciencia-al-copem\/\"><em>Setmana de la Ci\u00e8ncia 202<\/em><em>4<\/em> <\/a>(#<a href=\"https:\/\/twitter.com\/hashtag\/SCISE24?src=hash\" target=\"_blank\" rel=\"noopener noreferrer\">SCISE24<\/a>) hem fet una sortida per fer un tastet de com es treballa en un centre de recerca. En concret a l\u2019<em><a href=\"https:\/\/www.iibb.csic.es\/ca\" target=\"_blank\" rel=\"noopener noreferrer\">Institut d\u2019Investigacions Biom\u00e8diques de Barcelona<\/a><\/em> (<strong>IIBB-CSIC<\/strong>).<\/p>\n<p><img loading=\"lazy\" decoding=\"async\" class=\"aligncenter wp-image-4681 size-large\" src=\"http:\/\/blocs.xtec.cat\/homeostasi\/files\/2024\/11\/WhatsApp-Image-2024-11-19-at-18.10.206-1024x577.jpeg\" alt=\"\" width=\"660\" height=\"372\" \/><\/p>\n<p>L\u2019alumnat de <strong>1r de batxillerat de Biologia i de Reptes actuals en Biologia i Geologia<\/strong> ha assistit a<span class=\"css-901oao css-16my406 r-poiln3 r-bcqeeo r-qvutc0\"> la xerrada <strong><em>Desenvolupament d\u2019una ter\u00e0pia cel\u00b7lular, del laboratori a l\u2019hospital<\/em> <\/strong>a c\u00e0rrec de la doctora Anna Serrano. La confer\u00e8ncia ens ha menat a una passejada biom\u00e8dica pel proc\u00e9s per a desenvolupar una nova ter\u00e0pia cel\u00b7lular per tractar la fibrosi pulmonar idiop\u00e0tica, una malaltia per a la qual no es disposava de cap ter\u00e0pia. Hem vist les passes seguides, a partir de la idea original, els primers treballs experimentals&#8230; fins a arribar a les primeres proves en pacients.<br \/>\n<\/span><\/p>\n<p><img loading=\"lazy\" decoding=\"async\" class=\"aligncenter wp-image-4682 size-large\" src=\"http:\/\/blocs.xtec.cat\/homeostasi\/files\/2024\/11\/WhatsApp-Image-2024-11-19-at-18.10.193-1024x1024.jpeg\" alt=\"\" width=\"660\" height=\"660\" \/><\/p>\n<p>D&#8217;altra banda, l&#8217;alumnat de <strong>2n de batxillerat de Biologia<\/strong> ha aprofitat per <strong>veure algunes instal\u00b7lacions i laboratoris<\/strong> de l\u2019Institut, de la m\u00e0 dels mateixos investigadors del centre. Hem conegut de primera m\u00e0 la seua traject\u00f2ria, acad\u00e8mica i personal,\u00a0 i algunes de les l\u00ednies d\u2019investigaci\u00f3 i t\u00e8cniques que s\u2019hi fan servir habitualment: cultius cel\u00b7lulars, microsc\u00f2pia \u00f2ptica o de fluoresc\u00e8ncia o treballs amb models<em> in vivo<\/em> i <em>in vitro<\/em>.<\/p>\n<p><img loading=\"lazy\" decoding=\"async\" class=\"alignleft wp-image-4683 size-medium\" src=\"http:\/\/blocs.xtec.cat\/homeostasi\/files\/2024\/11\/WhatsApp-Image-2024-11-19-at-18.10.202-300x300.jpeg\" alt=\"\" width=\"300\" height=\"300\" \/><\/p>\n<p><img loading=\"lazy\" decoding=\"async\" class=\"alignright wp-image-4684 size-medium\" src=\"http:\/\/blocs.xtec.cat\/homeostasi\/files\/2024\/11\/WhatsApp-Image-2024-11-19-at-18.10.192-300x300.jpeg\" alt=\"\" width=\"300\" height=\"300\" \/><\/p>\n<p>Tot seguit, dues de les joves investigadores, l&#8217;\u00c8lia Ivars i na Margalida Puigr\u00f2s, ens han ofert una completa xerrada <strong><em>Viatge al centre de la c\u00e8l\u00b7lula: descobrint l&#8217;ADN mitocondrial,<\/em><\/strong> on hem fet un fascinant viatge al cor de les nostres c\u00e8l\u00b7lules per descobrir l&#8217;ADN mitocondrial. Una pe\u00e7a clau que es transmet exclusivament de mares a fills i que ha jugat un paper fonamental en la nostra evoluci\u00f3, a m\u00e9s de tindre un important paper tant en aplicacions arqueol\u00f2giques com en el desenvolupament de diverses malalties poc estudiades encara i qu\u00e8 estan revolucionant la medicina moderna. Per tancar, ens hem plantejat les implicacions \u00e8tiques d&#8217;algunes aplicacions del treball amb aquest ADN i assistit a la <em>premi\u00e8re<\/em> d&#8217;un divertit mon\u00f2leg de ci\u00e8ncia.<\/p>\n<div dir=\"auto\" lang=\"ca\" data-testid=\"tweetText\">\u00a0<img loading=\"lazy\" decoding=\"async\" class=\"aligncenter wp-image-4685 size-large\" src=\"http:\/\/blocs.xtec.cat\/homeostasi\/files\/2024\/11\/WhatsApp-Image-2024-11-19-at-18.10.203-1024x1024.jpeg\" alt=\"\" width=\"660\" height=\"660\" \/><\/div>\n<div dir=\"auto\" lang=\"ca\" data-testid=\"tweetText\"><span class=\"css-901oao css-16my406 r-poiln3 r-bcqeeo r-qvutc0\">\u00a0<\/span><\/div>\n","protected":false},"excerpt":{"rendered":"<p>Dins de les activitats de la <a href=\"https:\/\/agora.xtec.cat\/ies-santa-eulalia\/general\/8a-setmana-de-la-ciencia-al-copem\/\">Setmana de la Ci\u00e8ncia 2024 <\/a>(#<a href=\"https:\/\/twitter.com\/hashtag\/SCISE24?src=hash\" target=\"_blank\" rel=\"noopener noreferrer\">SCISE24<\/a>) hem fet una sortida per fer un tastet de com es treballa en un centre de recerca. En concret a l\u2019<a href=\"https:\/\/www.iibb.csic.es\/ca\" target=\"_blank\" rel=\"noopener noreferrer\">Institut d\u2019Investigacions Biom\u00e8diques de&hellip;  <a href=\"https:\/\/agora.xtec.cat\/ies-santa-eulalia\/general\/visitant-un-centre-de-recerca-anem-a-liibb-per-la-setmana-de-la-ciencia\/\" title=\"Read Visitant un centre de recerca, anem a l\u2019IIBB per la Setmana de la Ci\u00e8ncia SCISE24\">Llegeix m\u00e9s\u00bb<\/a><\/p>\n","protected":false},"author":35,"featured_media":12031,"comment_status":"open","ping_status":"closed","sticky":false,"template":"","format":"standard","meta":{"_bbp_topic_count":0,"_bbp_reply_count":0,"_bbp_total_topic_count":0,"_bbp_total_reply_count":0,"_bbp_voice_count":0,"_bbp_anonymous_reply_count":0,"_bbp_topic_count_hidden":0,"_bbp_reply_count_hidden":0,"_bbp_forum_subforum_count":0,"footnotes":""},"categories":[184,174,144,8,1,29,552,299],"tags":[329,132,545,133,553,125,141,127,126,205,547,265,505,258,509,508,554,168,39,44],"class_list":["post-12030","post","type-post","status-publish","format-standard","has-post-thumbnail","hentry","category-1r-batxillerat","category-2n-batxillerat","category-novetats-ciencies-naturals","category-batxillerat","category-general","category-portada","category-setmana-de-la-ciencia","category-steam","tag-scise","tag-1r-bat","tag-2024-2025","tag-2n-bat","tag-batxcopem","tag-batxillerat","tag-biobat","tag-biologia","tag-ciencies","tag-ins-santa-eulalia","tag-ise2425","tag-iseamuntiavall","tag-pasturant","tag-que-ha-passat","tag-reptesbig","tag-reptesbigcopem2324","tag-scise24","tag-setmana-de-la-ciencia","tag-sortides","tag-xerrades"],"post_mailing_queue_ids":[],"_links":{"self":[{"href":"https:\/\/agora.xtec.cat\/ies-santa-eulalia\/wp-json\/wp\/v2\/posts\/12030","targetHints":{"allow":["GET"]}}],"collection":[{"href":"https:\/\/agora.xtec.cat\/ies-santa-eulalia\/wp-json\/wp\/v2\/posts"}],"about":[{"href":"https:\/\/agora.xtec.cat\/ies-santa-eulalia\/wp-json\/wp\/v2\/types\/post"}],"author":[{"embeddable":true,"href":"https:\/\/agora.xtec.cat\/ies-santa-eulalia\/wp-json\/wp\/v2\/users\/35"}],"replies":[{"embeddable":true,"href":"https:\/\/agora.xtec.cat\/ies-santa-eulalia\/wp-json\/wp\/v2\/comments?post=12030"}],"version-history":[{"count":5,"href":"https:\/\/agora.xtec.cat\/ies-santa-eulalia\/wp-json\/wp\/v2\/posts\/12030\/revisions"}],"predecessor-version":[{"id":13206,"href":"https:\/\/agora.xtec.cat\/ies-santa-eulalia\/wp-json\/wp\/v2\/posts\/12030\/revisions\/13206"}],"wp:featuredmedia":[{"embeddable":true,"href":"https:\/\/agora.xtec.cat\/ies-santa-eulalia\/wp-json\/wp\/v2\/media\/12031"}],"wp:attachment":[{"href":"https:\/\/agora.xtec.cat\/ies-santa-eulalia\/wp-json\/wp\/v2\/media?parent=12030"}],"wp:term":[{"taxonomy":"category","embeddable":true,"href":"https:\/\/agora.xtec.cat\/ies-santa-eulalia\/wp-json\/wp\/v2\/categories?post=12030"},{"taxonomy":"post_tag","embeddable":true,"href":"https:\/\/agora.xtec.cat\/ies-santa-eulalia\/wp-json\/wp\/v2\/tags?post=12030"}],"curies":[{"name":"wp","href":"https:\/\/api.w.org\/{rel}","templated":true}]}}