{"id":11930,"date":"2024-11-05T20:15:13","date_gmt":"2024-11-05T19:15:13","guid":{"rendered":"https:\/\/agora.xtec.cat\/ies-santa-eulalia\/?p=11930"},"modified":"2024-11-05T20:15:13","modified_gmt":"2024-11-05T19:15:13","slug":"suport-afectats-dana","status":"publish","type":"post","link":"https:\/\/agora.xtec.cat\/ies-santa-eulalia\/general\/suport-afectats-dana\/","title":{"rendered":"Suport afectats DANA"},"content":{"rendered":"<p>Crema el que hem vist aquests dies a l&#8217;Horta, la Plana d&#8217;Utiel o la Ribera amb els catastr\u00f2fics efectes de la DANA i la seua gesti\u00f3. I encara crema m\u00e9s el que pot vindre. \u00c9s per aix\u00f2 que, des de l\u2019institut Santa Eul\u00e0lia <strong>volem donar suport a les persones que s\u2019han vist afectades per la DANA<\/strong> al Pa\u00eds Valenci\u00e0.<\/p>\n<p><a href=\"https:\/\/agora.xtec.cat\/ies-santa-eulalia\/wp-content\/uploads\/usu1612\/2024\/11\/Recollida_DANA_COPEM1.jpg\"><img loading=\"lazy\" decoding=\"async\" class=\"aligncenter wp-image-11931\" src=\"https:\/\/agora.xtec.cat\/ies-santa-eulalia\/wp-content\/uploads\/usu1612\/2024\/11\/Recollida_DANA_COPEM1-724x1024.jpg\" alt=\"\" width=\"500\" height=\"707\" srcset=\"https:\/\/agora.xtec.cat\/ies-santa-eulalia\/wp-content\/uploads\/usu1612\/2024\/11\/Recollida_DANA_COPEM1-724x1024.jpg 724w, https:\/\/agora.xtec.cat\/ies-santa-eulalia\/wp-content\/uploads\/usu1612\/2024\/11\/Recollida_DANA_COPEM1-212x300.jpg 212w, https:\/\/agora.xtec.cat\/ies-santa-eulalia\/wp-content\/uploads\/usu1612\/2024\/11\/Recollida_DANA_COPEM1-768x1086.jpg 768w, https:\/\/agora.xtec.cat\/ies-santa-eulalia\/wp-content\/uploads\/usu1612\/2024\/11\/Recollida_DANA_COPEM1-1086x1536.jpg 1086w, https:\/\/agora.xtec.cat\/ies-santa-eulalia\/wp-content\/uploads\/usu1612\/2024\/11\/Recollida_DANA_COPEM1.jpg 1414w\" sizes=\"auto, (max-width: 500px) 100vw, 500px\" \/><\/a><\/p>\n<p>En aquests moments dif\u00edcils, volem ser una ajuda per als qui ho necessiten, i per aix\u00f2 <strong>us demanem la vostra col\u00b7laboraci\u00f3<\/strong>. Ara per ara, i encara la setmana vinent, suposem que all\u00f2 prioritari seran els subministraments b\u00e0sics.<\/p>\n<p>Per aix\u00f2, hem decidit comen\u00e7ar una <strong>recollida d\u2019eines, aliments i subministraments b\u00e0sics<\/strong> per fer-los arribar a la zona i ajudar a que puguen intentar recuperar la seva vida com m\u00e9s aviat millor.<\/p>\n<p style=\"text-align: center\"><strong>Habilitarem el punt de recollida a la sala de visites del COPEM al llarg d&#8217;aquesta setmana de 9h fins a les 19h.<\/strong><\/p>\n<p><a href=\"https:\/\/agora.xtec.cat\/ies-santa-eulalia\/wp-content\/uploads\/usu1612\/2024\/11\/Recollida_DANA_COPEM2.jpg\"><img loading=\"lazy\" decoding=\"async\" class=\"aligncenter wp-image-11932\" src=\"https:\/\/agora.xtec.cat\/ies-santa-eulalia\/wp-content\/uploads\/usu1612\/2024\/11\/Recollida_DANA_COPEM2-724x1024.jpg\" alt=\"\" width=\"500\" height=\"707\" srcset=\"https:\/\/agora.xtec.cat\/ies-santa-eulalia\/wp-content\/uploads\/usu1612\/2024\/11\/Recollida_DANA_COPEM2-724x1024.jpg 724w, https:\/\/agora.xtec.cat\/ies-santa-eulalia\/wp-content\/uploads\/usu1612\/2024\/11\/Recollida_DANA_COPEM2-212x300.jpg 212w, https:\/\/agora.xtec.cat\/ies-santa-eulalia\/wp-content\/uploads\/usu1612\/2024\/11\/Recollida_DANA_COPEM2-768x1086.jpg 768w, https:\/\/agora.xtec.cat\/ies-santa-eulalia\/wp-content\/uploads\/usu1612\/2024\/11\/Recollida_DANA_COPEM2-1086x1536.jpg 1086w, https:\/\/agora.xtec.cat\/ies-santa-eulalia\/wp-content\/uploads\/usu1612\/2024\/11\/Recollida_DANA_COPEM2.jpg 1414w\" sizes=\"auto, (max-width: 500px) 100vw, 500px\" \/><\/a><\/p>\n","protected":false},"excerpt":{"rendered":"<p>Crema el que hem vist aquests dies a l&#8217;Horta, la Plana d&#8217;Utiel o la Ribera amb els catastr\u00f2fics efectes de la DANA i la seua gesti\u00f3. I encara crema m\u00e9s el que pot vindre. \u00c9s per aix\u00f2 que, des de l\u2019institut Santa Eul\u00e0lia volem donar&hellip;  <a href=\"https:\/\/agora.xtec.cat\/ies-santa-eulalia\/general\/suport-afectats-dana\/\" title=\"Read Suport afectats DANA\">Llegeix m\u00e9s\u00bb<\/a><\/p>\n","protected":false},"author":35,"featured_media":11931,"comment_status":"open","ping_status":"closed","sticky":false,"template":"","format":"standard","meta":{"_bbp_topic_count":0,"_bbp_reply_count":0,"_bbp_total_topic_count":0,"_bbp_total_reply_count":0,"_bbp_voice_count":0,"_bbp_anonymous_reply_count":0,"_bbp_topic_count_hidden":0,"_bbp_reply_count_hidden":0,"_bbp_forum_subforum_count":0,"footnotes":""},"categories":[1,29],"tags":[246,545,202,548,546,205,212,547,218],"class_list":["post-11930","post","type-post","status-publish","format-standard","has-post-thumbnail","hentry","category-general","category-portada","tag-solidaritat","tag-2024-2025","tag-calaix-mals-endrecos","tag-copemsolidari","tag-dana","tag-ins-santa-eulalia","tag-ise","tag-ise2425","tag-santa-eulalia"],"post_mailing_queue_ids":[],"_links":{"self":[{"href":"https:\/\/agora.xtec.cat\/ies-santa-eulalia\/wp-json\/wp\/v2\/posts\/11930","targetHints":{"allow":["GET"]}}],"collection":[{"href":"https:\/\/agora.xtec.cat\/ies-santa-eulalia\/wp-json\/wp\/v2\/posts"}],"about":[{"href":"https:\/\/agora.xtec.cat\/ies-santa-eulalia\/wp-json\/wp\/v2\/types\/post"}],"author":[{"embeddable":true,"href":"https:\/\/agora.xtec.cat\/ies-santa-eulalia\/wp-json\/wp\/v2\/users\/35"}],"replies":[{"embeddable":true,"href":"https:\/\/agora.xtec.cat\/ies-santa-eulalia\/wp-json\/wp\/v2\/comments?post=11930"}],"version-history":[{"count":2,"href":"https:\/\/agora.xtec.cat\/ies-santa-eulalia\/wp-json\/wp\/v2\/posts\/11930\/revisions"}],"predecessor-version":[{"id":11978,"href":"https:\/\/agora.xtec.cat\/ies-santa-eulalia\/wp-json\/wp\/v2\/posts\/11930\/revisions\/11978"}],"wp:featuredmedia":[{"embeddable":true,"href":"https:\/\/agora.xtec.cat\/ies-santa-eulalia\/wp-json\/wp\/v2\/media\/11931"}],"wp:attachment":[{"href":"https:\/\/agora.xtec.cat\/ies-santa-eulalia\/wp-json\/wp\/v2\/media?parent=11930"}],"wp:term":[{"taxonomy":"category","embeddable":true,"href":"https:\/\/agora.xtec.cat\/ies-santa-eulalia\/wp-json\/wp\/v2\/categories?post=11930"},{"taxonomy":"post_tag","embeddable":true,"href":"https:\/\/agora.xtec.cat\/ies-santa-eulalia\/wp-json\/wp\/v2\/tags?post=11930"}],"curies":[{"name":"wp","href":"https:\/\/api.w.org\/{rel}","templated":true}]}}