{"id":11927,"date":"2024-10-30T17:16:11","date_gmt":"2024-10-30T16:16:11","guid":{"rendered":"https:\/\/agora.xtec.cat\/ies-santa-eulalia\/?p=11927"},"modified":"2024-10-30T17:18:13","modified_gmt":"2024-10-30T16:18:13","slug":"un-halloween-terrorific-amb-1r-i-2n-deso","status":"publish","type":"post","link":"https:\/\/agora.xtec.cat\/ies-santa-eulalia\/general\/un-halloween-terrorific-amb-1r-i-2n-deso\/","title":{"rendered":"Un Halloween terror\u00edfic amb 1r i 2n d&#8217;ESO"},"content":{"rendered":"<p>El nostre alumnat des de la mat\u00e8ria de Lengua y literatura castellana han treballat els personatges m\u00e9s ic\u00f2nics de terror: It, Jigsaw, la n\u00favia cad\u00e0ver, Jason i hist\u00f2ries de misteri i terror com <iframe loading=\"lazy\" src=\"https:\/\/drive.google.com\/file\/d\/1sZ1MuQk_3AHWPX1depMiWpxvKQ9apOUs\/preview\" width=\"640\" height=\"480\"><\/iframe><iframe loading=\"lazy\" src=\"https:\/\/drive.google.com\/file\/d\/1NMdsAE51AgUHIY5OlBIYCnW7E4l3AfO4\/preview\" width=\"640\" height=\"480\"><\/iframe><iframe loading=\"lazy\" src=\"https:\/\/drive.google.com\/file\/d\/1oLm1853Mm9oI_GCIaF_CgDZpoO_faXzP\/preview\" width=\"640\" height=\"480\"><\/iframe><iframe loading=\"lazy\" src=\"https:\/\/drive.google.com\/file\/d\/1rZ3WxObKtcrZwec0afkkZuJCbNdb5dXj\/preview\" width=\"640\" height=\"480\"><\/iframe><iframe loading=\"lazy\" src=\"https:\/\/drive.google.com\/file\/d\/1OUp7MVvVfyOyyAHP0MI6u4gdt5Xi3JO3\/preview\" width=\"640\" height=\"480\"><\/iframe><iframe loading=\"lazy\" src=\"https:\/\/drive.google.com\/file\/d\/15QkBAtkt-za7GMmUiM2qSiAXf3PKPcn4\/preview\" width=\"640\" height=\"480\"><\/iframe><iframe loading=\"lazy\" src=\"https:\/\/drive.google.com\/file\/d\/18zPa-xq-c-4LkoUB70KsOiAfDaq2t4Vj\/preview\" width=\"640\" height=\"480\"><\/iframe><iframe loading=\"lazy\" src=\"https:\/\/drive.google.com\/file\/d\/1puXAdAmMQqzCJ7r1964Zi32tmGcgPFVz\/preview\" width=\"640\" height=\"480\"><\/iframe><iframe loading=\"lazy\" src=\"https:\/\/drive.google.com\/file\/d\/1-Tf_Zh6yh-USjfxnG9ekDPU7b4nWKJBG\/preview\" width=\"640\" height=\"480\"><\/iframe><a href=\"https:\/\/agora.xtec.cat\/ies-santa-eulalia\/wp-content\/uploads\/usu1612\/2024\/10\/IMG_6375.jpg\"><img loading=\"lazy\" decoding=\"async\" class=\"alignnone size-full wp-image-11928\" src=\"https:\/\/agora.xtec.cat\/ies-santa-eulalia\/wp-content\/uploads\/usu1612\/2024\/10\/IMG_6375.jpg\" alt=\"\" width=\"710\" height=\"946\" srcset=\"https:\/\/agora.xtec.cat\/ies-santa-eulalia\/wp-content\/uploads\/usu1612\/2024\/10\/IMG_6375.jpg 710w, https:\/\/agora.xtec.cat\/ies-santa-eulalia\/wp-content\/uploads\/usu1612\/2024\/10\/IMG_6375-225x300.jpg 225w\" sizes=\"auto, (max-width: 710px) 100vw, 710px\" \/><\/a>, de Neil Gaiman.<\/p>\n<p>Primerament han visionat uns v\u00eddeos sobre aquests personatges; a continuaci\u00f3 han respost unes preguntes. Un cop han tingut les respostes han elaborat narracions amb inici, nus i desenlla\u00e7.<\/p>\n<p>Tamb\u00e9 han treballat la part creativa i pl\u00e0stica recreant les hist\u00f2ries amb unes maquetes i contes il\u00b7lustrats. I tot aix\u00f2 ho han fet en parelles o grups de tres, de manera que han treballat de manera cooperativa participant tots en tots els processos de l&#8217;activitat.<\/p>\n<p>Esperem que us agradi tant com a nosaltres. Aqu\u00ed us deixem un petit tast.<\/p>\n<p>I us desitgem que gaudiu molt d&#8217;aquest Halloween!!!<\/p>\n","protected":false},"excerpt":{"rendered":"<p>El nostre alumnat des de la mat\u00e8ria de Lengua y literatura castellana han treballat els personatges m\u00e9s ic\u00f2nics de terror: It, Jigsaw, la n\u00favia cad\u00e0ver, Jason i hist\u00f2ries de misteri i terror com <a href=\"https:\/\/agora.xtec.cat\/ies-santa-eulalia\/wp-content\/uploads\/usu1612\/2024\/10\/IMG_6375.jpg\"><\/a>, de Neil Gaiman.<br \/>\nPrimerament han visionat uns v\u00eddeos sobre aquests personatges;&hellip;  <a href=\"https:\/\/agora.xtec.cat\/ies-santa-eulalia\/general\/un-halloween-terrorific-amb-1r-i-2n-deso\/\" title=\"Read Un Halloween terror\u00edfic amb 1r i 2n d&#8217;ESO\">Llegeix m\u00e9s\u00bb<\/a><\/p>\n","protected":false},"author":117,"featured_media":11928,"comment_status":"open","ping_status":"closed","sticky":false,"template":"","format":"standard","meta":{"_bbp_topic_count":0,"_bbp_reply_count":0,"_bbp_total_topic_count":0,"_bbp_total_reply_count":0,"_bbp_voice_count":0,"_bbp_anonymous_reply_count":0,"_bbp_topic_count_hidden":0,"_bbp_reply_count_hidden":0,"_bbp_forum_subforum_count":0,"footnotes":""},"categories":[214,1,29],"tags":[],"class_list":["post-11927","post","type-post","status-publish","format-standard","has-post-thumbnail","hentry","category-activitats-castella","category-general","category-portada"],"post_mailing_queue_ids":[],"_links":{"self":[{"href":"https:\/\/agora.xtec.cat\/ies-santa-eulalia\/wp-json\/wp\/v2\/posts\/11927","targetHints":{"allow":["GET"]}}],"collection":[{"href":"https:\/\/agora.xtec.cat\/ies-santa-eulalia\/wp-json\/wp\/v2\/posts"}],"about":[{"href":"https:\/\/agora.xtec.cat\/ies-santa-eulalia\/wp-json\/wp\/v2\/types\/post"}],"author":[{"embeddable":true,"href":"https:\/\/agora.xtec.cat\/ies-santa-eulalia\/wp-json\/wp\/v2\/users\/117"}],"replies":[{"embeddable":true,"href":"https:\/\/agora.xtec.cat\/ies-santa-eulalia\/wp-json\/wp\/v2\/comments?post=11927"}],"version-history":[{"count":1,"href":"https:\/\/agora.xtec.cat\/ies-santa-eulalia\/wp-json\/wp\/v2\/posts\/11927\/revisions"}],"predecessor-version":[{"id":11929,"href":"https:\/\/agora.xtec.cat\/ies-santa-eulalia\/wp-json\/wp\/v2\/posts\/11927\/revisions\/11929"}],"wp:featuredmedia":[{"embeddable":true,"href":"https:\/\/agora.xtec.cat\/ies-santa-eulalia\/wp-json\/wp\/v2\/media\/11928"}],"wp:attachment":[{"href":"https:\/\/agora.xtec.cat\/ies-santa-eulalia\/wp-json\/wp\/v2\/media?parent=11927"}],"wp:term":[{"taxonomy":"category","embeddable":true,"href":"https:\/\/agora.xtec.cat\/ies-santa-eulalia\/wp-json\/wp\/v2\/categories?post=11927"},{"taxonomy":"post_tag","embeddable":true,"href":"https:\/\/agora.xtec.cat\/ies-santa-eulalia\/wp-json\/wp\/v2\/tags?post=11927"}],"curies":[{"name":"wp","href":"https:\/\/api.w.org\/{rel}","templated":true}]}}