{"id":11912,"date":"2024-10-27T21:46:43","date_gmt":"2024-10-27T20:46:43","guid":{"rendered":"https:\/\/agora.xtec.cat\/ies-santa-eulalia\/?p=11912"},"modified":"2024-10-27T21:46:49","modified_gmt":"2024-10-27T20:46:49","slug":"8e-concurs-de-fotografia-cientifica-setmana-de-la-ciencia","status":"publish","type":"post","link":"https:\/\/agora.xtec.cat\/ies-santa-eulalia\/general\/8e-concurs-de-fotografia-cientifica-setmana-de-la-ciencia\/","title":{"rendered":"8\u00e8 Concurs de Fotografia Cient\u00edfica (Setmana de la Ci\u00e8ncia)"},"content":{"rendered":"<p>En motiu de la <strong>8a Setmana de la Ci\u00e8ncia del Copem<\/strong> que celebrarem del 8 al 17 de novembre, estem preparant una s\u00e8rie d&#8217;activitats i concursos per a l&#8217;alumnat del Santa Eul\u00e0lia. Us passem la informaci\u00f3 del <em><strong>8\u00e8 Concurs de Fotografia Cient\u00edfica<\/strong><\/em>, podeu enviar dues fotografies originals fins el 17 de novembre, animeu-vos a participar!<\/p>\n<p><strong>8\u00e8 CONCURS DE FOTOGRAF<\/strong><strong>IA CIENT\u00cdFICA: <a href=\"https:\/\/agora.xtec.cat\/ies-santa-eulalia\/wp-content\/uploads\/usu1612\/2024\/10\/Bases-concurs-fotografia-S-Ciencia-2024.docx\">Bases concurs fotografia Setmana Ci\u00e8ncia 2024<\/a><\/strong><\/p>\n<p><a href=\"https:\/\/agora.xtec.cat\/ies-santa-eulalia\/wp-content\/uploads\/usu1612\/2024\/10\/Cartell-2024-FOTO1.jpg\"><img loading=\"lazy\" decoding=\"async\" class=\"alignnone size-large wp-image-11913\" src=\"https:\/\/agora.xtec.cat\/ies-santa-eulalia\/wp-content\/uploads\/usu1612\/2024\/10\/Cartell-2024-FOTO1-1024x724.jpg\" alt=\"\" width=\"1024\" height=\"724\" srcset=\"https:\/\/agora.xtec.cat\/ies-santa-eulalia\/wp-content\/uploads\/usu1612\/2024\/10\/Cartell-2024-FOTO1-1024x724.jpg 1024w, https:\/\/agora.xtec.cat\/ies-santa-eulalia\/wp-content\/uploads\/usu1612\/2024\/10\/Cartell-2024-FOTO1-300x212.jpg 300w, https:\/\/agora.xtec.cat\/ies-santa-eulalia\/wp-content\/uploads\/usu1612\/2024\/10\/Cartell-2024-FOTO1-768x543.jpg 768w, https:\/\/agora.xtec.cat\/ies-santa-eulalia\/wp-content\/uploads\/usu1612\/2024\/10\/Cartell-2024-FOTO1-1536x1086.jpg 1536w, https:\/\/agora.xtec.cat\/ies-santa-eulalia\/wp-content\/uploads\/usu1612\/2024\/10\/Cartell-2024-FOTO1.jpg 1754w\" sizes=\"auto, (max-width: 1024px) 100vw, 1024px\" \/><\/a><a href=\"https:\/\/agora.xtec.cat\/ies-santa-eulalia\/wp-content\/uploads\/usu1612\/2024\/10\/Cartell-2024-FOTO2.jpg\"><img loading=\"lazy\" decoding=\"async\" class=\"alignnone size-large wp-image-11914\" src=\"https:\/\/agora.xtec.cat\/ies-santa-eulalia\/wp-content\/uploads\/usu1612\/2024\/10\/Cartell-2024-FOTO2-1024x724.jpg\" alt=\"\" width=\"1024\" height=\"724\" srcset=\"https:\/\/agora.xtec.cat\/ies-santa-eulalia\/wp-content\/uploads\/usu1612\/2024\/10\/Cartell-2024-FOTO2-1024x724.jpg 1024w, https:\/\/agora.xtec.cat\/ies-santa-eulalia\/wp-content\/uploads\/usu1612\/2024\/10\/Cartell-2024-FOTO2-300x212.jpg 300w, https:\/\/agora.xtec.cat\/ies-santa-eulalia\/wp-content\/uploads\/usu1612\/2024\/10\/Cartell-2024-FOTO2-768x543.jpg 768w, https:\/\/agora.xtec.cat\/ies-santa-eulalia\/wp-content\/uploads\/usu1612\/2024\/10\/Cartell-2024-FOTO2-1536x1086.jpg 1536w, https:\/\/agora.xtec.cat\/ies-santa-eulalia\/wp-content\/uploads\/usu1612\/2024\/10\/Cartell-2024-FOTO2.jpg 1754w\" sizes=\"auto, (max-width: 1024px) 100vw, 1024px\" \/><\/a><\/p>\n<p><a href=\"https:\/\/agora.xtec.cat\/ies-santa-eulalia\/wp-content\/uploads\/usu1612\/2024\/10\/Cartell-2024-FOTO3.jpg\"><img loading=\"lazy\" decoding=\"async\" class=\"alignnone size-large wp-image-11915\" src=\"https:\/\/agora.xtec.cat\/ies-santa-eulalia\/wp-content\/uploads\/usu1612\/2024\/10\/Cartell-2024-FOTO3-1024x724.jpg\" alt=\"\" width=\"1024\" height=\"724\" srcset=\"https:\/\/agora.xtec.cat\/ies-santa-eulalia\/wp-content\/uploads\/usu1612\/2024\/10\/Cartell-2024-FOTO3-1024x724.jpg 1024w, https:\/\/agora.xtec.cat\/ies-santa-eulalia\/wp-content\/uploads\/usu1612\/2024\/10\/Cartell-2024-FOTO3-300x212.jpg 300w, https:\/\/agora.xtec.cat\/ies-santa-eulalia\/wp-content\/uploads\/usu1612\/2024\/10\/Cartell-2024-FOTO3-768x543.jpg 768w, https:\/\/agora.xtec.cat\/ies-santa-eulalia\/wp-content\/uploads\/usu1612\/2024\/10\/Cartell-2024-FOTO3-1536x1086.jpg 1536w, https:\/\/agora.xtec.cat\/ies-santa-eulalia\/wp-content\/uploads\/usu1612\/2024\/10\/Cartell-2024-FOTO3.jpg 1754w\" sizes=\"auto, (max-width: 1024px) 100vw, 1024px\" \/><\/a><\/p>\n<p>&nbsp;<\/p>\n","protected":false},"excerpt":{"rendered":"<p>En motiu de la 8a Setmana de la Ci\u00e8ncia del Copem que celebrarem del 8 al 17 de novembre, estem preparant una s\u00e8rie d&#8217;activitats i concursos per a l&#8217;alumnat del Santa Eul\u00e0lia. Us passem la informaci\u00f3 del 8\u00e8 Concurs de Fotografia Cient\u00edfica, podeu enviar dues&hellip;  <a href=\"https:\/\/agora.xtec.cat\/ies-santa-eulalia\/general\/8e-concurs-de-fotografia-cientifica-setmana-de-la-ciencia\/\" title=\"Read 8\u00e8 Concurs de Fotografia Cient\u00edfica (Setmana de la Ci\u00e8ncia)\">Llegeix m\u00e9s\u00bb<\/a><\/p>\n","protected":false},"author":48,"featured_media":11915,"comment_status":"open","ping_status":"closed","sticky":false,"template":"","format":"standard","meta":{"_bbp_topic_count":0,"_bbp_reply_count":0,"_bbp_total_topic_count":0,"_bbp_total_reply_count":0,"_bbp_voice_count":0,"_bbp_anonymous_reply_count":0,"_bbp_topic_count_hidden":0,"_bbp_reply_count_hidden":0,"_bbp_forum_subforum_count":0,"footnotes":""},"categories":[144,1,29],"tags":[203,126,167,205,168],"class_list":["post-11912","post","type-post","status-publish","format-standard","has-post-thumbnail","hentry","category-novetats-ciencies-naturals","category-general","category-portada","tag-ciencia-quotidiana","tag-ciencies","tag-concursos","tag-ins-santa-eulalia","tag-setmana-de-la-ciencia"],"post_mailing_queue_ids":[],"_links":{"self":[{"href":"https:\/\/agora.xtec.cat\/ies-santa-eulalia\/wp-json\/wp\/v2\/posts\/11912","targetHints":{"allow":["GET"]}}],"collection":[{"href":"https:\/\/agora.xtec.cat\/ies-santa-eulalia\/wp-json\/wp\/v2\/posts"}],"about":[{"href":"https:\/\/agora.xtec.cat\/ies-santa-eulalia\/wp-json\/wp\/v2\/types\/post"}],"author":[{"embeddable":true,"href":"https:\/\/agora.xtec.cat\/ies-santa-eulalia\/wp-json\/wp\/v2\/users\/48"}],"replies":[{"embeddable":true,"href":"https:\/\/agora.xtec.cat\/ies-santa-eulalia\/wp-json\/wp\/v2\/comments?post=11912"}],"version-history":[{"count":2,"href":"https:\/\/agora.xtec.cat\/ies-santa-eulalia\/wp-json\/wp\/v2\/posts\/11912\/revisions"}],"predecessor-version":[{"id":11918,"href":"https:\/\/agora.xtec.cat\/ies-santa-eulalia\/wp-json\/wp\/v2\/posts\/11912\/revisions\/11918"}],"wp:featuredmedia":[{"embeddable":true,"href":"https:\/\/agora.xtec.cat\/ies-santa-eulalia\/wp-json\/wp\/v2\/media\/11915"}],"wp:attachment":[{"href":"https:\/\/agora.xtec.cat\/ies-santa-eulalia\/wp-json\/wp\/v2\/media?parent=11912"}],"wp:term":[{"taxonomy":"category","embeddable":true,"href":"https:\/\/agora.xtec.cat\/ies-santa-eulalia\/wp-json\/wp\/v2\/categories?post=11912"},{"taxonomy":"post_tag","embeddable":true,"href":"https:\/\/agora.xtec.cat\/ies-santa-eulalia\/wp-json\/wp\/v2\/tags?post=11912"}],"curies":[{"name":"wp","href":"https:\/\/api.w.org\/{rel}","templated":true}]}}