{"id":11892,"date":"2024-10-20T19:35:41","date_gmt":"2024-10-20T17:35:41","guid":{"rendered":"https:\/\/agora.xtec.cat\/ies-santa-eulalia\/?p=11892"},"modified":"2024-10-21T17:19:17","modified_gmt":"2024-10-21T15:19:17","slug":"materials-destudi-i-tipologies-textuals-a-2n-batxillerat","status":"publish","type":"post","link":"https:\/\/agora.xtec.cat\/ies-santa-eulalia\/general\/materials-destudi-i-tipologies-textuals-a-2n-batxillerat\/","title":{"rendered":"MATERIALS D&#8217;ESTUDI I TIPOLOGIES TEXTUALS A 2n BATXILLERAT"},"content":{"rendered":"<p><a href=\"https:\/\/agora.xtec.cat\/ies-santa-eulalia\/wp-content\/uploads\/usu1612\/2024\/10\/marcapaginas-PN.heic\"><img decoding=\"async\" class=\"alignnone size-full wp-image-11905\" src=\"https:\/\/agora.xtec.cat\/ies-santa-eulalia\/wp-content\/uploads\/usu1612\/2024\/10\/marcapaginas-PN.heic\" alt=\"\" \/><\/a>Hem iniciat el curs a 2n de Batxillerat treballant el text expositiu. Primerament hem visionat un video explicatiu sobre qu\u00e8 \u00e9s un text expositiu, quina \u00e9s la seva finalitat, quines s\u00f3n les seves propietats i els seus mecanismes discursius.<\/p>\n<p>Un cop vist i analitzat el v\u00eddeo han elaborat els seus marcap\u00e0gines amb la informaci\u00f3. Finalment han posat a la pr\u00e0ctica els continguts apresos elaborant un text expositiu de 150 paraules.<\/p>\n<p>L&#8217;alumnat ha apr\u00e8s que el text expositiu \u00e9s una eina transversal que poden utilitzar a d&#8217;altres mat\u00e8ries on hagin de redactar textos explicatius o expositius.<iframe loading=\"lazy\" src=\"https:\/\/drive.google.com\/file\/d\/1_AbO-w6pebD6BpgghdpyBSIQ635iA84O\/preview\" width=\"640\" height=\"480\"><\/iframe><iframe loading=\"lazy\" src=\"https:\/\/drive.google.com\/file\/d\/17aFtZDzR6X6BjSBXU52qHbDshSpTqD39\/preview\" width=\"640\" height=\"480\"><\/iframe><iframe loading=\"lazy\" src=\"https:\/\/drive.google.com\/file\/d\/1Vf57be5czVKhZ_vN_Frq1vs0aKofvBiN\/preview\" width=\"640\" height=\"480\"><\/iframe><iframe loading=\"lazy\" src=\"https:\/\/drive.google.com\/file\/d\/1FR0seZ1rBiaO78fvHOIxtn7giVLzx7GI\/preview\" width=\"640\" height=\"480\"><\/iframe><iframe loading=\"lazy\" src=\"https:\/\/drive.google.com\/file\/d\/1kS7-_o7AjYxpW5b2VJfdbJtzh5ewlNMn\/preview\" width=\"640\" height=\"480\"><\/iframe><iframe loading=\"lazy\" src=\"https:\/\/drive.google.com\/file\/d\/1X0zNPyMpi9bUEqO-zNNOGB0q-fghLsjZ\/preview\" width=\"640\" height=\"480\"><\/iframe><iframe loading=\"lazy\" src=\"https:\/\/drive.google.com\/file\/d\/1ZCQIQXlOXVM7ZIsLsXR5C6grog6JlP4f\/preview\" width=\"640\" height=\"480\"><\/iframe><iframe loading=\"lazy\" src=\"https:\/\/drive.google.com\/file\/d\/1tXc2wRl2WYZ5suCHdYSsde_X03nvy1Cg\/preview\" width=\"640\" height=\"480\"><\/iframe><\/p>\n","protected":false},"excerpt":{"rendered":"<p><a href=\"https:\/\/agora.xtec.cat\/ies-santa-eulalia\/wp-content\/uploads\/usu1612\/2024\/10\/marcapaginas-PN.heic\"><\/a>Hem iniciat el curs a 2n de Batxillerat treballant el text expositiu. Primerament hem visionat un video explicatiu sobre qu\u00e8 \u00e9s un text expositiu, quina \u00e9s la seva finalitat, quines s\u00f3n les seves propietats i els seus mecanismes discursius.<br \/>\nUn cop vist i analitzat el&hellip;  <a href=\"https:\/\/agora.xtec.cat\/ies-santa-eulalia\/general\/materials-destudi-i-tipologies-textuals-a-2n-batxillerat\/\" title=\"Read MATERIALS D&#8217;ESTUDI I TIPOLOGIES TEXTUALS A 2n BATXILLERAT\">Llegeix m\u00e9s\u00bb<\/a><\/p>\n","protected":false},"author":117,"featured_media":11906,"comment_status":"open","ping_status":"closed","sticky":false,"template":"","format":"standard","meta":{"_bbp_topic_count":0,"_bbp_reply_count":0,"_bbp_total_topic_count":0,"_bbp_total_reply_count":0,"_bbp_voice_count":0,"_bbp_anonymous_reply_count":0,"_bbp_topic_count_hidden":0,"_bbp_reply_count_hidden":0,"_bbp_forum_subforum_count":0,"footnotes":""},"categories":[8,1,29],"tags":[],"class_list":["post-11892","post","type-post","status-publish","format-standard","has-post-thumbnail","hentry","category-batxillerat","category-general","category-portada"],"post_mailing_queue_ids":[],"_links":{"self":[{"href":"https:\/\/agora.xtec.cat\/ies-santa-eulalia\/wp-json\/wp\/v2\/posts\/11892","targetHints":{"allow":["GET"]}}],"collection":[{"href":"https:\/\/agora.xtec.cat\/ies-santa-eulalia\/wp-json\/wp\/v2\/posts"}],"about":[{"href":"https:\/\/agora.xtec.cat\/ies-santa-eulalia\/wp-json\/wp\/v2\/types\/post"}],"author":[{"embeddable":true,"href":"https:\/\/agora.xtec.cat\/ies-santa-eulalia\/wp-json\/wp\/v2\/users\/117"}],"replies":[{"embeddable":true,"href":"https:\/\/agora.xtec.cat\/ies-santa-eulalia\/wp-json\/wp\/v2\/comments?post=11892"}],"version-history":[{"count":2,"href":"https:\/\/agora.xtec.cat\/ies-santa-eulalia\/wp-json\/wp\/v2\/posts\/11892\/revisions"}],"predecessor-version":[{"id":11907,"href":"https:\/\/agora.xtec.cat\/ies-santa-eulalia\/wp-json\/wp\/v2\/posts\/11892\/revisions\/11907"}],"wp:featuredmedia":[{"embeddable":true,"href":"https:\/\/agora.xtec.cat\/ies-santa-eulalia\/wp-json\/wp\/v2\/media\/11906"}],"wp:attachment":[{"href":"https:\/\/agora.xtec.cat\/ies-santa-eulalia\/wp-json\/wp\/v2\/media?parent=11892"}],"wp:term":[{"taxonomy":"category","embeddable":true,"href":"https:\/\/agora.xtec.cat\/ies-santa-eulalia\/wp-json\/wp\/v2\/categories?post=11892"},{"taxonomy":"post_tag","embeddable":true,"href":"https:\/\/agora.xtec.cat\/ies-santa-eulalia\/wp-json\/wp\/v2\/tags?post=11892"}],"curies":[{"name":"wp","href":"https:\/\/api.w.org\/{rel}","templated":true}]}}