{"id":11890,"date":"2024-10-20T18:53:18","date_gmt":"2024-10-20T16:53:18","guid":{"rendered":"https:\/\/agora.xtec.cat\/ies-santa-eulalia\/?p=11890"},"modified":"2024-10-21T17:14:04","modified_gmt":"2024-10-21T15:14:04","slug":"nous-formats-informatius-la-pindola-informativa-a-2n-eso","status":"publish","type":"post","link":"https:\/\/agora.xtec.cat\/ies-santa-eulalia\/general\/nous-formats-informatius-la-pindola-informativa-a-2n-eso\/","title":{"rendered":"Nous formats informatius: La p\u00edndola informativa a 2n ESO"},"content":{"rendered":"<p>A 2n ESO des de la mat\u00e8ria de Llengua castellana i literatura hem treballat el text expositiu. Han elaborat uns marcap\u00e0gines amb la informaci\u00f3 sobre el text expositiu. A continuaci\u00f3 han aplicat els continguts apresos i han elaborat p\u00edndoles informatives, \u00e9s a dir, breus videos explicatius sobre temes d&#8217;inter\u00e9s per a la societat.<\/p>\n<p>En aquest cas us mostrem unes p\u00edndoles informatives que expliquen com actuar en el cas de patir un cop de calor.<\/p>\n<p>Han treballat de manera individual a l&#8217;hora de fer e marcap\u00e0gines i han treballat de manera cooperativa a l&#8217;hora de fer la p\u00edndola informativa. Han treballat la cerca d&#8217;informaci\u00f3, l&#8217;expressi\u00f3 escrita i l&#8217;expressi\u00f3 oral. A m\u00e9s han desenvolupat compet\u00e8ncies socials i valors com la responsabilitat i el treball en equip.<\/p>\n<p>Aqu\u00ed us deixem un petit tast. Esperem que us agradi.<\/p>\n<p><iframe loading=\"lazy\" src=\"https:\/\/drive.google.com\/file\/d\/16KLXWQxYwj6f-r0mp9WJMJfdBUgOVCBv\/preview\" width=\"640\" height=\"480\"><\/iframe><iframe loading=\"lazy\" src=\"https:\/\/drive.google.com\/file\/d\/1ABJYhCGtgAAvbPbiIePOkufRcL2au7Yz\/preview\" width=\"640\" height=\"480\"><\/iframe><iframe loading=\"lazy\" src=\"https:\/\/drive.google.com\/file\/d\/1Y_s8jyxS53rsK9RVgCI9qDC_jXb_hrq1\/preview\" width=\"640\" height=\"480\"><\/iframe><iframe loading=\"lazy\" src=\"https:\/\/drive.google.com\/file\/d\/1ZnZev3KX0RCYMKD9yGrmqttFkDiCgRrr\/preview\" width=\"640\" height=\"480\"><\/iframe><iframe loading=\"lazy\" src=\"https:\/\/drive.google.com\/file\/d\/1wNavGUIRbu3XNvoci1DPGdGwHKT4kJpl\/preview\" width=\"640\" height=\"480\"><\/iframe><\/p>\n<p>&nbsp;<\/p>\n","protected":false},"excerpt":{"rendered":"<p>A 2n ESO des de la mat\u00e8ria de Llengua castellana i literatura hem treballat el text expositiu. Han elaborat uns marcap\u00e0gines amb la informaci\u00f3 sobre el text expositiu. A continuaci\u00f3 han aplicat els continguts apresos i han elaborat p\u00edndoles informatives, \u00e9s a dir, breus videos&hellip;  <a href=\"https:\/\/agora.xtec.cat\/ies-santa-eulalia\/general\/nous-formats-informatius-la-pindola-informativa-a-2n-eso\/\" title=\"Read Nous formats informatius: La p\u00edndola informativa a 2n ESO\">Llegeix m\u00e9s\u00bb<\/a><\/p>\n","protected":false},"author":117,"featured_media":11898,"comment_status":"open","ping_status":"closed","sticky":false,"template":"","format":"standard","meta":{"_bbp_topic_count":0,"_bbp_reply_count":0,"_bbp_total_topic_count":0,"_bbp_total_reply_count":0,"_bbp_voice_count":0,"_bbp_anonymous_reply_count":0,"_bbp_topic_count_hidden":0,"_bbp_reply_count_hidden":0,"_bbp_forum_subforum_count":0,"footnotes":""},"categories":[3,1,29],"tags":[],"class_list":["post-11890","post","type-post","status-publish","format-standard","has-post-thumbnail","hentry","category-eso","category-general","category-portada"],"post_mailing_queue_ids":[],"_links":{"self":[{"href":"https:\/\/agora.xtec.cat\/ies-santa-eulalia\/wp-json\/wp\/v2\/posts\/11890","targetHints":{"allow":["GET"]}}],"collection":[{"href":"https:\/\/agora.xtec.cat\/ies-santa-eulalia\/wp-json\/wp\/v2\/posts"}],"about":[{"href":"https:\/\/agora.xtec.cat\/ies-santa-eulalia\/wp-json\/wp\/v2\/types\/post"}],"author":[{"embeddable":true,"href":"https:\/\/agora.xtec.cat\/ies-santa-eulalia\/wp-json\/wp\/v2\/users\/117"}],"replies":[{"embeddable":true,"href":"https:\/\/agora.xtec.cat\/ies-santa-eulalia\/wp-json\/wp\/v2\/comments?post=11890"}],"version-history":[{"count":5,"href":"https:\/\/agora.xtec.cat\/ies-santa-eulalia\/wp-json\/wp\/v2\/posts\/11890\/revisions"}],"predecessor-version":[{"id":11902,"href":"https:\/\/agora.xtec.cat\/ies-santa-eulalia\/wp-json\/wp\/v2\/posts\/11890\/revisions\/11902"}],"wp:featuredmedia":[{"embeddable":true,"href":"https:\/\/agora.xtec.cat\/ies-santa-eulalia\/wp-json\/wp\/v2\/media\/11898"}],"wp:attachment":[{"href":"https:\/\/agora.xtec.cat\/ies-santa-eulalia\/wp-json\/wp\/v2\/media?parent=11890"}],"wp:term":[{"taxonomy":"category","embeddable":true,"href":"https:\/\/agora.xtec.cat\/ies-santa-eulalia\/wp-json\/wp\/v2\/categories?post=11890"},{"taxonomy":"post_tag","embeddable":true,"href":"https:\/\/agora.xtec.cat\/ies-santa-eulalia\/wp-json\/wp\/v2\/tags?post=11890"}],"curies":[{"name":"wp","href":"https:\/\/api.w.org\/{rel}","templated":true}]}}