{"id":11868,"date":"2024-10-18T11:08:52","date_gmt":"2024-10-18T09:08:52","guid":{"rendered":"https:\/\/agora.xtec.cat\/ies-santa-eulalia\/?p=11868"},"modified":"2024-10-18T11:08:52","modified_gmt":"2024-10-18T09:08:52","slug":"per-a-que-serveix-la-musica","status":"publish","type":"post","link":"https:\/\/agora.xtec.cat\/ies-santa-eulalia\/general\/per-a-que-serveix-la-musica\/","title":{"rendered":"Per a qu\u00e8 serveix la M\u00fasica?"},"content":{"rendered":"<p><a href=\"https:\/\/agora.xtec.cat\/ies-santa-eulalia\/wp-content\/uploads\/usu1612\/2024\/10\/MUSICA-1-2.png\"><img loading=\"lazy\" decoding=\"async\" class=\"wp-image-11881 size-medium aligncenter\" src=\"https:\/\/agora.xtec.cat\/ies-santa-eulalia\/wp-content\/uploads\/usu1612\/2024\/10\/MUSICA-1-2-300x212.png\" alt=\"\" width=\"300\" height=\"212\" srcset=\"https:\/\/agora.xtec.cat\/ies-santa-eulalia\/wp-content\/uploads\/usu1612\/2024\/10\/MUSICA-1-2-300x212.png 300w, https:\/\/agora.xtec.cat\/ies-santa-eulalia\/wp-content\/uploads\/usu1612\/2024\/10\/MUSICA-1-2-1024x724.png 1024w, https:\/\/agora.xtec.cat\/ies-santa-eulalia\/wp-content\/uploads\/usu1612\/2024\/10\/MUSICA-1-2-768x543.png 768w, https:\/\/agora.xtec.cat\/ies-santa-eulalia\/wp-content\/uploads\/usu1612\/2024\/10\/MUSICA-1-2-1536x1086.png 1536w, https:\/\/agora.xtec.cat\/ies-santa-eulalia\/wp-content\/uploads\/usu1612\/2024\/10\/MUSICA-1-2-2048x1448.png 2048w\" sizes=\"auto, (max-width: 300px) 100vw, 300px\" \/><\/a><\/p>\n<p>La m\u00fasica serveix per a moltes coses!<\/p>\n<p>Pot ser una forma d&#8217;expressi\u00f3 emocional, ajudant-nos a comunicar sentiments. S&#8217;utilitza com a mitj\u00e0 terap\u00e8utic a trav\u00e9s de la <strong>m\u00fasicoter\u00e0pia<\/strong>. A m\u00e9s, la m\u00fasica pot influir en el nostre estat d&#8217;\u00e0nim, motivar-nos, relaxar-nos o fins i tot ajudar-nos a concentrar-nos. Tamb\u00e9 t\u00e9 una <strong>funci\u00f3 social<\/strong> on suposa una manera de connectar amb altres persones, ja sigui a trav\u00e9s de concerts, festes o simplement compartint can\u00e7ons favorites.<\/p>\n<p>En definitiva, la m\u00fasica \u00e9s una <strong>part important de la nostra vida que ens acompanya<\/strong> en molts moments del nostre dia! \ud83c\udfb6<\/p>\n<p>L&#8217;alumnat de 3r d&#8217;ESO de l&#8217;aula de M\u00fasica ha creat una infografia sobre les utilitats de la m\u00fasica. Mireu, mireu&#8230;<\/p>\n<p><a href=\"https:\/\/agora.xtec.cat\/ies-santa-eulalia\/wp-content\/uploads\/usu1612\/2024\/10\/Infografia-Ideas-sobre-Actividades-Infantiles-Doodle-Ilustrativo-Blanco.png\"><img loading=\"lazy\" decoding=\"async\" class=\"alignnone size-large wp-image-11877\" src=\"https:\/\/agora.xtec.cat\/ies-santa-eulalia\/wp-content\/uploads\/usu1612\/2024\/10\/Infografia-Ideas-sobre-Actividades-Infantiles-Doodle-Ilustrativo-Blanco-410x1024.png\" alt=\"\" width=\"410\" height=\"1024\" srcset=\"https:\/\/agora.xtec.cat\/ies-santa-eulalia\/wp-content\/uploads\/usu1612\/2024\/10\/Infografia-Ideas-sobre-Actividades-Infantiles-Doodle-Ilustrativo-Blanco-410x1024.png 410w, https:\/\/agora.xtec.cat\/ies-santa-eulalia\/wp-content\/uploads\/usu1612\/2024\/10\/Infografia-Ideas-sobre-Actividades-Infantiles-Doodle-Ilustrativo-Blanco-120x300.png 120w, https:\/\/agora.xtec.cat\/ies-santa-eulalia\/wp-content\/uploads\/usu1612\/2024\/10\/Infografia-Ideas-sobre-Actividades-Infantiles-Doodle-Ilustrativo-Blanco-768x1920.png 768w, https:\/\/agora.xtec.cat\/ies-santa-eulalia\/wp-content\/uploads\/usu1612\/2024\/10\/Infografia-Ideas-sobre-Actividades-Infantiles-Doodle-Ilustrativo-Blanco.png 800w\" sizes=\"auto, (max-width: 410px) 100vw, 410px\" \/><\/a> <a href=\"https:\/\/agora.xtec.cat\/ies-santa-eulalia\/wp-content\/uploads\/usu1612\/2024\/10\/Musica.png\"><img loading=\"lazy\" decoding=\"async\" class=\"alignnone size-large wp-image-11878\" src=\"https:\/\/agora.xtec.cat\/ies-santa-eulalia\/wp-content\/uploads\/usu1612\/2024\/10\/Musica-410x1024.png\" alt=\"\" width=\"410\" height=\"1024\" srcset=\"https:\/\/agora.xtec.cat\/ies-santa-eulalia\/wp-content\/uploads\/usu1612\/2024\/10\/Musica-410x1024.png 410w, https:\/\/agora.xtec.cat\/ies-santa-eulalia\/wp-content\/uploads\/usu1612\/2024\/10\/Musica-120x300.png 120w, https:\/\/agora.xtec.cat\/ies-santa-eulalia\/wp-content\/uploads\/usu1612\/2024\/10\/Musica-768x1920.png 768w, https:\/\/agora.xtec.cat\/ies-santa-eulalia\/wp-content\/uploads\/usu1612\/2024\/10\/Musica.png 800w\" sizes=\"auto, (max-width: 410px) 100vw, 410px\" \/><\/a><a href=\"https:\/\/agora.xtec.cat\/ies-santa-eulalia\/wp-content\/uploads\/usu1612\/2024\/10\/Colorful-Pastel-Childish-informative-Organic-Shapes-Kids-Health-Tips-Infographic.png\"><img loading=\"lazy\" decoding=\"async\" class=\"alignnone size-large wp-image-11879\" src=\"https:\/\/agora.xtec.cat\/ies-santa-eulalia\/wp-content\/uploads\/usu1612\/2024\/10\/Colorful-Pastel-Childish-informative-Organic-Shapes-Kids-Health-Tips-Infographic-410x1024.png\" alt=\"\" width=\"410\" height=\"1024\" srcset=\"https:\/\/agora.xtec.cat\/ies-santa-eulalia\/wp-content\/uploads\/usu1612\/2024\/10\/Colorful-Pastel-Childish-informative-Organic-Shapes-Kids-Health-Tips-Infographic-410x1024.png 410w, https:\/\/agora.xtec.cat\/ies-santa-eulalia\/wp-content\/uploads\/usu1612\/2024\/10\/Colorful-Pastel-Childish-informative-Organic-Shapes-Kids-Health-Tips-Infographic-120x300.png 120w, https:\/\/agora.xtec.cat\/ies-santa-eulalia\/wp-content\/uploads\/usu1612\/2024\/10\/Colorful-Pastel-Childish-informative-Organic-Shapes-Kids-Health-Tips-Infographic-768x1920.png 768w, https:\/\/agora.xtec.cat\/ies-santa-eulalia\/wp-content\/uploads\/usu1612\/2024\/10\/Colorful-Pastel-Childish-informative-Organic-Shapes-Kids-Health-Tips-Infographic.png 800w\" sizes=\"auto, (max-width: 410px) 100vw, 410px\" \/><\/a><\/p>\n","protected":false},"excerpt":{"rendered":"<p><a href=\"https:\/\/agora.xtec.cat\/ies-santa-eulalia\/wp-content\/uploads\/usu1612\/2024\/10\/MUSICA-1-2.png\"><\/a><br \/>\nLa m\u00fasica serveix per a moltes coses!<br \/>\nPot ser una forma d&#8217;expressi\u00f3 emocional, ajudant-nos a comunicar sentiments. S&#8217;utilitza com a mitj\u00e0 terap\u00e8utic a trav\u00e9s de la m\u00fasicoter\u00e0pia. A m\u00e9s, la m\u00fasica pot influir en el nostre estat d&#8217;\u00e0nim, motivar-nos, relaxar-nos o fins i tot ajudar-nos&hellip;  <a href=\"https:\/\/agora.xtec.cat\/ies-santa-eulalia\/general\/per-a-que-serveix-la-musica\/\" title=\"Read Per a qu\u00e8 serveix la M\u00fasica?\">Llegeix m\u00e9s\u00bb<\/a><\/p>\n","protected":false},"author":116,"featured_media":11869,"comment_status":"open","ping_status":"closed","sticky":false,"template":"","format":"standard","meta":{"_bbp_topic_count":0,"_bbp_reply_count":0,"_bbp_total_topic_count":0,"_bbp_total_reply_count":0,"_bbp_voice_count":0,"_bbp_anonymous_reply_count":0,"_bbp_topic_count_hidden":0,"_bbp_reply_count_hidden":0,"_bbp_forum_subforum_count":0,"footnotes":""},"categories":[151,3,1,29],"tags":[],"class_list":["post-11868","post","type-post","status-publish","format-standard","has-post-thumbnail","hentry","category-novetats-musica","category-eso","category-general","category-portada"],"post_mailing_queue_ids":[],"_links":{"self":[{"href":"https:\/\/agora.xtec.cat\/ies-santa-eulalia\/wp-json\/wp\/v2\/posts\/11868","targetHints":{"allow":["GET"]}}],"collection":[{"href":"https:\/\/agora.xtec.cat\/ies-santa-eulalia\/wp-json\/wp\/v2\/posts"}],"about":[{"href":"https:\/\/agora.xtec.cat\/ies-santa-eulalia\/wp-json\/wp\/v2\/types\/post"}],"author":[{"embeddable":true,"href":"https:\/\/agora.xtec.cat\/ies-santa-eulalia\/wp-json\/wp\/v2\/users\/116"}],"replies":[{"embeddable":true,"href":"https:\/\/agora.xtec.cat\/ies-santa-eulalia\/wp-json\/wp\/v2\/comments?post=11868"}],"version-history":[{"count":4,"href":"https:\/\/agora.xtec.cat\/ies-santa-eulalia\/wp-json\/wp\/v2\/posts\/11868\/revisions"}],"predecessor-version":[{"id":11882,"href":"https:\/\/agora.xtec.cat\/ies-santa-eulalia\/wp-json\/wp\/v2\/posts\/11868\/revisions\/11882"}],"wp:featuredmedia":[{"embeddable":true,"href":"https:\/\/agora.xtec.cat\/ies-santa-eulalia\/wp-json\/wp\/v2\/media\/11869"}],"wp:attachment":[{"href":"https:\/\/agora.xtec.cat\/ies-santa-eulalia\/wp-json\/wp\/v2\/media?parent=11868"}],"wp:term":[{"taxonomy":"category","embeddable":true,"href":"https:\/\/agora.xtec.cat\/ies-santa-eulalia\/wp-json\/wp\/v2\/categories?post=11868"},{"taxonomy":"post_tag","embeddable":true,"href":"https:\/\/agora.xtec.cat\/ies-santa-eulalia\/wp-json\/wp\/v2\/tags?post=11868"}],"curies":[{"name":"wp","href":"https:\/\/api.w.org\/{rel}","templated":true}]}}