{"id":11859,"date":"2024-11-26T10:28:10","date_gmt":"2024-11-26T09:28:10","guid":{"rendered":"https:\/\/agora.xtec.cat\/ies-santa-eulalia\/?p=11859"},"modified":"2024-11-26T10:28:10","modified_gmt":"2024-11-26T09:28:10","slug":"santa-cecilia-patrona-dels-musics","status":"publish","type":"post","link":"https:\/\/agora.xtec.cat\/ies-santa-eulalia\/general\/santa-cecilia-patrona-dels-musics\/","title":{"rendered":"Santa Cecilia &#8211; patrona dels m\u00fasics"},"content":{"rendered":"<p>El 22 de novembre d&#8217;enguany\u00a0 hem celebrat el dia de Santa Cecilia,\u00a0 patrona dels m\u00fasics, a l&#8217;aula de m\u00fasica amb un petit concert on hi ha participat alumnat i professorat. Al padlet seg\u00fcent trobareu propostes musicals i un breu resum del concert intern. Esperem que us agradi!<\/p>\n<p><a href=\"https:\/\/padlet.com\/aolivan4\/santa-cecilia-mj3o82kp8bs80icz\">https:\/\/padlet.com\/aolivan4\/santa-cecilia-mj3o82kp8bs80icz<\/a><\/p>\n","protected":false},"excerpt":{"rendered":"<p>El 22 de novembre d&#8217;enguany\u00a0 hem celebrat el dia de Santa Cecilia,\u00a0 patrona dels m\u00fasics, a l&#8217;aula de m\u00fasica amb un petit concert on hi ha participat alumnat i professorat. Al padlet seg\u00fcent trobareu propostes musicals i un breu resum del concert intern. Esperem que&hellip;  <a href=\"https:\/\/agora.xtec.cat\/ies-santa-eulalia\/general\/santa-cecilia-patrona-dels-musics\/\" title=\"Read Santa Cecilia &#8211; patrona dels m\u00fasics\">Llegeix m\u00e9s\u00bb<\/a><\/p>\n","protected":false},"author":116,"featured_media":11860,"comment_status":"open","ping_status":"closed","sticky":false,"template":"","format":"standard","meta":{"_bbp_topic_count":0,"_bbp_reply_count":0,"_bbp_total_topic_count":0,"_bbp_total_reply_count":0,"_bbp_voice_count":0,"_bbp_anonymous_reply_count":0,"_bbp_topic_count_hidden":0,"_bbp_reply_count_hidden":0,"_bbp_forum_subforum_count":0,"footnotes":""},"categories":[151,1,29],"tags":[],"class_list":["post-11859","post","type-post","status-publish","format-standard","has-post-thumbnail","hentry","category-novetats-musica","category-general","category-portada"],"post_mailing_queue_ids":[],"_links":{"self":[{"href":"https:\/\/agora.xtec.cat\/ies-santa-eulalia\/wp-json\/wp\/v2\/posts\/11859","targetHints":{"allow":["GET"]}}],"collection":[{"href":"https:\/\/agora.xtec.cat\/ies-santa-eulalia\/wp-json\/wp\/v2\/posts"}],"about":[{"href":"https:\/\/agora.xtec.cat\/ies-santa-eulalia\/wp-json\/wp\/v2\/types\/post"}],"author":[{"embeddable":true,"href":"https:\/\/agora.xtec.cat\/ies-santa-eulalia\/wp-json\/wp\/v2\/users\/116"}],"replies":[{"embeddable":true,"href":"https:\/\/agora.xtec.cat\/ies-santa-eulalia\/wp-json\/wp\/v2\/comments?post=11859"}],"version-history":[{"count":3,"href":"https:\/\/agora.xtec.cat\/ies-santa-eulalia\/wp-json\/wp\/v2\/posts\/11859\/revisions"}],"predecessor-version":[{"id":11873,"href":"https:\/\/agora.xtec.cat\/ies-santa-eulalia\/wp-json\/wp\/v2\/posts\/11859\/revisions\/11873"}],"wp:featuredmedia":[{"embeddable":true,"href":"https:\/\/agora.xtec.cat\/ies-santa-eulalia\/wp-json\/wp\/v2\/media\/11860"}],"wp:attachment":[{"href":"https:\/\/agora.xtec.cat\/ies-santa-eulalia\/wp-json\/wp\/v2\/media?parent=11859"}],"wp:term":[{"taxonomy":"category","embeddable":true,"href":"https:\/\/agora.xtec.cat\/ies-santa-eulalia\/wp-json\/wp\/v2\/categories?post=11859"},{"taxonomy":"post_tag","embeddable":true,"href":"https:\/\/agora.xtec.cat\/ies-santa-eulalia\/wp-json\/wp\/v2\/tags?post=11859"}],"curies":[{"name":"wp","href":"https:\/\/api.w.org\/{rel}","templated":true}]}}