{"id":11716,"date":"2024-09-02T12:13:56","date_gmt":"2024-09-02T10:13:56","guid":{"rendered":"https:\/\/agora.xtec.cat\/ies-santa-eulalia\/?p=11716"},"modified":"2025-01-15T11:18:16","modified_gmt":"2025-01-15T10:18:16","slug":"encara-tens-placa-per-al-batxillerat-nocturn-2","status":"publish","type":"post","link":"https:\/\/agora.xtec.cat\/ies-santa-eulalia\/batxillerat\/encara-tens-placa-per-al-batxillerat-nocturn-2\/","title":{"rendered":"Encara tens pla\u00e7a per al Batxillerat nocturn!"},"content":{"rendered":"<p>Tens m\u00e9s de 18 anys? Vas deixar el batxillerat a mitges i el vols acabar? O potser vols comen\u00e7ar-lo per fer estudis superiors? Est\u00e0s treballant i no saps on reprendre el batxillerat?<\/p>\n<p>Si \u00e9s el teu cas, a l\u2019Institut Santa Eul\u00e0lia oferim el Batxillerat nocturn, on podr\u00e0s cursar les modalitats del Cient\u00edfic i Tecnol\u00f2gic i de l\u2019Human\u00edstic i Social amb classes a la tarda des de les 16 fins a les 21 hores.<\/p>\n<p>Posa\u2019t en contacte amb nosaltres, encara tenim places!<\/p>\n<p><img decoding=\"async\" src=\"https:\/\/agora.xtec.cat\/ies-santa-eulalia\/wp-content\/uploads\/usu1612\/2023\/10\/Captura-de-pantalla-2023-10-05-a-les-22.06.57.png\" \/><\/p>\n","protected":false},"excerpt":{"rendered":"<p>Tens m\u00e9s de 18 anys? Vas deixar el batxillerat a mitges i el vols acabar? O potser vols comen\u00e7ar-lo per fer estudis superiors? Est\u00e0s treballant i no saps on reprendre el batxillerat?<br \/>\nSi \u00e9s el teu cas, a l\u2019Institut Santa Eul\u00e0lia oferim el Batxillerat nocturn, on&hellip;  <a href=\"https:\/\/agora.xtec.cat\/ies-santa-eulalia\/batxillerat\/encara-tens-placa-per-al-batxillerat-nocturn-2\/\" title=\"Read Encara tens pla\u00e7a per al Batxillerat nocturn!\">Llegeix m\u00e9s\u00bb<\/a><\/p>\n","protected":false},"author":18,"featured_media":10747,"comment_status":"open","ping_status":"closed","sticky":false,"template":"","format":"standard","meta":{"_bbp_topic_count":0,"_bbp_reply_count":0,"_bbp_total_topic_count":0,"_bbp_total_reply_count":0,"_bbp_voice_count":0,"_bbp_anonymous_reply_count":0,"_bbp_topic_count_hidden":0,"_bbp_reply_count_hidden":0,"_bbp_forum_subforum_count":0,"footnotes":""},"categories":[178,181,8,229,29],"tags":[474,342],"class_list":["post-11716","post","type-post","status-publish","format-standard","has-post-thumbnail","hentry","category-1r-batx-c","category-2n-batx-c","category-batxillerat","category-info-batx","category-portada","tag-nocturn-copem-ise2324","tag-nocturn"],"post_mailing_queue_ids":[],"_links":{"self":[{"href":"https:\/\/agora.xtec.cat\/ies-santa-eulalia\/wp-json\/wp\/v2\/posts\/11716","targetHints":{"allow":["GET"]}}],"collection":[{"href":"https:\/\/agora.xtec.cat\/ies-santa-eulalia\/wp-json\/wp\/v2\/posts"}],"about":[{"href":"https:\/\/agora.xtec.cat\/ies-santa-eulalia\/wp-json\/wp\/v2\/types\/post"}],"author":[{"embeddable":true,"href":"https:\/\/agora.xtec.cat\/ies-santa-eulalia\/wp-json\/wp\/v2\/users\/18"}],"replies":[{"embeddable":true,"href":"https:\/\/agora.xtec.cat\/ies-santa-eulalia\/wp-json\/wp\/v2\/comments?post=11716"}],"version-history":[{"count":2,"href":"https:\/\/agora.xtec.cat\/ies-santa-eulalia\/wp-json\/wp\/v2\/posts\/11716\/revisions"}],"predecessor-version":[{"id":11718,"href":"https:\/\/agora.xtec.cat\/ies-santa-eulalia\/wp-json\/wp\/v2\/posts\/11716\/revisions\/11718"}],"wp:featuredmedia":[{"embeddable":true,"href":"https:\/\/agora.xtec.cat\/ies-santa-eulalia\/wp-json\/wp\/v2\/media\/10747"}],"wp:attachment":[{"href":"https:\/\/agora.xtec.cat\/ies-santa-eulalia\/wp-json\/wp\/v2\/media?parent=11716"}],"wp:term":[{"taxonomy":"category","embeddable":true,"href":"https:\/\/agora.xtec.cat\/ies-santa-eulalia\/wp-json\/wp\/v2\/categories?post=11716"},{"taxonomy":"post_tag","embeddable":true,"href":"https:\/\/agora.xtec.cat\/ies-santa-eulalia\/wp-json\/wp\/v2\/tags?post=11716"}],"curies":[{"name":"wp","href":"https:\/\/api.w.org\/{rel}","templated":true}]}}