{"id":11668,"date":"2024-06-14T08:29:20","date_gmt":"2024-06-14T06:29:20","guid":{"rendered":"https:\/\/agora.xtec.cat\/ies-santa-eulalia\/?p=11668"},"modified":"2024-06-14T08:29:20","modified_gmt":"2024-06-14T06:29:20","slug":"ruta-de-lexili","status":"publish","type":"post","link":"https:\/\/agora.xtec.cat\/ies-santa-eulalia\/general\/ruta-de-lexili\/","title":{"rendered":"Viatge final de curs 4t ESO (Ruta de l\u2019exili) Platja d&#8217;Argelers"},"content":{"rendered":"<p>Segon dia del nostre emoncionant viatge en el temps. Fem el cam\u00ed de l&#8217;exili a la Vajol per on van fer M. Aza\u00f1a i Ll. Companys. Despr\u00e9s visitem la platja d&#8217;Argelers i fem un minut de silenci pels que van patir les condicions d&#8217;aquell camp de concentraci\u00f3 i els que van perdre la vida. I el dest\u00ed ens t\u00e9 reservat un regal que no esper\u00e0vem. Se&#8217;ns apropa una parella francesa, ell ens diu que el seu tiet va morir a Argelers. Eren de L&#8217;Hospitalet, d&#8217;un barri anomenat Santa Eul\u00e0lia. No ho podem creure. Emoci\u00f3 m\u00e0xima.<\/p>\n<p>&nbsp;<\/p>\n<p><a href=\"https:\/\/agora.xtec.cat\/ies-santa-eulalia\/wp-content\/uploads\/usu1612\/2024\/06\/PHOTO-2024-06-13-18-29-10.jpg\"><img loading=\"lazy\" decoding=\"async\" class=\"alignleft size-full wp-image-11671\" src=\"https:\/\/agora.xtec.cat\/ies-santa-eulalia\/wp-content\/uploads\/usu1612\/2024\/06\/PHOTO-2024-06-13-18-29-10.jpg\" alt=\"\" width=\"2040\" height=\"1536\" srcset=\"https:\/\/agora.xtec.cat\/ies-santa-eulalia\/wp-content\/uploads\/usu1612\/2024\/06\/PHOTO-2024-06-13-18-29-10.jpg 2040w, https:\/\/agora.xtec.cat\/ies-santa-eulalia\/wp-content\/uploads\/usu1612\/2024\/06\/PHOTO-2024-06-13-18-29-10-300x226.jpg 300w, https:\/\/agora.xtec.cat\/ies-santa-eulalia\/wp-content\/uploads\/usu1612\/2024\/06\/PHOTO-2024-06-13-18-29-10-1024x771.jpg 1024w, https:\/\/agora.xtec.cat\/ies-santa-eulalia\/wp-content\/uploads\/usu1612\/2024\/06\/PHOTO-2024-06-13-18-29-10-768x578.jpg 768w, https:\/\/agora.xtec.cat\/ies-santa-eulalia\/wp-content\/uploads\/usu1612\/2024\/06\/PHOTO-2024-06-13-18-29-10-1536x1157.jpg 1536w, https:\/\/agora.xtec.cat\/ies-santa-eulalia\/wp-content\/uploads\/usu1612\/2024\/06\/PHOTO-2024-06-13-18-29-10-200x150.jpg 200w\" sizes=\"auto, (max-width: 2040px) 100vw, 2040px\" \/><\/a><\/p>\n<p>&nbsp;<\/p>\n<p>&nbsp;<\/p>\n<p>&nbsp;<\/p>\n<p>&nbsp;<\/p>\n<p>&nbsp;<\/p>\n<p><a href=\"https:\/\/agora.xtec.cat\/ies-santa-eulalia\/wp-content\/uploads\/usu1612\/2024\/06\/PHOTO-2024-06-13-19-03-38.jpg\"><img loading=\"lazy\" decoding=\"async\" class=\"alignleft size-full wp-image-11670\" src=\"https:\/\/agora.xtec.cat\/ies-santa-eulalia\/wp-content\/uploads\/usu1612\/2024\/06\/PHOTO-2024-06-13-19-03-38.jpg\" alt=\"\" width=\"1600\" height=\"1204\" srcset=\"https:\/\/agora.xtec.cat\/ies-santa-eulalia\/wp-content\/uploads\/usu1612\/2024\/06\/PHOTO-2024-06-13-19-03-38.jpg 1600w, https:\/\/agora.xtec.cat\/ies-santa-eulalia\/wp-content\/uploads\/usu1612\/2024\/06\/PHOTO-2024-06-13-19-03-38-300x226.jpg 300w, https:\/\/agora.xtec.cat\/ies-santa-eulalia\/wp-content\/uploads\/usu1612\/2024\/06\/PHOTO-2024-06-13-19-03-38-1024x771.jpg 1024w, https:\/\/agora.xtec.cat\/ies-santa-eulalia\/wp-content\/uploads\/usu1612\/2024\/06\/PHOTO-2024-06-13-19-03-38-768x578.jpg 768w, https:\/\/agora.xtec.cat\/ies-santa-eulalia\/wp-content\/uploads\/usu1612\/2024\/06\/PHOTO-2024-06-13-19-03-38-1536x1156.jpg 1536w, https:\/\/agora.xtec.cat\/ies-santa-eulalia\/wp-content\/uploads\/usu1612\/2024\/06\/PHOTO-2024-06-13-19-03-38-200x150.jpg 200w\" sizes=\"auto, (max-width: 1600px) 100vw, 1600px\" \/><\/a><\/p>\n","protected":false},"excerpt":{"rendered":"<p>Segon dia del nostre emoncionant viatge en el temps. Fem el cam\u00ed de l&#8217;exili a la Vajol per on van fer M. Aza\u00f1a i Ll. Companys. Despr\u00e9s visitem la platja d&#8217;Argelers i fem un minut de silenci pels que van patir les condicions d&#8217;aquell camp&hellip;  <a href=\"https:\/\/agora.xtec.cat\/ies-santa-eulalia\/general\/ruta-de-lexili\/\" title=\"Read Viatge final de curs 4t ESO (Ruta de l\u2019exili) Platja d&#8217;Argelers\">Llegeix m\u00e9s\u00bb<\/a><\/p>\n","protected":false},"author":1,"featured_media":11670,"comment_status":"open","ping_status":"closed","sticky":false,"template":"","format":"standard","meta":{"_bbp_topic_count":0,"_bbp_reply_count":0,"_bbp_total_topic_count":0,"_bbp_total_reply_count":0,"_bbp_voice_count":0,"_bbp_anonymous_reply_count":0,"_bbp_topic_count_hidden":0,"_bbp_reply_count_hidden":0,"_bbp_forum_subforum_count":0,"footnotes":""},"categories":[522,3,7,1,29],"tags":[],"class_list":["post-11668","post","type-post","status-publish","format-standard","has-post-thumbnail","hentry","category-colonies","category-eso","category-eso-4","category-general","category-portada"],"post_mailing_queue_ids":[],"_links":{"self":[{"href":"https:\/\/agora.xtec.cat\/ies-santa-eulalia\/wp-json\/wp\/v2\/posts\/11668","targetHints":{"allow":["GET"]}}],"collection":[{"href":"https:\/\/agora.xtec.cat\/ies-santa-eulalia\/wp-json\/wp\/v2\/posts"}],"about":[{"href":"https:\/\/agora.xtec.cat\/ies-santa-eulalia\/wp-json\/wp\/v2\/types\/post"}],"author":[{"embeddable":true,"href":"https:\/\/agora.xtec.cat\/ies-santa-eulalia\/wp-json\/wp\/v2\/users\/1"}],"replies":[{"embeddable":true,"href":"https:\/\/agora.xtec.cat\/ies-santa-eulalia\/wp-json\/wp\/v2\/comments?post=11668"}],"version-history":[{"count":3,"href":"https:\/\/agora.xtec.cat\/ies-santa-eulalia\/wp-json\/wp\/v2\/posts\/11668\/revisions"}],"predecessor-version":[{"id":11673,"href":"https:\/\/agora.xtec.cat\/ies-santa-eulalia\/wp-json\/wp\/v2\/posts\/11668\/revisions\/11673"}],"wp:featuredmedia":[{"embeddable":true,"href":"https:\/\/agora.xtec.cat\/ies-santa-eulalia\/wp-json\/wp\/v2\/media\/11670"}],"wp:attachment":[{"href":"https:\/\/agora.xtec.cat\/ies-santa-eulalia\/wp-json\/wp\/v2\/media?parent=11668"}],"wp:term":[{"taxonomy":"category","embeddable":true,"href":"https:\/\/agora.xtec.cat\/ies-santa-eulalia\/wp-json\/wp\/v2\/categories?post=11668"},{"taxonomy":"post_tag","embeddable":true,"href":"https:\/\/agora.xtec.cat\/ies-santa-eulalia\/wp-json\/wp\/v2\/tags?post=11668"}],"curies":[{"name":"wp","href":"https:\/\/api.w.org\/{rel}","templated":true}]}}