{"id":11594,"date":"2024-06-06T18:07:28","date_gmt":"2024-06-06T16:07:28","guid":{"rendered":"https:\/\/agora.xtec.cat\/ies-santa-eulalia\/?p=11594"},"modified":"2024-06-06T18:16:43","modified_gmt":"2024-06-06T16:16:43","slug":"back-to-school-alumnes-de-4t-c-i-4t-d","status":"publish","type":"post","link":"https:\/\/agora.xtec.cat\/ies-santa-eulalia\/general\/back-to-school-alumnes-de-4t-c-i-4t-d\/","title":{"rendered":"Back to School: Alumnes de 4t C i 4t D"},"content":{"rendered":"<p><span style=\"font-weight: 400\">Aquesta setmana alguns estudiants de 4t C i de 4t D han participat al projecte <\/span><i><span style=\"font-weight: 400\">Back to School<\/span><\/i><span style=\"font-weight: 400\">, on alumnes de secund\u00e0ria van a escoles de prim\u00e0ria a fer activitats en angl\u00e8s.\u00a0<\/span><\/p>\n<p><span style=\"font-weight: 400\">El dia 5 de juny, les alumnes del 4t C: Aina Blanco, Fatima Boubkari, Sara Mart\u00edn, Laia Migu\u00e9lez, \u00c1ngela Naranjo i Cl\u00e0udia Mart\u00ed\u00a0 van anar a l\u2019escola Proven\u00e7ana on van fer activitats amb els alumnes de sis\u00e8 de prim\u00e0ria. Eren activitats on es treballava l\u2019oralitat, com ara: <\/span><i><span style=\"font-weight: 400\">Headbanz<\/span><\/i><span style=\"font-weight: 400\">, <\/span><i><span style=\"font-weight: 400\">The Impostor <\/span><\/i><span style=\"font-weight: 400\">o altres jocs de m\u00edmica. M\u00e9s tard, els alumnes de 6\u00e8 els van fer preguntes sobre l\u2019etapa de la secund\u00e0ria.\u00a0<\/span><\/p>\n<p><span style=\"font-weight: 400\">Avui dijous 6 de juny, els alumnes del 4t D: Izan Racero, Gerard Cabrera, Nil Ribas, Lluc Solsona i Yeray Bocanegra han anat a l&#8217;escola Frederic Mistral on tamb\u00e9 han fet activitats orals en angl\u00e8s. Algunes d\u2019aquestes activitats han estat: teatre, passaparaula, <\/span><i><span style=\"font-weight: 400\">Stop de Bus <\/span><\/i><span style=\"font-weight: 400\">o <\/span><i><span style=\"font-weight: 400\">Simon Says<\/span><\/i><span style=\"font-weight: 400\">.\u00a0<\/span><\/p>\n<p><span style=\"font-weight: 400\">Tant els alumnes del nostre institut com els alumnes de les escoles Proven\u00e7ana i Frederic Mistral han passat una estona enriquidora i en angl\u00e8s. A m\u00e9s, els alumnes de prim\u00e0ria han pogut resoldre alguns dubtes sobre la seva futura etapa a l\u2019institut.\u00a0<\/span><\/p>\n<p><span style=\"font-weight: 400\">Moltes gr\u00e0cies a les escoles Frederic Mistral i Proven\u00e7ana per convidar-nos!<\/span><\/p>\n<p>&nbsp;<\/p>\n<p><a href=\"https:\/\/agora.xtec.cat\/ies-santa-eulalia\/wp-content\/uploads\/usu1612\/2024\/06\/backtoschool4-scaled.jpg\"><img loading=\"lazy\" decoding=\"async\" class=\"alignnone size-large wp-image-11599\" src=\"https:\/\/agora.xtec.cat\/ies-santa-eulalia\/wp-content\/uploads\/usu1612\/2024\/06\/backtoschool4-1024x769.jpg\" alt=\"\" width=\"1024\" height=\"769\" srcset=\"https:\/\/agora.xtec.cat\/ies-santa-eulalia\/wp-content\/uploads\/usu1612\/2024\/06\/backtoschool4-1024x769.jpg 1024w, https:\/\/agora.xtec.cat\/ies-santa-eulalia\/wp-content\/uploads\/usu1612\/2024\/06\/backtoschool4-300x225.jpg 300w, https:\/\/agora.xtec.cat\/ies-santa-eulalia\/wp-content\/uploads\/usu1612\/2024\/06\/backtoschool4-768x577.jpg 768w, https:\/\/agora.xtec.cat\/ies-santa-eulalia\/wp-content\/uploads\/usu1612\/2024\/06\/backtoschool4-1536x1153.jpg 1536w, https:\/\/agora.xtec.cat\/ies-santa-eulalia\/wp-content\/uploads\/usu1612\/2024\/06\/backtoschool4-2048x1538.jpg 2048w, https:\/\/agora.xtec.cat\/ies-santa-eulalia\/wp-content\/uploads\/usu1612\/2024\/06\/backtoschool4-200x150.jpg 200w\" sizes=\"auto, (max-width: 1024px) 100vw, 1024px\" \/><\/a> <a href=\"https:\/\/agora.xtec.cat\/ies-santa-eulalia\/wp-content\/uploads\/usu1612\/2024\/06\/backtoschool5-scaled.jpg\"><img loading=\"lazy\" decoding=\"async\" class=\"alignnone size-large wp-image-11598\" src=\"https:\/\/agora.xtec.cat\/ies-santa-eulalia\/wp-content\/uploads\/usu1612\/2024\/06\/backtoschool5-1024x769.jpg\" alt=\"\" width=\"1024\" height=\"769\" srcset=\"https:\/\/agora.xtec.cat\/ies-santa-eulalia\/wp-content\/uploads\/usu1612\/2024\/06\/backtoschool5-1024x769.jpg 1024w, https:\/\/agora.xtec.cat\/ies-santa-eulalia\/wp-content\/uploads\/usu1612\/2024\/06\/backtoschool5-300x225.jpg 300w, https:\/\/agora.xtec.cat\/ies-santa-eulalia\/wp-content\/uploads\/usu1612\/2024\/06\/backtoschool5-768x577.jpg 768w, https:\/\/agora.xtec.cat\/ies-santa-eulalia\/wp-content\/uploads\/usu1612\/2024\/06\/backtoschool5-1536x1153.jpg 1536w, https:\/\/agora.xtec.cat\/ies-santa-eulalia\/wp-content\/uploads\/usu1612\/2024\/06\/backtoschool5-2048x1538.jpg 2048w, https:\/\/agora.xtec.cat\/ies-santa-eulalia\/wp-content\/uploads\/usu1612\/2024\/06\/backtoschool5-200x150.jpg 200w\" sizes=\"auto, (max-width: 1024px) 100vw, 1024px\" \/><\/a> <a href=\"https:\/\/agora.xtec.cat\/ies-santa-eulalia\/wp-content\/uploads\/usu1612\/2024\/06\/backtoschool3-scaled.jpg\"><img loading=\"lazy\" decoding=\"async\" class=\"alignnone size-large wp-image-11600\" src=\"https:\/\/agora.xtec.cat\/ies-santa-eulalia\/wp-content\/uploads\/usu1612\/2024\/06\/backtoschool3-769x1024.jpg\" alt=\"\" width=\"769\" height=\"1024\" srcset=\"https:\/\/agora.xtec.cat\/ies-santa-eulalia\/wp-content\/uploads\/usu1612\/2024\/06\/backtoschool3-769x1024.jpg 769w, https:\/\/agora.xtec.cat\/ies-santa-eulalia\/wp-content\/uploads\/usu1612\/2024\/06\/backtoschool3-225x300.jpg 225w, https:\/\/agora.xtec.cat\/ies-santa-eulalia\/wp-content\/uploads\/usu1612\/2024\/06\/backtoschool3-768x1023.jpg 768w, https:\/\/agora.xtec.cat\/ies-santa-eulalia\/wp-content\/uploads\/usu1612\/2024\/06\/backtoschool3-1153x1536.jpg 1153w, https:\/\/agora.xtec.cat\/ies-santa-eulalia\/wp-content\/uploads\/usu1612\/2024\/06\/backtoschool3-1538x2048.jpg 1538w, https:\/\/agora.xtec.cat\/ies-santa-eulalia\/wp-content\/uploads\/usu1612\/2024\/06\/backtoschool3-scaled.jpg 1922w\" sizes=\"auto, (max-width: 769px) 100vw, 769px\" \/><\/a> <a href=\"https:\/\/agora.xtec.cat\/ies-santa-eulalia\/wp-content\/uploads\/usu1612\/2024\/06\/backtoschool2-scaled.jpg\"><img loading=\"lazy\" decoding=\"async\" class=\"alignnone size-large wp-image-11597\" src=\"https:\/\/agora.xtec.cat\/ies-santa-eulalia\/wp-content\/uploads\/usu1612\/2024\/06\/backtoschool2-1024x769.jpg\" alt=\"\" width=\"1024\" height=\"769\" srcset=\"https:\/\/agora.xtec.cat\/ies-santa-eulalia\/wp-content\/uploads\/usu1612\/2024\/06\/backtoschool2-1024x769.jpg 1024w, https:\/\/agora.xtec.cat\/ies-santa-eulalia\/wp-content\/uploads\/usu1612\/2024\/06\/backtoschool2-300x225.jpg 300w, https:\/\/agora.xtec.cat\/ies-santa-eulalia\/wp-content\/uploads\/usu1612\/2024\/06\/backtoschool2-768x577.jpg 768w, https:\/\/agora.xtec.cat\/ies-santa-eulalia\/wp-content\/uploads\/usu1612\/2024\/06\/backtoschool2-1536x1153.jpg 1536w, https:\/\/agora.xtec.cat\/ies-santa-eulalia\/wp-content\/uploads\/usu1612\/2024\/06\/backtoschool2-2048x1538.jpg 2048w, https:\/\/agora.xtec.cat\/ies-santa-eulalia\/wp-content\/uploads\/usu1612\/2024\/06\/backtoschool2-200x150.jpg 200w\" sizes=\"auto, (max-width: 1024px) 100vw, 1024px\" \/><\/a> <a href=\"https:\/\/agora.xtec.cat\/ies-santa-eulalia\/wp-content\/uploads\/usu1612\/2024\/06\/backtoschool6-scaled.jpg\"><img loading=\"lazy\" decoding=\"async\" class=\"alignnone size-large wp-image-11596\" src=\"https:\/\/agora.xtec.cat\/ies-santa-eulalia\/wp-content\/uploads\/usu1612\/2024\/06\/backtoschool6-769x1024.jpg\" alt=\"\" width=\"769\" height=\"1024\" srcset=\"https:\/\/agora.xtec.cat\/ies-santa-eulalia\/wp-content\/uploads\/usu1612\/2024\/06\/backtoschool6-769x1024.jpg 769w, https:\/\/agora.xtec.cat\/ies-santa-eulalia\/wp-content\/uploads\/usu1612\/2024\/06\/backtoschool6-225x300.jpg 225w, https:\/\/agora.xtec.cat\/ies-santa-eulalia\/wp-content\/uploads\/usu1612\/2024\/06\/backtoschool6-768x1023.jpg 768w, https:\/\/agora.xtec.cat\/ies-santa-eulalia\/wp-content\/uploads\/usu1612\/2024\/06\/backtoschool6-1153x1536.jpg 1153w, https:\/\/agora.xtec.cat\/ies-santa-eulalia\/wp-content\/uploads\/usu1612\/2024\/06\/backtoschool6-1538x2048.jpg 1538w, https:\/\/agora.xtec.cat\/ies-santa-eulalia\/wp-content\/uploads\/usu1612\/2024\/06\/backtoschool6-scaled.jpg 1922w\" sizes=\"auto, (max-width: 769px) 100vw, 769px\" \/><\/a> <a href=\"https:\/\/agora.xtec.cat\/ies-santa-eulalia\/wp-content\/uploads\/usu1612\/2024\/06\/1717684772056-scaled.jpg\"><img loading=\"lazy\" decoding=\"async\" class=\"alignnone size-large wp-image-11595\" src=\"https:\/\/agora.xtec.cat\/ies-santa-eulalia\/wp-content\/uploads\/usu1612\/2024\/06\/1717684772056-827x1024.jpg\" alt=\"\" width=\"827\" height=\"1024\" srcset=\"https:\/\/agora.xtec.cat\/ies-santa-eulalia\/wp-content\/uploads\/usu1612\/2024\/06\/1717684772056-827x1024.jpg 827w, https:\/\/agora.xtec.cat\/ies-santa-eulalia\/wp-content\/uploads\/usu1612\/2024\/06\/1717684772056-242x300.jpg 242w, https:\/\/agora.xtec.cat\/ies-santa-eulalia\/wp-content\/uploads\/usu1612\/2024\/06\/1717684772056-768x951.jpg 768w, https:\/\/agora.xtec.cat\/ies-santa-eulalia\/wp-content\/uploads\/usu1612\/2024\/06\/1717684772056-1240x1536.jpg 1240w, https:\/\/agora.xtec.cat\/ies-santa-eulalia\/wp-content\/uploads\/usu1612\/2024\/06\/1717684772056-1654x2048.jpg 1654w\" sizes=\"auto, (max-width: 827px) 100vw, 827px\" \/><\/a><\/p>\n","protected":false},"excerpt":{"rendered":"<p>Aquesta setmana alguns estudiants de 4t C i de 4t D han participat al projecte Back to School, on alumnes de secund\u00e0ria van a escoles de prim\u00e0ria a fer activitats en angl\u00e8s.\u00a0<br \/>\nEl dia 5 de juny, les alumnes del 4t C: Aina Blanco, Fatima Boubkari,&hellip;  <a href=\"https:\/\/agora.xtec.cat\/ies-santa-eulalia\/general\/back-to-school-alumnes-de-4t-c-i-4t-d\/\" title=\"Read Back to School: Alumnes de 4t C i 4t D\">Llegeix m\u00e9s\u00bb<\/a><\/p>\n","protected":false},"author":115,"featured_media":11596,"comment_status":"open","ping_status":"closed","sticky":false,"template":"","format":"standard","meta":{"_bbp_topic_count":0,"_bbp_reply_count":0,"_bbp_total_topic_count":0,"_bbp_total_reply_count":0,"_bbp_voice_count":0,"_bbp_anonymous_reply_count":0,"_bbp_topic_count_hidden":0,"_bbp_reply_count_hidden":0,"_bbp_forum_subforum_count":0,"footnotes":""},"categories":[138,26,122,1,29],"tags":[],"class_list":["post-11594","post","type-post","status-publish","format-standard","has-post-thumbnail","hentry","category-novetats-llengues-estrangeres-angles","category-eso-4c","category-eso-4d","category-general","category-portada"],"post_mailing_queue_ids":[],"_links":{"self":[{"href":"https:\/\/agora.xtec.cat\/ies-santa-eulalia\/wp-json\/wp\/v2\/posts\/11594","targetHints":{"allow":["GET"]}}],"collection":[{"href":"https:\/\/agora.xtec.cat\/ies-santa-eulalia\/wp-json\/wp\/v2\/posts"}],"about":[{"href":"https:\/\/agora.xtec.cat\/ies-santa-eulalia\/wp-json\/wp\/v2\/types\/post"}],"author":[{"embeddable":true,"href":"https:\/\/agora.xtec.cat\/ies-santa-eulalia\/wp-json\/wp\/v2\/users\/115"}],"replies":[{"embeddable":true,"href":"https:\/\/agora.xtec.cat\/ies-santa-eulalia\/wp-json\/wp\/v2\/comments?post=11594"}],"version-history":[{"count":1,"href":"https:\/\/agora.xtec.cat\/ies-santa-eulalia\/wp-json\/wp\/v2\/posts\/11594\/revisions"}],"predecessor-version":[{"id":11601,"href":"https:\/\/agora.xtec.cat\/ies-santa-eulalia\/wp-json\/wp\/v2\/posts\/11594\/revisions\/11601"}],"wp:featuredmedia":[{"embeddable":true,"href":"https:\/\/agora.xtec.cat\/ies-santa-eulalia\/wp-json\/wp\/v2\/media\/11596"}],"wp:attachment":[{"href":"https:\/\/agora.xtec.cat\/ies-santa-eulalia\/wp-json\/wp\/v2\/media?parent=11594"}],"wp:term":[{"taxonomy":"category","embeddable":true,"href":"https:\/\/agora.xtec.cat\/ies-santa-eulalia\/wp-json\/wp\/v2\/categories?post=11594"},{"taxonomy":"post_tag","embeddable":true,"href":"https:\/\/agora.xtec.cat\/ies-santa-eulalia\/wp-json\/wp\/v2\/tags?post=11594"}],"curies":[{"name":"wp","href":"https:\/\/api.w.org\/{rel}","templated":true}]}}