{"id":11506,"date":"2024-05-16T20:27:49","date_gmt":"2024-05-16T18:27:49","guid":{"rendered":"https:\/\/agora.xtec.cat\/ies-santa-eulalia\/?p=11506"},"modified":"2024-05-16T20:31:19","modified_gmt":"2024-05-16T18:31:19","slug":"participacio-al-mercat-de-cooperatives-escolars-de-santa-eulalia","status":"publish","type":"post","link":"https:\/\/agora.xtec.cat\/ies-santa-eulalia\/eso\/eso-3\/participacio-al-mercat-de-cooperatives-escolars-de-santa-eulalia\/","title":{"rendered":"Participaci\u00f3 al mercat de cooperatives escolars de Santa Eul\u00e0lia"},"content":{"rendered":"<p><a href=\"https:\/\/agora.xtec.cat\/ies-santa-eulalia\/wp-content\/uploads\/usu1612\/2024\/05\/emprenedoria-scaled.jpg\"><img loading=\"lazy\" decoding=\"async\" class=\"alignnone size-large wp-image-11510\" src=\"https:\/\/agora.xtec.cat\/ies-santa-eulalia\/wp-content\/uploads\/usu1612\/2024\/05\/emprenedoria-1024x461.jpg\" alt=\"\" width=\"1024\" height=\"461\" srcset=\"https:\/\/agora.xtec.cat\/ies-santa-eulalia\/wp-content\/uploads\/usu1612\/2024\/05\/emprenedoria-1024x461.jpg 1024w, https:\/\/agora.xtec.cat\/ies-santa-eulalia\/wp-content\/uploads\/usu1612\/2024\/05\/emprenedoria-300x135.jpg 300w, https:\/\/agora.xtec.cat\/ies-santa-eulalia\/wp-content\/uploads\/usu1612\/2024\/05\/emprenedoria-768x346.jpg 768w, https:\/\/agora.xtec.cat\/ies-santa-eulalia\/wp-content\/uploads\/usu1612\/2024\/05\/emprenedoria-1536x691.jpg 1536w, https:\/\/agora.xtec.cat\/ies-santa-eulalia\/wp-content\/uploads\/usu1612\/2024\/05\/emprenedoria-2048x922.jpg 2048w\" sizes=\"auto, (max-width: 1024px) 100vw, 1024px\" \/><\/a><\/p>\n<p>El divendres 10 de maig es va celebrar el mercat de cooperatives escolars al barri de Santa Eul\u00e0lia i la nostra cooperativa, formada per alumnes de tercer d\u2019ESO que cursen l\u2019Optativa d&#8217;Emprenedoria, va vendre els productes asturians que havien adquirit a la cooperativa d&#8217;una escola asturiana agermanada amb el nostre institut. Va ser tot un \u00e8xit de vendes ja que en poc temps es van exhaurir les exist\u00e8ncies.<\/p>\n<p>Un any m\u00e9s hem aconseguit participar en el programa Cultura emprenedora a l\u2019escola (CuEmE), impulsat per la Diputaci\u00f3 de Barcelona i al qual l\u2019Ajuntament de L\u2019Hospitalet dona suport. Volem felicitar a les professores del Departament de Ci\u00e8ncies Socials que enguany han contribu\u00eft a l&#8217;\u00e8xit d&#8217;aquesta activitat, Sacra Castillo i Marta Samper,\u00a0 juntament amb l&#8217;alumnat de 3r. d&#8217;ESO de l&#8217;Optativa d&#8217;Emprenedoria que es va implicar en el projecte.<\/p>\n<table style=\"border-collapse: collapse;width: 91.3294%;height: 710px\">\n<tbody>\n<tr style=\"height: 740px\">\n<td style=\"width: 61.8988%;height: 710px\">\n<table style=\"border-collapse: collapse;width: 100%;height: 420px\">\n<tbody>\n<tr style=\"height: 196px\">\n<td style=\"width: 100%;height: 196px\"><a href=\"https:\/\/agora.xtec.cat\/ies-santa-eulalia\/wp-content\/uploads\/usu1612\/2024\/05\/emprenedoria4-scaled.jpg\"><img loading=\"lazy\" decoding=\"async\" class=\"alignnone size-large wp-image-11512\" src=\"https:\/\/agora.xtec.cat\/ies-santa-eulalia\/wp-content\/uploads\/usu1612\/2024\/05\/emprenedoria4-1024x461.jpg\" alt=\"\" width=\"1024\" height=\"461\" srcset=\"https:\/\/agora.xtec.cat\/ies-santa-eulalia\/wp-content\/uploads\/usu1612\/2024\/05\/emprenedoria4-1024x461.jpg 1024w, https:\/\/agora.xtec.cat\/ies-santa-eulalia\/wp-content\/uploads\/usu1612\/2024\/05\/emprenedoria4-300x135.jpg 300w, https:\/\/agora.xtec.cat\/ies-santa-eulalia\/wp-content\/uploads\/usu1612\/2024\/05\/emprenedoria4-768x346.jpg 768w, https:\/\/agora.xtec.cat\/ies-santa-eulalia\/wp-content\/uploads\/usu1612\/2024\/05\/emprenedoria4-1536x691.jpg 1536w, https:\/\/agora.xtec.cat\/ies-santa-eulalia\/wp-content\/uploads\/usu1612\/2024\/05\/emprenedoria4-2048x922.jpg 2048w\" sizes=\"auto, (max-width: 1024px) 100vw, 1024px\" \/><\/a><\/td>\n<\/tr>\n<tr style=\"height: 196px\">\n<td style=\"width: 100%;height: 196px\"><a href=\"https:\/\/agora.xtec.cat\/ies-santa-eulalia\/wp-content\/uploads\/usu1612\/2024\/05\/emprenedoria2-scaled.jpg\"><img loading=\"lazy\" decoding=\"async\" class=\"alignnone size-large wp-image-11513\" src=\"https:\/\/agora.xtec.cat\/ies-santa-eulalia\/wp-content\/uploads\/usu1612\/2024\/05\/emprenedoria2-1024x461.jpg\" alt=\"\" width=\"1024\" height=\"461\" srcset=\"https:\/\/agora.xtec.cat\/ies-santa-eulalia\/wp-content\/uploads\/usu1612\/2024\/05\/emprenedoria2-1024x461.jpg 1024w, https:\/\/agora.xtec.cat\/ies-santa-eulalia\/wp-content\/uploads\/usu1612\/2024\/05\/emprenedoria2-300x135.jpg 300w, https:\/\/agora.xtec.cat\/ies-santa-eulalia\/wp-content\/uploads\/usu1612\/2024\/05\/emprenedoria2-768x346.jpg 768w, https:\/\/agora.xtec.cat\/ies-santa-eulalia\/wp-content\/uploads\/usu1612\/2024\/05\/emprenedoria2-1536x691.jpg 1536w, https:\/\/agora.xtec.cat\/ies-santa-eulalia\/wp-content\/uploads\/usu1612\/2024\/05\/emprenedoria2-2048x922.jpg 2048w\" sizes=\"auto, (max-width: 1024px) 100vw, 1024px\" \/><\/a><\/td>\n<\/tr>\n<tr style=\"height: 28px\">\n<td style=\"width: 100%;height: 28px\"><a href=\"https:\/\/agora.xtec.cat\/ies-santa-eulalia\/wp-content\/uploads\/usu1612\/2024\/05\/emprenedoria1-scaled.jpg\"><img loading=\"lazy\" decoding=\"async\" class=\"alignnone size-large wp-image-11509\" src=\"https:\/\/agora.xtec.cat\/ies-santa-eulalia\/wp-content\/uploads\/usu1612\/2024\/05\/emprenedoria1-1024x461.jpg\" alt=\"\" width=\"1024\" height=\"461\" srcset=\"https:\/\/agora.xtec.cat\/ies-santa-eulalia\/wp-content\/uploads\/usu1612\/2024\/05\/emprenedoria1-1024x461.jpg 1024w, https:\/\/agora.xtec.cat\/ies-santa-eulalia\/wp-content\/uploads\/usu1612\/2024\/05\/emprenedoria1-300x135.jpg 300w, https:\/\/agora.xtec.cat\/ies-santa-eulalia\/wp-content\/uploads\/usu1612\/2024\/05\/emprenedoria1-768x346.jpg 768w, https:\/\/agora.xtec.cat\/ies-santa-eulalia\/wp-content\/uploads\/usu1612\/2024\/05\/emprenedoria1-1536x691.jpg 1536w, https:\/\/agora.xtec.cat\/ies-santa-eulalia\/wp-content\/uploads\/usu1612\/2024\/05\/emprenedoria1-2048x922.jpg 2048w\" sizes=\"auto, (max-width: 1024px) 100vw, 1024px\" \/><\/a><\/td>\n<\/tr>\n<\/tbody>\n<\/table>\n<\/td>\n<td style=\"width: 38.1012%;height: 710px\"><a href=\"https:\/\/agora.xtec.cat\/ies-santa-eulalia\/wp-content\/uploads\/usu1612\/2024\/05\/emprenedoria3-scaled.jpg\"><img loading=\"lazy\" decoding=\"async\" class=\"size-large wp-image-11514 alignright\" src=\"https:\/\/agora.xtec.cat\/ies-santa-eulalia\/wp-content\/uploads\/usu1612\/2024\/05\/emprenedoria3-461x1024.jpg\" alt=\"\" width=\"461\" height=\"1024\" srcset=\"https:\/\/agora.xtec.cat\/ies-santa-eulalia\/wp-content\/uploads\/usu1612\/2024\/05\/emprenedoria3-461x1024.jpg 461w, https:\/\/agora.xtec.cat\/ies-santa-eulalia\/wp-content\/uploads\/usu1612\/2024\/05\/emprenedoria3-135x300.jpg 135w, https:\/\/agora.xtec.cat\/ies-santa-eulalia\/wp-content\/uploads\/usu1612\/2024\/05\/emprenedoria3-768x1707.jpg 768w, https:\/\/agora.xtec.cat\/ies-santa-eulalia\/wp-content\/uploads\/usu1612\/2024\/05\/emprenedoria3-691x1536.jpg 691w, https:\/\/agora.xtec.cat\/ies-santa-eulalia\/wp-content\/uploads\/usu1612\/2024\/05\/emprenedoria3-922x2048.jpg 922w, https:\/\/agora.xtec.cat\/ies-santa-eulalia\/wp-content\/uploads\/usu1612\/2024\/05\/emprenedoria3-scaled.jpg 1152w\" sizes=\"auto, (max-width: 461px) 100vw, 461px\" \/><\/a><\/td>\n<\/tr>\n<\/tbody>\n<\/table>\n<p>Podeu trobar m\u00e9s informaci\u00f3 a la not\u00edcia de <a href=\"https:\/\/lhdigital.cat\/noticies\/les-cooperatives-escolars-venen-els-seus-productes-als-veins-de-lhospitalet\/\">L&#8217;Hospitalet digital<\/a><\/p>\n","protected":false},"excerpt":{"rendered":"<p><a href=\"https:\/\/agora.xtec.cat\/ies-santa-eulalia\/wp-content\/uploads\/usu1612\/2024\/05\/emprenedoria-scaled.jpg\"><\/a><br \/>\nEl divendres 10 de maig es va celebrar el mercat de cooperatives escolars al barri de Santa Eul\u00e0lia i la nostra cooperativa, formada per alumnes de tercer d\u2019ESO que cursen l\u2019Optativa d&#8217;Emprenedoria, va vendre els productes asturians que havien adquirit a la cooperativa d&#8217;una&hellip;  <a href=\"https:\/\/agora.xtec.cat\/ies-santa-eulalia\/eso\/eso-3\/participacio-al-mercat-de-cooperatives-escolars-de-santa-eulalia\/\" title=\"Read Participaci\u00f3 al mercat de cooperatives escolars de Santa Eul\u00e0lia\">Llegeix m\u00e9s\u00bb<\/a><\/p>\n","protected":false},"author":18,"featured_media":11510,"comment_status":"open","ping_status":"closed","sticky":false,"template":"","format":"standard","meta":{"_bbp_topic_count":0,"_bbp_reply_count":0,"_bbp_total_topic_count":0,"_bbp_total_reply_count":0,"_bbp_voice_count":0,"_bbp_anonymous_reply_count":0,"_bbp_topic_count_hidden":0,"_bbp_reply_count_hidden":0,"_bbp_forum_subforum_count":0,"footnotes":""},"categories":[155,6,29],"tags":[],"class_list":["post-11506","post","type-post","status-publish","format-standard","has-post-thumbnail","hentry","category-novetats-economia","category-eso-3","category-portada"],"post_mailing_queue_ids":[],"_links":{"self":[{"href":"https:\/\/agora.xtec.cat\/ies-santa-eulalia\/wp-json\/wp\/v2\/posts\/11506","targetHints":{"allow":["GET"]}}],"collection":[{"href":"https:\/\/agora.xtec.cat\/ies-santa-eulalia\/wp-json\/wp\/v2\/posts"}],"about":[{"href":"https:\/\/agora.xtec.cat\/ies-santa-eulalia\/wp-json\/wp\/v2\/types\/post"}],"author":[{"embeddable":true,"href":"https:\/\/agora.xtec.cat\/ies-santa-eulalia\/wp-json\/wp\/v2\/users\/18"}],"replies":[{"embeddable":true,"href":"https:\/\/agora.xtec.cat\/ies-santa-eulalia\/wp-json\/wp\/v2\/comments?post=11506"}],"version-history":[{"count":3,"href":"https:\/\/agora.xtec.cat\/ies-santa-eulalia\/wp-json\/wp\/v2\/posts\/11506\/revisions"}],"predecessor-version":[{"id":11516,"href":"https:\/\/agora.xtec.cat\/ies-santa-eulalia\/wp-json\/wp\/v2\/posts\/11506\/revisions\/11516"}],"wp:featuredmedia":[{"embeddable":true,"href":"https:\/\/agora.xtec.cat\/ies-santa-eulalia\/wp-json\/wp\/v2\/media\/11510"}],"wp:attachment":[{"href":"https:\/\/agora.xtec.cat\/ies-santa-eulalia\/wp-json\/wp\/v2\/media?parent=11506"}],"wp:term":[{"taxonomy":"category","embeddable":true,"href":"https:\/\/agora.xtec.cat\/ies-santa-eulalia\/wp-json\/wp\/v2\/categories?post=11506"},{"taxonomy":"post_tag","embeddable":true,"href":"https:\/\/agora.xtec.cat\/ies-santa-eulalia\/wp-json\/wp\/v2\/tags?post=11506"}],"curies":[{"name":"wp","href":"https:\/\/api.w.org\/{rel}","templated":true}]}}