{"id":11315,"date":"2024-03-13T11:20:40","date_gmt":"2024-03-13T10:20:40","guid":{"rendered":"https:\/\/agora.xtec.cat\/ies-santa-eulalia\/?p=11315"},"modified":"2024-03-13T11:20:40","modified_gmt":"2024-03-13T10:20:40","slug":"viatge-a-londres-2n-batxillerat-2","status":"publish","type":"post","link":"https:\/\/agora.xtec.cat\/ies-santa-eulalia\/general\/viatge-a-londres-2n-batxillerat-2\/","title":{"rendered":"Viatge a Londres 2n Batxillerat"},"content":{"rendered":"<p>L&#8217;\u00faltima setmana de febrer, un grup d&#8217;alumnes de batxillerat van fer el viatge de fi d&#8217;etapa a Londres.<\/p>\n<p>Van ser quatre dies molt intensos ja que van visitar diferents museus i llocs emblem\u00e0tics de la capital del Regne Unit. Van gaudir d&#8217;un temps molt b\u00f3 per\u00f2 tamb\u00e9 van con\u00e8ixer un t\u00edpic dia angl\u00e8s.<\/p>\n<p>Aqu\u00ed podeu veure una petita mostra del viatge.<\/p>\n<p><a href=\"https:\/\/agora.xtec.cat\/ies-santa-eulalia\/wp-content\/uploads\/usu1612\/2024\/03\/IMG_2349.jpg\"><img loading=\"lazy\" decoding=\"async\" class=\"alignleft size-full wp-image-11316\" src=\"https:\/\/agora.xtec.cat\/ies-santa-eulalia\/wp-content\/uploads\/usu1612\/2024\/03\/IMG_2349.jpg\" alt=\"\" width=\"1125\" height=\"847\" srcset=\"https:\/\/agora.xtec.cat\/ies-santa-eulalia\/wp-content\/uploads\/usu1612\/2024\/03\/IMG_2349.jpg 1125w, https:\/\/agora.xtec.cat\/ies-santa-eulalia\/wp-content\/uploads\/usu1612\/2024\/03\/IMG_2349-300x226.jpg 300w, https:\/\/agora.xtec.cat\/ies-santa-eulalia\/wp-content\/uploads\/usu1612\/2024\/03\/IMG_2349-1024x771.jpg 1024w, https:\/\/agora.xtec.cat\/ies-santa-eulalia\/wp-content\/uploads\/usu1612\/2024\/03\/IMG_2349-768x578.jpg 768w, https:\/\/agora.xtec.cat\/ies-santa-eulalia\/wp-content\/uploads\/usu1612\/2024\/03\/IMG_2349-200x150.jpg 200w\" sizes=\"auto, (max-width: 1125px) 100vw, 1125px\" \/><\/a> <a href=\"https:\/\/agora.xtec.cat\/ies-santa-eulalia\/wp-content\/uploads\/usu1612\/2024\/03\/IMG_2350-1.jpg\"><img loading=\"lazy\" decoding=\"async\" class=\"alignleft size-full wp-image-11317\" src=\"https:\/\/agora.xtec.cat\/ies-santa-eulalia\/wp-content\/uploads\/usu1612\/2024\/03\/IMG_2350-1.jpg\" alt=\"\" width=\"1125\" height=\"845\" srcset=\"https:\/\/agora.xtec.cat\/ies-santa-eulalia\/wp-content\/uploads\/usu1612\/2024\/03\/IMG_2350-1.jpg 1125w, https:\/\/agora.xtec.cat\/ies-santa-eulalia\/wp-content\/uploads\/usu1612\/2024\/03\/IMG_2350-1-300x225.jpg 300w, https:\/\/agora.xtec.cat\/ies-santa-eulalia\/wp-content\/uploads\/usu1612\/2024\/03\/IMG_2350-1-1024x769.jpg 1024w, https:\/\/agora.xtec.cat\/ies-santa-eulalia\/wp-content\/uploads\/usu1612\/2024\/03\/IMG_2350-1-768x577.jpg 768w, https:\/\/agora.xtec.cat\/ies-santa-eulalia\/wp-content\/uploads\/usu1612\/2024\/03\/IMG_2350-1-200x150.jpg 200w\" sizes=\"auto, (max-width: 1125px) 100vw, 1125px\" \/><\/a> <a href=\"https:\/\/agora.xtec.cat\/ies-santa-eulalia\/wp-content\/uploads\/usu1612\/2024\/03\/IMG_2348.jpg\"><img loading=\"lazy\" decoding=\"async\" class=\"alignleft size-full wp-image-11318\" src=\"https:\/\/agora.xtec.cat\/ies-santa-eulalia\/wp-content\/uploads\/usu1612\/2024\/03\/IMG_2348.jpg\" alt=\"\" width=\"1125\" height=\"1125\" srcset=\"https:\/\/agora.xtec.cat\/ies-santa-eulalia\/wp-content\/uploads\/usu1612\/2024\/03\/IMG_2348.jpg 1125w, https:\/\/agora.xtec.cat\/ies-santa-eulalia\/wp-content\/uploads\/usu1612\/2024\/03\/IMG_2348-300x300.jpg 300w, https:\/\/agora.xtec.cat\/ies-santa-eulalia\/wp-content\/uploads\/usu1612\/2024\/03\/IMG_2348-1024x1024.jpg 1024w, https:\/\/agora.xtec.cat\/ies-santa-eulalia\/wp-content\/uploads\/usu1612\/2024\/03\/IMG_2348-150x150.jpg 150w, https:\/\/agora.xtec.cat\/ies-santa-eulalia\/wp-content\/uploads\/usu1612\/2024\/03\/IMG_2348-768x768.jpg 768w\" sizes=\"auto, (max-width: 1125px) 100vw, 1125px\" \/><\/a><\/p>\n","protected":false},"excerpt":{"rendered":"<p>L&#8217;\u00faltima setmana de febrer, un grup d&#8217;alumnes de batxillerat van fer el viatge de fi d&#8217;etapa a Londres.<br \/>\nVan ser quatre dies molt intensos ja que van visitar diferents museus i llocs emblem\u00e0tics de la capital del Regne Unit. Van gaudir d&#8217;un temps molt b\u00f3 per\u00f2&hellip;  <a href=\"https:\/\/agora.xtec.cat\/ies-santa-eulalia\/general\/viatge-a-londres-2n-batxillerat-2\/\" title=\"Read Viatge a Londres 2n Batxillerat\">Llegeix m\u00e9s\u00bb<\/a><\/p>\n","protected":false},"author":1,"featured_media":11318,"comment_status":"open","ping_status":"closed","sticky":false,"template":"","format":"standard","meta":{"_bbp_topic_count":0,"_bbp_reply_count":0,"_bbp_total_topic_count":0,"_bbp_total_reply_count":0,"_bbp_voice_count":0,"_bbp_anonymous_reply_count":0,"_bbp_topic_count_hidden":0,"_bbp_reply_count_hidden":0,"_bbp_forum_subforum_count":0,"footnotes":""},"categories":[174,138,8,1],"tags":[512,161,160],"class_list":["post-11315","post","type-post","status-publish","format-standard","has-post-thumbnail","hentry","category-2n-batxillerat","category-novetats-llengues-estrangeres-angles","category-batxillerat","category-general","tag-london","tag-londres","tag-viatge"],"post_mailing_queue_ids":[],"_links":{"self":[{"href":"https:\/\/agora.xtec.cat\/ies-santa-eulalia\/wp-json\/wp\/v2\/posts\/11315","targetHints":{"allow":["GET"]}}],"collection":[{"href":"https:\/\/agora.xtec.cat\/ies-santa-eulalia\/wp-json\/wp\/v2\/posts"}],"about":[{"href":"https:\/\/agora.xtec.cat\/ies-santa-eulalia\/wp-json\/wp\/v2\/types\/post"}],"author":[{"embeddable":true,"href":"https:\/\/agora.xtec.cat\/ies-santa-eulalia\/wp-json\/wp\/v2\/users\/1"}],"replies":[{"embeddable":true,"href":"https:\/\/agora.xtec.cat\/ies-santa-eulalia\/wp-json\/wp\/v2\/comments?post=11315"}],"version-history":[{"count":1,"href":"https:\/\/agora.xtec.cat\/ies-santa-eulalia\/wp-json\/wp\/v2\/posts\/11315\/revisions"}],"predecessor-version":[{"id":11319,"href":"https:\/\/agora.xtec.cat\/ies-santa-eulalia\/wp-json\/wp\/v2\/posts\/11315\/revisions\/11319"}],"wp:featuredmedia":[{"embeddable":true,"href":"https:\/\/agora.xtec.cat\/ies-santa-eulalia\/wp-json\/wp\/v2\/media\/11318"}],"wp:attachment":[{"href":"https:\/\/agora.xtec.cat\/ies-santa-eulalia\/wp-json\/wp\/v2\/media?parent=11315"}],"wp:term":[{"taxonomy":"category","embeddable":true,"href":"https:\/\/agora.xtec.cat\/ies-santa-eulalia\/wp-json\/wp\/v2\/categories?post=11315"},{"taxonomy":"post_tag","embeddable":true,"href":"https:\/\/agora.xtec.cat\/ies-santa-eulalia\/wp-json\/wp\/v2\/tags?post=11315"}],"curies":[{"name":"wp","href":"https:\/\/api.w.org\/{rel}","templated":true}]}}