{"id":11279,"date":"2024-03-06T14:10:21","date_gmt":"2024-03-06T13:10:21","guid":{"rendered":"https:\/\/agora.xtec.cat\/ies-santa-eulalia\/?p=11279"},"modified":"2024-03-06T14:10:21","modified_gmt":"2024-03-06T13:10:21","slug":"certamen-lectura-en-veu-alta","status":"publish","type":"post","link":"https:\/\/agora.xtec.cat\/ies-santa-eulalia\/general\/certamen-lectura-en-veu-alta\/","title":{"rendered":"Certamen Lectura en veu alta"},"content":{"rendered":"<p dir=\"ltr\">Des de l\u2019assignatura alternativa de \u201cLectura en Veu Alta\u201d, tres alumnes de quart d\u2019ESO han estat seleccionats per representar l\u2019Institut Santa Eul\u00e0lia en la Semifinal Territorial de la vintena edici\u00f3 del certamen que duu el mateix nom. Al Conservatori Municipal de M\u00fasica de Barcelona, la Isabel Castillo, la Laia Peris i l\u2019Hugo Gonz\u00e1lez han interpretat un fragment de la novel\u00b7la <em>Nascuts per ser breus<\/em>, de Toni Mata\u2026i han sortit guanyadors de la competici\u00f3! Repetiran l\u2019experi\u00e8ncia a la final territorial a finals del mes d\u2019abril. Des del centre treballarem per aconseguir bons resultats en la propera fase i els oferirem tot el nostre suport. Enhorabona!<\/p>\n<p dir=\"ltr\">Tamb\u00e9 han participat al concurs els alumnes d\u2019Aula d\u2019Acollida en la categoria corresponent. Han demostrat un gran esfor\u00e7 i valentia per expressar-se en llengua catalana i oralment davant d\u2019un p\u00fablic tan gran. Mereixen una enorme felicitaci\u00f3!<\/p>\n<p dir=\"ltr\"><a href=\"https:\/\/agora.xtec.cat\/ies-santa-eulalia\/wp-content\/uploads\/usu1612\/2024\/03\/d9e3cafd-f0fb-4a22-8877-6dcb54d9952d.jpg\"><img loading=\"lazy\" decoding=\"async\" class=\"alignnone size-large wp-image-11280\" src=\"https:\/\/agora.xtec.cat\/ies-santa-eulalia\/wp-content\/uploads\/usu1612\/2024\/03\/d9e3cafd-f0fb-4a22-8877-6dcb54d9952d-1024x576.jpg\" alt=\"\" width=\"1024\" height=\"576\" srcset=\"https:\/\/agora.xtec.cat\/ies-santa-eulalia\/wp-content\/uploads\/usu1612\/2024\/03\/d9e3cafd-f0fb-4a22-8877-6dcb54d9952d-1024x576.jpg 1024w, https:\/\/agora.xtec.cat\/ies-santa-eulalia\/wp-content\/uploads\/usu1612\/2024\/03\/d9e3cafd-f0fb-4a22-8877-6dcb54d9952d-300x169.jpg 300w, https:\/\/agora.xtec.cat\/ies-santa-eulalia\/wp-content\/uploads\/usu1612\/2024\/03\/d9e3cafd-f0fb-4a22-8877-6dcb54d9952d-768x432.jpg 768w, https:\/\/agora.xtec.cat\/ies-santa-eulalia\/wp-content\/uploads\/usu1612\/2024\/03\/d9e3cafd-f0fb-4a22-8877-6dcb54d9952d-1536x864.jpg 1536w, https:\/\/agora.xtec.cat\/ies-santa-eulalia\/wp-content\/uploads\/usu1612\/2024\/03\/d9e3cafd-f0fb-4a22-8877-6dcb54d9952d.jpg 2000w\" sizes=\"auto, (max-width: 1024px) 100vw, 1024px\" \/><\/a> <a href=\"https:\/\/agora.xtec.cat\/ies-santa-eulalia\/wp-content\/uploads\/usu1612\/2024\/03\/e2840920-713e-485b-abe7-07a05749e3dd.jpg\"><img loading=\"lazy\" decoding=\"async\" class=\"alignnone size-large wp-image-11281\" src=\"https:\/\/agora.xtec.cat\/ies-santa-eulalia\/wp-content\/uploads\/usu1612\/2024\/03\/e2840920-713e-485b-abe7-07a05749e3dd-1024x576.jpg\" alt=\"\" width=\"1024\" height=\"576\" srcset=\"https:\/\/agora.xtec.cat\/ies-santa-eulalia\/wp-content\/uploads\/usu1612\/2024\/03\/e2840920-713e-485b-abe7-07a05749e3dd-1024x576.jpg 1024w, https:\/\/agora.xtec.cat\/ies-santa-eulalia\/wp-content\/uploads\/usu1612\/2024\/03\/e2840920-713e-485b-abe7-07a05749e3dd-300x169.jpg 300w, https:\/\/agora.xtec.cat\/ies-santa-eulalia\/wp-content\/uploads\/usu1612\/2024\/03\/e2840920-713e-485b-abe7-07a05749e3dd-768x432.jpg 768w, https:\/\/agora.xtec.cat\/ies-santa-eulalia\/wp-content\/uploads\/usu1612\/2024\/03\/e2840920-713e-485b-abe7-07a05749e3dd-1536x864.jpg 1536w, https:\/\/agora.xtec.cat\/ies-santa-eulalia\/wp-content\/uploads\/usu1612\/2024\/03\/e2840920-713e-485b-abe7-07a05749e3dd.jpg 2000w\" sizes=\"auto, (max-width: 1024px) 100vw, 1024px\" \/><\/a><\/p>\n","protected":false},"excerpt":{"rendered":"<p>Des de l\u2019assignatura alternativa de \u201cLectura en Veu Alta\u201d, tres alumnes de quart d\u2019ESO han estat seleccionats per representar l\u2019Institut Santa Eul\u00e0lia en la Semifinal Territorial de la vintena edici\u00f3 del certamen que duu el mateix nom. Al Conservatori Municipal de M\u00fasica de Barcelona, la&hellip;  <a href=\"https:\/\/agora.xtec.cat\/ies-santa-eulalia\/general\/certamen-lectura-en-veu-alta\/\" title=\"Read Certamen Lectura en veu alta\">Llegeix m\u00e9s\u00bb<\/a><\/p>\n","protected":false},"author":76,"featured_media":11280,"comment_status":"open","ping_status":"closed","sticky":false,"template":"","format":"standard","meta":{"_bbp_topic_count":0,"_bbp_reply_count":0,"_bbp_total_topic_count":0,"_bbp_total_reply_count":0,"_bbp_voice_count":0,"_bbp_anonymous_reply_count":0,"_bbp_topic_count_hidden":0,"_bbp_reply_count_hidden":0,"_bbp_forum_subforum_count":0,"footnotes":""},"categories":[136,3,7,1,29],"tags":[234,288,504,211,503],"class_list":["post-11279","post","type-post","status-publish","format-standard","has-post-thumbnail","hentry","category-novetats-catala","category-eso","category-eso-4","category-general","category-portada","tag-copem","tag-4t-eso","tag-aula-dacollida","tag-eso","tag-lectura-en-veu-alta"],"post_mailing_queue_ids":[],"_links":{"self":[{"href":"https:\/\/agora.xtec.cat\/ies-santa-eulalia\/wp-json\/wp\/v2\/posts\/11279","targetHints":{"allow":["GET"]}}],"collection":[{"href":"https:\/\/agora.xtec.cat\/ies-santa-eulalia\/wp-json\/wp\/v2\/posts"}],"about":[{"href":"https:\/\/agora.xtec.cat\/ies-santa-eulalia\/wp-json\/wp\/v2\/types\/post"}],"author":[{"embeddable":true,"href":"https:\/\/agora.xtec.cat\/ies-santa-eulalia\/wp-json\/wp\/v2\/users\/76"}],"replies":[{"embeddable":true,"href":"https:\/\/agora.xtec.cat\/ies-santa-eulalia\/wp-json\/wp\/v2\/comments?post=11279"}],"version-history":[{"count":1,"href":"https:\/\/agora.xtec.cat\/ies-santa-eulalia\/wp-json\/wp\/v2\/posts\/11279\/revisions"}],"predecessor-version":[{"id":11282,"href":"https:\/\/agora.xtec.cat\/ies-santa-eulalia\/wp-json\/wp\/v2\/posts\/11279\/revisions\/11282"}],"wp:featuredmedia":[{"embeddable":true,"href":"https:\/\/agora.xtec.cat\/ies-santa-eulalia\/wp-json\/wp\/v2\/media\/11280"}],"wp:attachment":[{"href":"https:\/\/agora.xtec.cat\/ies-santa-eulalia\/wp-json\/wp\/v2\/media?parent=11279"}],"wp:term":[{"taxonomy":"category","embeddable":true,"href":"https:\/\/agora.xtec.cat\/ies-santa-eulalia\/wp-json\/wp\/v2\/categories?post=11279"},{"taxonomy":"post_tag","embeddable":true,"href":"https:\/\/agora.xtec.cat\/ies-santa-eulalia\/wp-json\/wp\/v2\/tags?post=11279"}],"curies":[{"name":"wp","href":"https:\/\/api.w.org\/{rel}","templated":true}]}}