{"id":1125,"date":"2017-11-10T11:25:36","date_gmt":"2017-11-10T10:25:36","guid":{"rendered":"http:\/\/agora.xtec.cat\/ies-santa-eulalia\/?p=1125"},"modified":"2018-10-24T09:57:22","modified_gmt":"2018-10-24T07:57:22","slug":"projecte-eje","status":"publish","type":"post","link":"https:\/\/agora.xtec.cat\/ies-santa-eulalia\/general\/projecte-eje\/","title":{"rendered":"Projecte EJE"},"content":{"rendered":"<p>&nbsp;<\/p>\n<h2>Qu\u00e8 \u00e9s EJE ?<\/h2>\n<p>&nbsp;<\/p>\n<p>El projecte EJE (Empresa Jove Europea)\u00a0proposa a l&#8217;alumnat crear i gestionar la seva pr\u00f2pia mini-empresa a l&#8217;aula, prenent la forma jur\u00eddica de societat cooperativa. Aquesta establir\u00e0 relacions comercials amb mini-empreses d&#8217;altres comunitats aut\u00f2nomes o pa\u00efsos amb l&#8217;objectiu de &#8220;importar&#8221; i &#8220;exportar&#8221; productes entre si. Els productes importats seran comercialitzats en el mercat local per posteriorment analitzar els resultats i repartir els beneficis obtinguts, de la mateixa manera que qualsevol empresa real.<\/p>\n<p>Per finalitzar, despr\u00e9s de fer un an\u00e0lisi\u00a0de resultats, es dissoldr\u00e0 la cooperativa i amb els guanys es pret\u00e9n retornar la inversi\u00f3 inicial i participar en alguna obra social que ells seleccionin.<\/p>\n<p>Si voleu tenir m\u00e9s informaci\u00f3 i seguir la seva evoluci\u00f3 podeu adre\u00e7ar-vos al\u00a0seg\u00fcent enlla\u00e7:<\/p>\n<p><a href=\"http:\/\/www.valnaloneduca.com\/eje\/ficha\/22\/\" data-saferedirecturl=\"https:\/\/www.google.com\/url?q=http:\/\/www.valnaloneduca.com\/eje\/ficha\/22\/&amp;source=gmail&amp;ust=1540453814508000&amp;usg=AFQjCNG2TI-yhCSOUDLn8Yebq6viHZ1o9g\">http:\/\/www.valnaloneduca.com\/eje\/ficha\/22\/<\/a><\/p>\n<p>&nbsp;<\/p>\n<p><a href=\"http:\/\/www.valnaloneduca.com\/eje\/ficha\/49\/\"><img loading=\"lazy\" decoding=\"async\" class=\"size-medium wp-image-1130 alignleft\" src=\"http:\/\/agora.xtec.cat\/ies-santa-eulalia\/wp-content\/uploads\/usu1612\/2017\/11\/alternativa_flash-300x102.jpg\" alt=\"\" width=\"300\" height=\"102\" srcset=\"https:\/\/agora.xtec.cat\/ies-santa-eulalia\/wp-content\/uploads\/usu1612\/2017\/11\/alternativa_flash-300x102.jpg 300w, https:\/\/agora.xtec.cat\/ies-santa-eulalia\/wp-content\/uploads\/usu1612\/2017\/11\/alternativa_flash.jpg 679w\" sizes=\"auto, (max-width: 300px) 100vw, 300px\" \/><\/a><\/p>\n<p>&nbsp;<\/p>\n<p>click a la imatge<\/p>\n<p>&nbsp;<\/p>\n<p>&nbsp;<\/p>\n","protected":false},"excerpt":{"rendered":"<p>&nbsp;<br \/>\nQu\u00e8 \u00e9s EJE ?<br \/>\n&nbsp;<br \/>\nEl projecte EJE (Empresa Jove Europea)\u00a0proposa a l&#8217;alumnat crear i gestionar la seva pr\u00f2pia mini-empresa a l&#8217;aula, prenent la forma jur\u00eddica de societat cooperativa. Aquesta establir\u00e0 relacions comercials amb mini-empreses d&#8217;altres comunitats aut\u00f2nomes o pa\u00efsos amb l&#8217;objectiu de &#8220;importar&#8221; i &#8220;exportar&#8221; productes&hellip;  <a href=\"https:\/\/agora.xtec.cat\/ies-santa-eulalia\/general\/projecte-eje\/\" title=\"Read Projecte EJE\">Llegeix m\u00e9s\u00bb<\/a><\/p>\n","protected":false},"author":1,"featured_media":1119,"comment_status":"open","ping_status":"closed","sticky":false,"template":"","format":"standard","meta":{"_bbp_topic_count":0,"_bbp_reply_count":0,"_bbp_total_topic_count":0,"_bbp_total_reply_count":0,"_bbp_voice_count":0,"_bbp_anonymous_reply_count":0,"_bbp_topic_count_hidden":0,"_bbp_reply_count_hidden":0,"_bbp_forum_subforum_count":0,"footnotes":""},"categories":[1],"tags":[],"class_list":["post-1125","post","type-post","status-publish","format-standard","has-post-thumbnail","hentry","category-general"],"post_mailing_queue_ids":[],"_links":{"self":[{"href":"https:\/\/agora.xtec.cat\/ies-santa-eulalia\/wp-json\/wp\/v2\/posts\/1125","targetHints":{"allow":["GET"]}}],"collection":[{"href":"https:\/\/agora.xtec.cat\/ies-santa-eulalia\/wp-json\/wp\/v2\/posts"}],"about":[{"href":"https:\/\/agora.xtec.cat\/ies-santa-eulalia\/wp-json\/wp\/v2\/types\/post"}],"author":[{"embeddable":true,"href":"https:\/\/agora.xtec.cat\/ies-santa-eulalia\/wp-json\/wp\/v2\/users\/1"}],"replies":[{"embeddable":true,"href":"https:\/\/agora.xtec.cat\/ies-santa-eulalia\/wp-json\/wp\/v2\/comments?post=1125"}],"version-history":[{"count":4,"href":"https:\/\/agora.xtec.cat\/ies-santa-eulalia\/wp-json\/wp\/v2\/posts\/1125\/revisions"}],"predecessor-version":[{"id":2903,"href":"https:\/\/agora.xtec.cat\/ies-santa-eulalia\/wp-json\/wp\/v2\/posts\/1125\/revisions\/2903"}],"wp:featuredmedia":[{"embeddable":true,"href":"https:\/\/agora.xtec.cat\/ies-santa-eulalia\/wp-json\/wp\/v2\/media\/1119"}],"wp:attachment":[{"href":"https:\/\/agora.xtec.cat\/ies-santa-eulalia\/wp-json\/wp\/v2\/media?parent=1125"}],"wp:term":[{"taxonomy":"category","embeddable":true,"href":"https:\/\/agora.xtec.cat\/ies-santa-eulalia\/wp-json\/wp\/v2\/categories?post=1125"},{"taxonomy":"post_tag","embeddable":true,"href":"https:\/\/agora.xtec.cat\/ies-santa-eulalia\/wp-json\/wp\/v2\/tags?post=1125"}],"curies":[{"name":"wp","href":"https:\/\/api.w.org\/{rel}","templated":true}]}}