{"id":11207,"date":"2024-02-23T12:31:58","date_gmt":"2024-02-23T11:31:58","guid":{"rendered":"https:\/\/agora.xtec.cat\/ies-santa-eulalia\/?p=11207"},"modified":"2024-09-03T11:17:14","modified_gmt":"2024-09-03T09:17:14","slug":"preinscripcio-eso-24-25-presentacio-de-sollicituds-del-8-al-20-de-marc","status":"publish","type":"post","link":"https:\/\/agora.xtec.cat\/ies-santa-eulalia\/general\/preinscripcio-eso-24-25-presentacio-de-sollicituds-del-8-al-20-de-marc\/","title":{"rendered":"Matr\u00edcula ESO 24-25: Llistat alumnes assignats i preinscrits 24-25"},"content":{"rendered":"<p>Aqu\u00ed anirem publicant informaci\u00f3 rellevant a la preinscripci\u00f3 ESO 24-25<\/p>\n<ul>\n<li><span style=\"color: #0000ff;\"><a style=\"color: #0000ff;\" href=\"https:\/\/drive.google.com\/file\/d\/1oABGsoyYu5FDwwGHxXrCjfx-B8AWXoJD\/view?usp=drive_link\">Oferta inicial de places 24-25 (actualitzat a 5 de mar\u00e7 del 2024)<\/a><\/span><\/li>\n<li><strong>Presentaci\u00f3 de sol\u00b7licituds<\/strong>\u00a0de preinscripci\u00f3:\u00a0<strong>del 8 al 20 mar\u00e7<\/strong><\/li>\n<li><strong>Tota la informaci\u00f3 de la preinscripci\u00f3<\/strong>\u00a0de l\u2019ESO la trobareu fent clic en el seg\u00fcent\u00a0<a href=\"https:\/\/preinscripcio.gencat.cat\/ca\/estudis\/eso\/inici\/\" target=\"_blank\" rel=\"noopener\">enlla\u00e7<\/a>.<\/li>\n<\/ul>\n<p>Altra informaci\u00f3 del vostre inter\u00e8s:<\/p>\n<ul>\n<li><a href=\"https:\/\/drive.google.com\/file\/d\/1EvzGh-up4UQAnfo-LhKIl8LD-OX5aPMr\/view?usp=drive_link\">Llistat sol\u00b7licituds amb puntuaci\u00f3 provisional 24-25 ( actualitzat a 17\/04\/24)<\/a><\/li>\n<li><a href=\"https:\/\/drive.google.com\/file\/d\/1JlP8jfZzAr48d28_ITTEWCnEWUg_njYn\/view?usp=drive_link\"><span style=\"color: #99cc00;\">Llistat sol\u00b7licituds amb puntuaci\u00f3 definitiva<\/span><\/a> (actualitzat a 25\/4)<\/li>\n<li><a href=\"https:\/\/drive.google.com\/file\/d\/1JB61Roa7E3FIhf-M-zRQVINOzhmlG_yQ\/view?usp=drive_link\"><strong>Llista ordenada\u00a0 (actualitzat a 2\/5)<\/strong><\/a><\/li>\n<li><a href=\"https:\/\/drive.google.com\/file\/d\/1gW0ljLl3WyCWtdzauuvEDwOvEGHRQ1qe\/view?usp=drive_link\">Oferta definitiva places<\/a><\/li>\n<li><a href=\"https:\/\/drive.google.com\/file\/d\/1hc40eTIY40Rce9wW0yjzCIIZFo8-JN8o\/view?usp=drive_link\">Llistat alumnes assignats al centre<\/a><\/li>\n<li><a href=\"https:\/\/drive.google.com\/file\/d\/1sxBi-OLUDKECo42NmaM-gDnzXOZpBNHZ\/view?usp=drive_link\">Llistat alumnes preinscrits al centre<\/a><\/li>\n<li><a href=\"https:\/\/drive.google.com\/file\/d\/1IqODzIlNLwJamXFolmgUL6MgmX93Wj00\/view?usp=drive_link\">Publicaci\u00f3 de la llista d&#8217;espera del centre<\/a><\/li>\n<li>Matr\u00edcula ESO: del 18 al 26 de juny<\/li>\n<\/ul>\n<p><a href=\"https:\/\/agora.xtec.cat\/ies-santa-eulalia\/wp-content\/uploads\/usu1612\/2023\/03\/baixa.jpg\"><img loading=\"lazy\" decoding=\"async\" class=\"size-full wp-image-10230 aligncenter\" src=\"https:\/\/agora.xtec.cat\/ies-santa-eulalia\/wp-content\/uploads\/usu1612\/2023\/03\/baixa.jpg\" alt=\"\" width=\"301\" height=\"167\" \/><\/a><\/p>\n","protected":false},"excerpt":{"rendered":"<p>Aqu\u00ed anirem publicant informaci\u00f3 rellevant a la preinscripci\u00f3 ESO 24-25<\/p>\n<ul>\n<li><a style=\"color: #0000ff;\" href=\"https:\/\/drive.google.com\/file\/d\/1oABGsoyYu5FDwwGHxXrCjfx-B8AWXoJD\/view?usp=drive_link\">Oferta inicial de places 24-25 (actualitzat a 5 de mar\u00e7 del 2024)<\/a><\/li>\n<li>Presentaci\u00f3 de sol\u00b7licituds\u00a0de preinscripci\u00f3:\u00a0del 8 al 20 mar\u00e7<\/li>\n<li>Tota la informaci\u00f3 de la preinscripci\u00f3\u00a0de l\u2019ESO la trobareu fent clic en el seg\u00fcent\u00a0<a href=\"https:\/\/preinscripcio.gencat.cat\/ca\/estudis\/eso\/inici\/\"&hellip;  <a href=\"https:\/\/agora.xtec.cat\/ies-santa-eulalia\/general\/preinscripcio-eso-24-25-presentacio-de-sollicituds-del-8-al-20-de-marc\/\" title=\"Read Matr\u00edcula ESO 24-25: Llistat alumnes assignats i preinscrits 24-25\">Llegeix m\u00e9s\u00bb<\/a><br \/>\n","protected":false},"author":1,"featured_media":11224,"comment_status":"open","ping_status":"closed","sticky":false,"template":"","format":"standard","meta":{"_bbp_topic_count":0,"_bbp_reply_count":0,"_bbp_total_topic_count":0,"_bbp_total_reply_count":0,"_bbp_voice_count":0,"_bbp_anonymous_reply_count":0,"_bbp_topic_count_hidden":0,"_bbp_reply_count_hidden":0,"_bbp_forum_subforum_count":0,"footnotes":""},"categories":[3,1,29],"tags":[195,196],"class_list":["post-11207","post","type-post","status-publish","format-standard","has-post-thumbnail","hentry","category-eso","category-general","category-portada","tag-colonies","tag-vall-de-nuria"],"post_mailing_queue_ids":[],"_links":{"self":[{"href":"https:\/\/agora.xtec.cat\/ies-santa-eulalia\/wp-json\/wp\/v2\/posts\/11207","targetHints":{"allow":["GET"]}}],"collection":[{"href":"https:\/\/agora.xtec.cat\/ies-santa-eulalia\/wp-json\/wp\/v2\/posts"}],"about":[{"href":"https:\/\/agora.xtec.cat\/ies-santa-eulalia\/wp-json\/wp\/v2\/types\/post"}],"author":[{"embeddable":true,"href":"https:\/\/agora.xtec.cat\/ies-santa-eulalia\/wp-json\/wp\/v2\/users\/1"}],"replies":[{"embeddable":true,"href":"https:\/\/agora.xtec.cat\/ies-santa-eulalia\/wp-json\/wp\/v2\/comments?post=11207"}],"version-history":[{"count":6,"href":"https:\/\/agora.xtec.cat\/ies-santa-eulalia\/wp-json\/wp\/v2\/posts\/11207\/revisions"}],"predecessor-version":[{"id":11613,"href":"https:\/\/agora.xtec.cat\/ies-santa-eulalia\/wp-json\/wp\/v2\/posts\/11207\/revisions\/11613"}],"wp:featuredmedia":[{"embeddable":true,"href":"https:\/\/agora.xtec.cat\/ies-santa-eulalia\/wp-json\/wp\/v2\/media\/11224"}],"wp:attachment":[{"href":"https:\/\/agora.xtec.cat\/ies-santa-eulalia\/wp-json\/wp\/v2\/media?parent=11207"}],"wp:term":[{"taxonomy":"category","embeddable":true,"href":"https:\/\/agora.xtec.cat\/ies-santa-eulalia\/wp-json\/wp\/v2\/categories?post=11207"},{"taxonomy":"post_tag","embeddable":true,"href":"https:\/\/agora.xtec.cat\/ies-santa-eulalia\/wp-json\/wp\/v2\/tags?post=11207"}],"curies":[{"name":"wp","href":"https:\/\/api.w.org\/{rel}","templated":true}]}}