{"id":11188,"date":"2024-02-14T11:22:48","date_gmt":"2024-02-14T10:22:48","guid":{"rendered":"https:\/\/agora.xtec.cat\/ies-santa-eulalia\/?p=11188"},"modified":"2024-02-14T11:22:48","modified_gmt":"2024-02-14T10:22:48","slug":"2n-deso-visita-el-delta-del-llobregat","status":"publish","type":"post","link":"https:\/\/agora.xtec.cat\/ies-santa-eulalia\/general\/2n-deso-visita-el-delta-del-llobregat\/","title":{"rendered":"2n d&#8217;ESO visita el Delta del Llobregat"},"content":{"rendered":"<p>El dimarts dia 13 de febrer els alumnes de 2n d&#8217;ESO A i D han visitat el Delta del Llobregat per estudiar la fauna, la flora i la contaminaci\u00f3 dins del projecte globalitzador que fan aquest segon trimestre.<\/p>\n<p>Els alumnes, organitzats per grups d&#8217;experts, van poder observar alguns ocells, plantes i arbres, la contaminaci\u00f3 ac\u00fastica del parc natural, a m\u00e9s, tamb\u00e9 van con\u00e8ixer la ruta que van fer i quines opcions de lleure ofereix el delta.<\/p>\n<p><a href=\"https:\/\/agora.xtec.cat\/ies-santa-eulalia\/wp-content\/uploads\/usu1612\/2024\/02\/image0-3.jpeg\"><img loading=\"lazy\" decoding=\"async\" class=\"alignnone size-full wp-image-11193\" src=\"https:\/\/agora.xtec.cat\/ies-santa-eulalia\/wp-content\/uploads\/usu1612\/2024\/02\/image0-3.jpeg\" alt=\"\" width=\"640\" height=\"480\" srcset=\"https:\/\/agora.xtec.cat\/ies-santa-eulalia\/wp-content\/uploads\/usu1612\/2024\/02\/image0-3.jpeg 640w, https:\/\/agora.xtec.cat\/ies-santa-eulalia\/wp-content\/uploads\/usu1612\/2024\/02\/image0-3-300x225.jpeg 300w, https:\/\/agora.xtec.cat\/ies-santa-eulalia\/wp-content\/uploads\/usu1612\/2024\/02\/image0-3-200x150.jpeg 200w\" sizes=\"auto, (max-width: 640px) 100vw, 640px\" \/><\/a> <a href=\"https:\/\/agora.xtec.cat\/ies-santa-eulalia\/wp-content\/uploads\/usu1612\/2024\/02\/image1-4-rotated.jpeg\"><img loading=\"lazy\" decoding=\"async\" class=\"alignnone size-full wp-image-11192\" src=\"https:\/\/agora.xtec.cat\/ies-santa-eulalia\/wp-content\/uploads\/usu1612\/2024\/02\/image1-4-rotated.jpeg\" alt=\"\" width=\"480\" height=\"640\" srcset=\"https:\/\/agora.xtec.cat\/ies-santa-eulalia\/wp-content\/uploads\/usu1612\/2024\/02\/image1-4-rotated.jpeg 480w, https:\/\/agora.xtec.cat\/ies-santa-eulalia\/wp-content\/uploads\/usu1612\/2024\/02\/image1-4-225x300.jpeg 225w\" sizes=\"auto, (max-width: 480px) 100vw, 480px\" \/><\/a> <a href=\"https:\/\/agora.xtec.cat\/ies-santa-eulalia\/wp-content\/uploads\/usu1612\/2024\/02\/image5.jpeg\"><img loading=\"lazy\" decoding=\"async\" class=\"alignnone size-full wp-image-11194\" src=\"https:\/\/agora.xtec.cat\/ies-santa-eulalia\/wp-content\/uploads\/usu1612\/2024\/02\/image5.jpeg\" alt=\"\" width=\"640\" height=\"480\" srcset=\"https:\/\/agora.xtec.cat\/ies-santa-eulalia\/wp-content\/uploads\/usu1612\/2024\/02\/image5.jpeg 640w, https:\/\/agora.xtec.cat\/ies-santa-eulalia\/wp-content\/uploads\/usu1612\/2024\/02\/image5-300x225.jpeg 300w, https:\/\/agora.xtec.cat\/ies-santa-eulalia\/wp-content\/uploads\/usu1612\/2024\/02\/image5-200x150.jpeg 200w\" sizes=\"auto, (max-width: 640px) 100vw, 640px\" \/><\/a> <a href=\"https:\/\/agora.xtec.cat\/ies-santa-eulalia\/wp-content\/uploads\/usu1612\/2024\/02\/image4-1-rotated.jpeg\"><img loading=\"lazy\" decoding=\"async\" class=\"alignnone size-full wp-image-11195\" src=\"https:\/\/agora.xtec.cat\/ies-santa-eulalia\/wp-content\/uploads\/usu1612\/2024\/02\/image4-1-rotated.jpeg\" alt=\"\" width=\"480\" height=\"640\" srcset=\"https:\/\/agora.xtec.cat\/ies-santa-eulalia\/wp-content\/uploads\/usu1612\/2024\/02\/image4-1-rotated.jpeg 480w, https:\/\/agora.xtec.cat\/ies-santa-eulalia\/wp-content\/uploads\/usu1612\/2024\/02\/image4-1-225x300.jpeg 225w\" sizes=\"auto, (max-width: 480px) 100vw, 480px\" \/><\/a> <a href=\"https:\/\/agora.xtec.cat\/ies-santa-eulalia\/wp-content\/uploads\/usu1612\/2024\/02\/image3-1-1.jpeg\"><img loading=\"lazy\" decoding=\"async\" class=\"alignnone size-full wp-image-11196\" src=\"https:\/\/agora.xtec.cat\/ies-santa-eulalia\/wp-content\/uploads\/usu1612\/2024\/02\/image3-1-1.jpeg\" alt=\"\" width=\"640\" height=\"480\" srcset=\"https:\/\/agora.xtec.cat\/ies-santa-eulalia\/wp-content\/uploads\/usu1612\/2024\/02\/image3-1-1.jpeg 640w, https:\/\/agora.xtec.cat\/ies-santa-eulalia\/wp-content\/uploads\/usu1612\/2024\/02\/image3-1-1-300x225.jpeg 300w, https:\/\/agora.xtec.cat\/ies-santa-eulalia\/wp-content\/uploads\/usu1612\/2024\/02\/image3-1-1-200x150.jpeg 200w\" sizes=\"auto, (max-width: 640px) 100vw, 640px\" \/><\/a> <a href=\"https:\/\/agora.xtec.cat\/ies-santa-eulalia\/wp-content\/uploads\/usu1612\/2024\/02\/image2-4.jpeg\"><img loading=\"lazy\" decoding=\"async\" class=\"alignnone size-full wp-image-11191\" src=\"https:\/\/agora.xtec.cat\/ies-santa-eulalia\/wp-content\/uploads\/usu1612\/2024\/02\/image2-4.jpeg\" alt=\"\" width=\"640\" height=\"480\" srcset=\"https:\/\/agora.xtec.cat\/ies-santa-eulalia\/wp-content\/uploads\/usu1612\/2024\/02\/image2-4.jpeg 640w, https:\/\/agora.xtec.cat\/ies-santa-eulalia\/wp-content\/uploads\/usu1612\/2024\/02\/image2-4-300x225.jpeg 300w, https:\/\/agora.xtec.cat\/ies-santa-eulalia\/wp-content\/uploads\/usu1612\/2024\/02\/image2-4-200x150.jpeg 200w\" sizes=\"auto, (max-width: 640px) 100vw, 640px\" \/><\/a><\/p>\n","protected":false},"excerpt":{"rendered":"<p>El dimarts dia 13 de febrer els alumnes de 2n d&#8217;ESO A i D han visitat el Delta del Llobregat per estudiar la fauna, la flora i la contaminaci\u00f3 dins del projecte globalitzador que fan aquest segon trimestre.<br \/>\nEls alumnes, organitzats per grups d&#8217;experts, van poder&hellip;  <a href=\"https:\/\/agora.xtec.cat\/ies-santa-eulalia\/general\/2n-deso-visita-el-delta-del-llobregat\/\" title=\"Read 2n d&#8217;ESO visita el Delta del Llobregat\">Llegeix m\u00e9s\u00bb<\/a><\/p>\n","protected":false},"author":76,"featured_media":11193,"comment_status":"open","ping_status":"closed","sticky":false,"template":"","format":"standard","meta":{"_bbp_topic_count":0,"_bbp_reply_count":0,"_bbp_total_topic_count":0,"_bbp_total_reply_count":0,"_bbp_voice_count":0,"_bbp_anonymous_reply_count":0,"_bbp_topic_count_hidden":0,"_bbp_reply_count_hidden":0,"_bbp_forum_subforum_count":0,"footnotes":""},"categories":[3,5,1,29,498],"tags":[499],"class_list":["post-11188","post","type-post","status-publish","format-standard","has-post-thumbnail","hentry","category-eso","category-eso-2","category-general","category-portada","category-projectes","tag-projectesglobalitzadors-deltallobregat-2neso-copem-ise2324"],"post_mailing_queue_ids":[],"_links":{"self":[{"href":"https:\/\/agora.xtec.cat\/ies-santa-eulalia\/wp-json\/wp\/v2\/posts\/11188","targetHints":{"allow":["GET"]}}],"collection":[{"href":"https:\/\/agora.xtec.cat\/ies-santa-eulalia\/wp-json\/wp\/v2\/posts"}],"about":[{"href":"https:\/\/agora.xtec.cat\/ies-santa-eulalia\/wp-json\/wp\/v2\/types\/post"}],"author":[{"embeddable":true,"href":"https:\/\/agora.xtec.cat\/ies-santa-eulalia\/wp-json\/wp\/v2\/users\/76"}],"replies":[{"embeddable":true,"href":"https:\/\/agora.xtec.cat\/ies-santa-eulalia\/wp-json\/wp\/v2\/comments?post=11188"}],"version-history":[{"count":1,"href":"https:\/\/agora.xtec.cat\/ies-santa-eulalia\/wp-json\/wp\/v2\/posts\/11188\/revisions"}],"predecessor-version":[{"id":11197,"href":"https:\/\/agora.xtec.cat\/ies-santa-eulalia\/wp-json\/wp\/v2\/posts\/11188\/revisions\/11197"}],"wp:featuredmedia":[{"embeddable":true,"href":"https:\/\/agora.xtec.cat\/ies-santa-eulalia\/wp-json\/wp\/v2\/media\/11193"}],"wp:attachment":[{"href":"https:\/\/agora.xtec.cat\/ies-santa-eulalia\/wp-json\/wp\/v2\/media?parent=11188"}],"wp:term":[{"taxonomy":"category","embeddable":true,"href":"https:\/\/agora.xtec.cat\/ies-santa-eulalia\/wp-json\/wp\/v2\/categories?post=11188"},{"taxonomy":"post_tag","embeddable":true,"href":"https:\/\/agora.xtec.cat\/ies-santa-eulalia\/wp-json\/wp\/v2\/tags?post=11188"}],"curies":[{"name":"wp","href":"https:\/\/api.w.org\/{rel}","templated":true}]}}