{"id":11039,"date":"2024-01-22T14:17:56","date_gmt":"2024-01-22T13:17:56","guid":{"rendered":"https:\/\/agora.xtec.cat\/ies-santa-eulalia\/?p=11039"},"modified":"2024-01-22T14:17:56","modified_gmt":"2024-01-22T13:17:56","slug":"sortim-a-tv-lh-aula-lh-i-programa-via-15","status":"publish","type":"post","link":"https:\/\/agora.xtec.cat\/ies-santa-eulalia\/general\/sortim-a-tv-lh-aula-lh-i-programa-via-15\/","title":{"rendered":"Sortim a TV L&#8217;H: Aula L&#8217;H i Programa Via 15"},"content":{"rendered":"<div><span style=\"color: #0b5394;\">Us convidem a veure els dos reportatges on han participat alumnes del nostre centre.<\/span><\/div>\n<div><span style=\"color: #0b5394;\">\u00a0<\/span><\/div>\n<div><span style=\"color: #cc0000;\"><b>Enlla\u00e7 al programa Aula L&#8217;H on alumnes i docents parlen dels seus desitjos pel nou any escolar.<\/b>\u00a0<\/span><\/div>\n<div><span style=\"color: #0b5394;\">Hi han\u00a0participat la Naia Ram\u00edrez i l&#8217;Iris Ledic de 1r de l&#8217;ESO,\u00a0<\/span>el Yago Fern\u00e1ndez de 2n d&#8217;ESO i la Keira Epul de 2n de batxillerat.<span style=\"color: #0b5394;\">\u00a0<b>Nosaltres hi sortim a partir del minut 6:48 fins al minut 9:35<\/b>:\u00a0<a href=\"https:\/\/lhdigital.cat\/educacio\/aula-lh-20-de-desembre-escoles-i-instituts-ens-expliquen-els-seus-desitjos-per-al-2024\/\" target=\"_blank\" rel=\"noopener\" data-saferedirecturl=\"https:\/\/www.google.com\/url?q=https:\/\/lhdigital.cat\/educacio\/aula-lh-20-de-desembre-escoles-i-instituts-ens-expliquen-els-seus-desitjos-per-al-2024\/&amp;source=gmail&amp;ust=1705749921538000&amp;usg=AOvVaw2thSwKbjMslaLR8vEVRB8m\">https:\/\/lhdigital.cat\/<wbr \/>educacio\/aula-lh-20-de-<wbr \/>desembre-escoles-i-instituts-<wbr \/>ens-expliquen-els-seus-<wbr \/>desitjos-per-al-2024\/<\/a>\u00a0<\/span><\/div>\n<div><\/div>\n<div><b>Enlla\u00e7 al programa Via 15 on els nostres alumnes parlen del sistema educatiu. Sobre qu\u00e8 funciona i qu\u00e8 caldria canviar o introduir.<\/b><\/div>\n<div><span style=\"color: #0b5394;\">La intervenci\u00f3 comen\u00e7a amb dos alumnes que s\u00f3n de l&#8217;INS Proven\u00e7ana (parlen sobre els Cicles formatius). Els nostres alumnes s\u00f3n en Lluc Solsona de 4t de l&#8217;ESO i la S\u00edlvia Sanz, l&#8217;Amelia Pop i en Rub\u00e9n Muniesa de 1r de batxillerat.\u00a0<b>Ho podeu veure a partir del minut 13:07 fins al 15:17:<\/b>\u00a0<a href=\"https:\/\/lhdigital.cat\/general\/via-15-sistema-educatiu-que-funciona-i-que-no\/\" target=\"_blank\" rel=\"noopener\" data-saferedirecturl=\"https:\/\/www.google.com\/url?q=https:\/\/lhdigital.cat\/general\/via-15-sistema-educatiu-que-funciona-i-que-no\/&amp;source=gmail&amp;ust=1705749921538000&amp;usg=AOvVaw0IMtytJ3wb4rgUV59eL9p6\">https:\/\/lhdigital.cat\/<wbr \/>general\/via-15-sistema-<wbr \/>educatiu-que-funciona-i-que-<wbr \/>no\/<\/a><\/span><\/div>\n<div><\/div>\n<div><a href=\"https:\/\/agora.xtec.cat\/ies-santa-eulalia\/wp-content\/uploads\/usu1612\/2024\/01\/aula-lh.png\"><img loading=\"lazy\" decoding=\"async\" class=\"alignleft size-full wp-image-11040\" src=\"https:\/\/agora.xtec.cat\/ies-santa-eulalia\/wp-content\/uploads\/usu1612\/2024\/01\/aula-lh.png\" alt=\"\" width=\"1169\" height=\"473\" srcset=\"https:\/\/agora.xtec.cat\/ies-santa-eulalia\/wp-content\/uploads\/usu1612\/2024\/01\/aula-lh.png 1169w, https:\/\/agora.xtec.cat\/ies-santa-eulalia\/wp-content\/uploads\/usu1612\/2024\/01\/aula-lh-300x121.png 300w, https:\/\/agora.xtec.cat\/ies-santa-eulalia\/wp-content\/uploads\/usu1612\/2024\/01\/aula-lh-1024x414.png 1024w, https:\/\/agora.xtec.cat\/ies-santa-eulalia\/wp-content\/uploads\/usu1612\/2024\/01\/aula-lh-768x311.png 768w\" sizes=\"auto, (max-width: 1169px) 100vw, 1169px\" \/><\/a><\/div>\n","protected":false},"excerpt":{"rendered":"<p>Us convidem a veure els dos reportatges on han participat alumnes del nostre centre.<br \/>\n\u00a0<br \/>\nEnlla\u00e7 al programa Aula L&#8217;H on alumnes i docents parlen dels seus desitjos pel nou any escolar.\u00a0<br \/>\nHi han\u00a0participat la Naia Ram\u00edrez i l&#8217;Iris Ledic de 1r de l&#8217;ESO,\u00a0el Yago Fern\u00e1ndez de 2n&hellip;  <a href=\"https:\/\/agora.xtec.cat\/ies-santa-eulalia\/general\/sortim-a-tv-lh-aula-lh-i-programa-via-15\/\" title=\"Read Sortim a TV L&#8217;H: Aula L&#8217;H i Programa Via 15\">Llegeix m\u00e9s\u00bb<\/a><\/p>\n","protected":false},"author":1,"featured_media":11040,"comment_status":"open","ping_status":"closed","sticky":false,"template":"","format":"standard","meta":{"_bbp_topic_count":0,"_bbp_reply_count":0,"_bbp_total_topic_count":0,"_bbp_total_reply_count":0,"_bbp_voice_count":0,"_bbp_anonymous_reply_count":0,"_bbp_topic_count_hidden":0,"_bbp_reply_count_hidden":0,"_bbp_forum_subforum_count":0,"footnotes":""},"categories":[8,3,1,29],"tags":[],"class_list":["post-11039","post","type-post","status-publish","format-standard","has-post-thumbnail","hentry","category-batxillerat","category-eso","category-general","category-portada"],"post_mailing_queue_ids":[],"_links":{"self":[{"href":"https:\/\/agora.xtec.cat\/ies-santa-eulalia\/wp-json\/wp\/v2\/posts\/11039","targetHints":{"allow":["GET"]}}],"collection":[{"href":"https:\/\/agora.xtec.cat\/ies-santa-eulalia\/wp-json\/wp\/v2\/posts"}],"about":[{"href":"https:\/\/agora.xtec.cat\/ies-santa-eulalia\/wp-json\/wp\/v2\/types\/post"}],"author":[{"embeddable":true,"href":"https:\/\/agora.xtec.cat\/ies-santa-eulalia\/wp-json\/wp\/v2\/users\/1"}],"replies":[{"embeddable":true,"href":"https:\/\/agora.xtec.cat\/ies-santa-eulalia\/wp-json\/wp\/v2\/comments?post=11039"}],"version-history":[{"count":1,"href":"https:\/\/agora.xtec.cat\/ies-santa-eulalia\/wp-json\/wp\/v2\/posts\/11039\/revisions"}],"predecessor-version":[{"id":11047,"href":"https:\/\/agora.xtec.cat\/ies-santa-eulalia\/wp-json\/wp\/v2\/posts\/11039\/revisions\/11047"}],"wp:featuredmedia":[{"embeddable":true,"href":"https:\/\/agora.xtec.cat\/ies-santa-eulalia\/wp-json\/wp\/v2\/media\/11040"}],"wp:attachment":[{"href":"https:\/\/agora.xtec.cat\/ies-santa-eulalia\/wp-json\/wp\/v2\/media?parent=11039"}],"wp:term":[{"taxonomy":"category","embeddable":true,"href":"https:\/\/agora.xtec.cat\/ies-santa-eulalia\/wp-json\/wp\/v2\/categories?post=11039"},{"taxonomy":"post_tag","embeddable":true,"href":"https:\/\/agora.xtec.cat\/ies-santa-eulalia\/wp-json\/wp\/v2\/tags?post=11039"}],"curies":[{"name":"wp","href":"https:\/\/api.w.org\/{rel}","templated":true}]}}