{"id":11002,"date":"2024-12-20T11:37:07","date_gmt":"2024-12-20T10:37:07","guid":{"rendered":"https:\/\/agora.xtec.cat\/ies-santa-eulalia\/?p=11002"},"modified":"2025-01-22T10:42:49","modified_gmt":"2025-01-22T09:42:49","slug":"bon-nadal-des-del-gep","status":"publish","type":"post","link":"https:\/\/agora.xtec.cat\/ies-santa-eulalia\/general\/bon-nadal-des-del-gep\/","title":{"rendered":"Bon Nadal des del GEP!"},"content":{"rendered":"<p><span style=\"font-weight: 400;\">Recull de can\u00e7ons seleccionades del GEP<\/span><\/p>\n<p><span style=\"font-weight: 400;\">Per aquestes festes, l\u2019alumnat de primer, segon i tercer d\u2019ESO i l\u2019alumnat de l\u2019aula d\u2019acollida ha participat en la tria de can\u00e7ons, poesies i contes en diferents idiomes per celebrar la diversitat ling\u00fc\u00edstica del centre. Les can\u00e7ons seleccionades han sonat durant l\u2019\u00faltima setmana abans de les vacances. Les tem\u00e0tiques estan relacionades amb la pau, la solidaritat, la fam\u00edlia, l\u2019amistat, l\u2019amor, els bons desitjos, o qualsevol altre tema relacionat o adients per a l\u2019\u00e8poca nadalenca.<\/span><\/p>\n<p><span style=\"font-weight: 400;\">Des del GEP us desitgem bones festes a tothom!<\/span><\/p>\n<ul>\n<li style=\"font-weight: 400;\" aria-level=\"1\"><span style=\"font-weight: 400;\">El watar el hassas &#8211; Sherine\u00a0 &#8211; \u00c0rab &#8211;\u00a0<\/span><\/li>\n<\/ul>\n<p><a href=\"https:\/\/www.youtube.com\/watch?v=KZYqugtbcG0\"><span style=\"font-weight: 400;\">https:\/\/www.youtube.com\/watch?v=KZYqugtbcG0<\/span><\/a><\/p>\n<p><span style=\"font-weight: 400;\">Alumna: Yassmin Khammar Bouarbi (2n A)<\/span><\/p>\n<ul>\n<li style=\"font-weight: 400;\" aria-level=\"1\"><span style=\"font-weight: 400;\">Noite Feliz &#8211; <\/span><span style=\"font-weight: 400;\">Franz Xaver &#8211; Portugu\u00e9s\u00a0<\/span><\/li>\n<\/ul>\n<p><a href=\"https:\/\/www.youtube.com\/watch?v=5hB6ge8aEPg\"><span style=\"font-weight: 400;\">https:\/\/www.youtube.com\/watch?v=5hB6ge8aEPg<\/span><\/a><\/p>\n<p><span style=\"font-weight: 400;\">Alumna: Laia Torras<\/span><\/p>\n<p><span style=\"font-weight: 400;\">Haza salam &#8211; Maryam shehab &#8211; \u00c0rab &#8211; <\/span><a style=\"font-family: inherit; font-size: 1em;\" href=\"https:\/\/youtu.be\/2TngKGk0Uyo?feature=shared\">https:\/\/youtu.be\/2TngKGk0Uyo?feature=shared<\/a><span style=\"font-weight: 400;\">\u00a0<\/span><\/p>\n<p><span style=\"font-weight: 400;\">Alumne: Saad Abourchad Chouli (2n C)<\/span><\/p>\n<ul>\n<li style=\"font-weight: 400;\" aria-level=\"1\"><span style=\"font-weight: 400;\">Libert\u00e9 &#8211; Soolking \/ Ouled el bahja &#8211; Franc\u00e8s\/\u00c0rab<\/span><\/li>\n<\/ul>\n<p><span style=\"font-weight: 400;\">\u00a0\u00a0\u00a0\u00a0\u00a0\u00a0\u00a0\u00a0\u00a0\u00a0\u00a0<\/span><a href=\"https:\/\/soolking.lnk.to\/Liberte\"><span style=\"font-weight: 400;\">https:\/\/soolking.lnk.to\/Liberte<\/span><\/a><\/p>\n<p><span style=\"font-weight: 400;\">\u00a0\u00a0\u00a0\u00a0\u00a0\u00a0\u00a0\u00a0\u00a0\u00a0\u00a0Alumna: Anfel Naciri\u00a0 (2n B)<\/span><\/p>\n<ul>\n<li style=\"font-weight: 400;\" aria-level=\"1\"><span style=\"font-weight: 400;\">Christmas Tree Farm &#8211; Taylor Swift &#8211; Angl\u00e9s<\/span><\/li>\n<\/ul>\n<p><a href=\"https:\/\/www.youtube.com\/watch?v=Ozk8xq0Lp1g\"><span style=\"font-weight: 400;\">https:\/\/www.youtube.com\/watch?v=Ozk8xq0Lp1g<\/span><\/a><\/p>\n<p><span style=\"font-weight: 400;\">Alumna: Ona M\u00e0rquez<\/span><\/p>\n<ul>\n<li style=\"font-weight: 400;\" aria-level=\"1\"><span style=\"font-weight: 400;\">\u0414\u043e\u0431\u0440\u0438\u0439 \u0432\u0435\u0447\u0456\u0440 \u0442\u043e\u0431\u0456, \u043f\u0430\u043d\u0435 \u0433\u043e\u0441\u043f\u043e\u0434\u0430\u0440\u044e &#8211; Unknown &#8211; Ucrain\u00e9s<\/span><\/li>\n<\/ul>\n<p><a href=\"https:\/\/youtu.be\/fb4e6MWNKFM?si=OHlMkj209GbSDMWi\"><span style=\"font-weight: 400;\">https:\/\/youtu.be\/fb4e6MWNKFM?si=OHlMkj209GbSDMWi<\/span><\/a><\/p>\n<p><span style=\"font-weight: 400;\">Alumne: Den\u00eds Bratun<\/span><\/p>\n<ul>\n<li style=\"font-weight: 400;\" aria-level=\"1\"><span style=\"font-weight: 400;\">A Natale puoi &#8211;\u00a0 itali\u00e0<\/span><\/li>\n<\/ul>\n<p><a href=\"https:\/\/youtu.be\/_TQzNjdvTrA?si=npgCdp_uvp99CsU3\"><span style=\"font-weight: 400;\">https:\/\/youtu.be\/_TQzNjdvTrA?si=npgCdp_uvp99CsU3<\/span><\/a><\/p>\n<p><span style=\"font-weight: 400;\">Alumna: Angelica Chiodi (1r B)<\/span><\/p>\n<ul>\n<li style=\"font-weight: 400;\" aria-level=\"1\"><span style=\"font-weight: 400;\">Steaua sus r\u0103sare- Tralala- Roman\u00e8s<\/span><\/li>\n<\/ul>\n<p><a href=\"https:\/\/www.youtube.com\/watch?v=2ES1-gRblRw\"><span style=\"font-weight: 400;\">https:\/\/www.youtube.com\/watch?v=2ES1-gRblRw<\/span><\/a><\/p>\n<p><span style=\"font-weight: 400;\">Alumne: Ra\u00fal Ungureanu (1r B)<\/span><\/p>\n<ul>\n<li style=\"font-weight: 400;\" aria-level=\"1\"><span style=\"font-weight: 400;\">Mari\u00f1eiro- Rogelio Groba- Castell\u00e0\/Gallec<\/span><\/li>\n<\/ul>\n<p><a href=\"https:\/\/youtu.be\/ClCl7yZ0XHA\"><span style=\"font-weight: 400;\">https:\/\/youtu.be\/ClCl7yZ0XHA<\/span><\/a><\/p>\n<p><span style=\"font-weight: 400;\">Alumne: Eliseo Garc\u00eda (1r C)<\/span><\/p>\n<p><span style=\"font-weight: 400;\">Poesies:<\/span><\/p>\n<ul>\n<li style=\"font-weight: 400;\" aria-level=\"1\"><span style=\"font-weight: 400;\">Amor constante m\u00e1s all\u00e1 de la muerte &#8211; Francsico de Quevedo<\/span><\/li>\n<\/ul>\n<p><a href=\"https:\/\/www.zendalibros.com\/los-30-mejores-poemas-en-espanol\/\"><span style=\"font-weight: 400;\">https:\/\/www.zendalibros.com\/los-30-mejores-poemas-en-espanol\/<\/span><\/a><span style=\"font-weight: 400;\">\u00a0<\/span><\/p>\n<p><span style=\"font-weight: 400;\">Alumna: Marina Aranda<\/span><\/p>\n","protected":false},"excerpt":{"rendered":"<p>Recull de can\u00e7ons seleccionades del GEP<br \/>\nPer aquestes festes, l\u2019alumnat de primer, segon i tercer d\u2019ESO i l\u2019alumnat de l\u2019aula d\u2019acollida ha participat en la tria de can\u00e7ons, poesies i contes en diferents idiomes per celebrar la diversitat ling\u00fc\u00edstica del centre. Les can\u00e7ons seleccionades han sonat&hellip;  <a href=\"https:\/\/agora.xtec.cat\/ies-santa-eulalia\/general\/bon-nadal-des-del-gep\/\" title=\"Read Bon Nadal des del GEP!\">Llegeix m\u00e9s\u00bb<\/a><\/p>\n","protected":false},"author":1,"featured_media":9701,"comment_status":"open","ping_status":"closed","sticky":false,"template":"","format":"standard","meta":{"_bbp_topic_count":0,"_bbp_reply_count":0,"_bbp_total_topic_count":0,"_bbp_total_reply_count":0,"_bbp_voice_count":0,"_bbp_anonymous_reply_count":0,"_bbp_topic_count_hidden":0,"_bbp_reply_count_hidden":0,"_bbp_forum_subforum_count":0,"footnotes":""},"categories":[1,29,158],"tags":[],"class_list":["post-11002","post","type-post","status-publish","format-standard","has-post-thumbnail","hentry","category-general","category-portada","category-gep"],"post_mailing_queue_ids":[],"_links":{"self":[{"href":"https:\/\/agora.xtec.cat\/ies-santa-eulalia\/wp-json\/wp\/v2\/posts\/11002","targetHints":{"allow":["GET"]}}],"collection":[{"href":"https:\/\/agora.xtec.cat\/ies-santa-eulalia\/wp-json\/wp\/v2\/posts"}],"about":[{"href":"https:\/\/agora.xtec.cat\/ies-santa-eulalia\/wp-json\/wp\/v2\/types\/post"}],"author":[{"embeddable":true,"href":"https:\/\/agora.xtec.cat\/ies-santa-eulalia\/wp-json\/wp\/v2\/users\/1"}],"replies":[{"embeddable":true,"href":"https:\/\/agora.xtec.cat\/ies-santa-eulalia\/wp-json\/wp\/v2\/comments?post=11002"}],"version-history":[{"count":2,"href":"https:\/\/agora.xtec.cat\/ies-santa-eulalia\/wp-json\/wp\/v2\/posts\/11002\/revisions"}],"predecessor-version":[{"id":11005,"href":"https:\/\/agora.xtec.cat\/ies-santa-eulalia\/wp-json\/wp\/v2\/posts\/11002\/revisions\/11005"}],"wp:featuredmedia":[{"embeddable":true,"href":"https:\/\/agora.xtec.cat\/ies-santa-eulalia\/wp-json\/wp\/v2\/media\/9701"}],"wp:attachment":[{"href":"https:\/\/agora.xtec.cat\/ies-santa-eulalia\/wp-json\/wp\/v2\/media?parent=11002"}],"wp:term":[{"taxonomy":"category","embeddable":true,"href":"https:\/\/agora.xtec.cat\/ies-santa-eulalia\/wp-json\/wp\/v2\/categories?post=11002"},{"taxonomy":"post_tag","embeddable":true,"href":"https:\/\/agora.xtec.cat\/ies-santa-eulalia\/wp-json\/wp\/v2\/tags?post=11002"}],"curies":[{"name":"wp","href":"https:\/\/api.w.org\/{rel}","templated":true}]}}