{"id":10972,"date":"2023-12-18T15:17:19","date_gmt":"2023-12-18T14:17:19","guid":{"rendered":"https:\/\/agora.xtec.cat\/ies-santa-eulalia\/?p=10972"},"modified":"2023-12-18T15:17:19","modified_gmt":"2023-12-18T14:17:19","slug":"actualitzem-el-nostre-programa-a-podcast-els-curiosos","status":"publish","type":"post","link":"https:\/\/agora.xtec.cat\/ies-santa-eulalia\/novetats-siei\/actualitzem-el-nostre-programa-a-podcast-els-curiosos\/","title":{"rendered":"Actualitzem el nostre programa a PODCAST Els Curiosos"},"content":{"rendered":"<p>Us presentem el nou format del Projecte R\u00e0dio de l\u00b4alumnat de la SIEI. Hem actualitzat el nostre programa &#8220;Santa Eul\u00e0lia R\u00e0dio&#8221;. Enguany vam comen\u00e7ar a treballar el projecte en Podcast amb el suport de Torre Barrina per\u00f2 malauradament per problemes de la tecnologia fins divendres passat no vam tenir el resultat de la feina feta el segon i tercer trimestre del curs passat. Esperem que ens escolteu!!<\/p>\n<!--[if lt IE 9]><script>document.createElement('audio');<\/script><![endif]-->\n<audio class=\"wp-audio-shortcode\" id=\"audio-10972-1\" preload=\"none\" style=\"width: 100%;\" controls=\"controls\"><source type=\"audio\/mpeg\" src=\"https:\/\/agora.xtec.cat\/ies-santa-eulalia\/wp-content\/uploads\/usu1612\/2023\/12\/PROGRAMA-15-12-comprimit-1.mp3?_=1\" \/><a href=\"https:\/\/agora.xtec.cat\/ies-santa-eulalia\/wp-content\/uploads\/usu1612\/2023\/12\/PROGRAMA-15-12-comprimit-1.mp3\">https:\/\/agora.xtec.cat\/ies-santa-eulalia\/wp-content\/uploads\/usu1612\/2023\/12\/PROGRAMA-15-12-comprimit-1.mp3<\/a><\/audio>\n","protected":false},"excerpt":{"rendered":"<p>Us presentem el nou format del Projecte R\u00e0dio de l\u00b4alumnat de la SIEI. Hem actualitzat el nostre programa &#8220;Santa Eul\u00e0lia R\u00e0dio&#8221;. Enguany vam comen\u00e7ar a treballar el projecte en Podcast amb el suport de Torre Barrina per\u00f2 malauradament per problemes de la tecnologia fins divendres&hellip;  <a href=\"https:\/\/agora.xtec.cat\/ies-santa-eulalia\/novetats-siei\/actualitzem-el-nostre-programa-a-podcast-els-curiosos\/\" title=\"Read Actualitzem el nostre programa a PODCAST Els Curiosos\">Llegeix m\u00e9s\u00bb<\/a><\/p>\n","protected":false},"author":60,"featured_media":0,"comment_status":"open","ping_status":"closed","sticky":false,"template":"","format":"standard","meta":{"_bbp_topic_count":0,"_bbp_reply_count":0,"_bbp_total_topic_count":0,"_bbp_total_reply_count":0,"_bbp_voice_count":0,"_bbp_anonymous_reply_count":0,"_bbp_topic_count_hidden":0,"_bbp_reply_count_hidden":0,"_bbp_forum_subforum_count":0,"footnotes":""},"categories":[153],"tags":[],"class_list":["post-10972","post","type-post","status-publish","format-standard","hentry","category-novetats-siei"],"post_mailing_queue_ids":[],"_links":{"self":[{"href":"https:\/\/agora.xtec.cat\/ies-santa-eulalia\/wp-json\/wp\/v2\/posts\/10972","targetHints":{"allow":["GET"]}}],"collection":[{"href":"https:\/\/agora.xtec.cat\/ies-santa-eulalia\/wp-json\/wp\/v2\/posts"}],"about":[{"href":"https:\/\/agora.xtec.cat\/ies-santa-eulalia\/wp-json\/wp\/v2\/types\/post"}],"author":[{"embeddable":true,"href":"https:\/\/agora.xtec.cat\/ies-santa-eulalia\/wp-json\/wp\/v2\/users\/60"}],"replies":[{"embeddable":true,"href":"https:\/\/agora.xtec.cat\/ies-santa-eulalia\/wp-json\/wp\/v2\/comments?post=10972"}],"version-history":[{"count":3,"href":"https:\/\/agora.xtec.cat\/ies-santa-eulalia\/wp-json\/wp\/v2\/posts\/10972\/revisions"}],"predecessor-version":[{"id":10979,"href":"https:\/\/agora.xtec.cat\/ies-santa-eulalia\/wp-json\/wp\/v2\/posts\/10972\/revisions\/10979"}],"wp:attachment":[{"href":"https:\/\/agora.xtec.cat\/ies-santa-eulalia\/wp-json\/wp\/v2\/media?parent=10972"}],"wp:term":[{"taxonomy":"category","embeddable":true,"href":"https:\/\/agora.xtec.cat\/ies-santa-eulalia\/wp-json\/wp\/v2\/categories?post=10972"},{"taxonomy":"post_tag","embeddable":true,"href":"https:\/\/agora.xtec.cat\/ies-santa-eulalia\/wp-json\/wp\/v2\/tags?post=10972"}],"curies":[{"name":"wp","href":"https:\/\/api.w.org\/{rel}","templated":true}]}}