{"id":10962,"date":"2023-12-15T13:55:09","date_gmt":"2023-12-15T12:55:09","guid":{"rendered":"https:\/\/agora.xtec.cat\/ies-santa-eulalia\/?p=10962"},"modified":"2023-12-15T13:56:02","modified_gmt":"2023-12-15T12:56:02","slug":"benestar-emocional-fem-comunitat-educativa","status":"publish","type":"post","link":"https:\/\/agora.xtec.cat\/ies-santa-eulalia\/general\/benestar-emocional-fem-comunitat-educativa\/","title":{"rendered":"Benestar emocional &#8211; Fem comunitat educativa"},"content":{"rendered":"<p>Aquest trimestre, s\u2019han estat desenvolupant diverses accions a l\u2019institut dins del programa FEM COMUNITAT EDUCATIVA a c\u00e0rrec de la terapeuta Nicole Tejos. Aquesta iniciativa de l\u2019Ajuntament t\u00e9 com a objectiu central millorar el benestar emocional de tota la comunitat.<\/p>\n<p>A 1r i 2n d&#8217;ESO hem treballat l&#8217;autoestima, la diversitat i la inclusi\u00f3.<\/p>\n<p>En el cas dels alumnes de\u00a01r i 2n de Batxillerat, s&#8217;ha posat el focus en treballar un tema essencial per la salut mental, com \u00e9s la prevenci\u00f3 i gesti\u00f3 de l\u2019ansietat. a trav\u00e9s de tallers a l\u2019aula.<\/p>\n<p>Hem volgut apropar l&#8217;espai escolar i el familiar en uns\u00a0<strong>\u201c<\/strong>Caf\u00e8 amb fam\u00edlies\u201d\u00a0on hem\u00a0compartit amb les fam\u00edlies algunes observacions i reflexions sobre els aspectes treballats amb els seus fills, aix\u00ed com\u00a0recollir les seves experi\u00e8ncies i inquietuds\u00a0respecte a la seva educaci\u00f3 i benestar.<\/p>\n","protected":false},"excerpt":{"rendered":"<p>Aquest trimestre, s\u2019han estat desenvolupant diverses accions a l\u2019institut dins del programa FEM COMUNITAT EDUCATIVA a c\u00e0rrec de la terapeuta Nicole Tejos. Aquesta iniciativa de l\u2019Ajuntament t\u00e9 com a objectiu central millorar el benestar emocional de tota la comunitat.<br \/>\nA 1r i 2n d&#8217;ESO hem treballat&hellip;  <a href=\"https:\/\/agora.xtec.cat\/ies-santa-eulalia\/general\/benestar-emocional-fem-comunitat-educativa\/\" title=\"Read Benestar emocional &#8211; Fem comunitat educativa\">Llegeix m\u00e9s\u00bb<\/a><\/p>\n","protected":false},"author":15,"featured_media":0,"comment_status":"open","ping_status":"closed","sticky":false,"template":"","format":"standard","meta":{"_bbp_topic_count":0,"_bbp_reply_count":0,"_bbp_total_topic_count":0,"_bbp_total_reply_count":0,"_bbp_voice_count":0,"_bbp_anonymous_reply_count":0,"_bbp_topic_count_hidden":0,"_bbp_reply_count_hidden":0,"_bbp_forum_subforum_count":0,"footnotes":""},"categories":[8,3,1,29],"tags":[],"class_list":["post-10962","post","type-post","status-publish","format-standard","hentry","category-batxillerat","category-eso","category-general","category-portada"],"post_mailing_queue_ids":[],"_links":{"self":[{"href":"https:\/\/agora.xtec.cat\/ies-santa-eulalia\/wp-json\/wp\/v2\/posts\/10962","targetHints":{"allow":["GET"]}}],"collection":[{"href":"https:\/\/agora.xtec.cat\/ies-santa-eulalia\/wp-json\/wp\/v2\/posts"}],"about":[{"href":"https:\/\/agora.xtec.cat\/ies-santa-eulalia\/wp-json\/wp\/v2\/types\/post"}],"author":[{"embeddable":true,"href":"https:\/\/agora.xtec.cat\/ies-santa-eulalia\/wp-json\/wp\/v2\/users\/15"}],"replies":[{"embeddable":true,"href":"https:\/\/agora.xtec.cat\/ies-santa-eulalia\/wp-json\/wp\/v2\/comments?post=10962"}],"version-history":[{"count":2,"href":"https:\/\/agora.xtec.cat\/ies-santa-eulalia\/wp-json\/wp\/v2\/posts\/10962\/revisions"}],"predecessor-version":[{"id":10964,"href":"https:\/\/agora.xtec.cat\/ies-santa-eulalia\/wp-json\/wp\/v2\/posts\/10962\/revisions\/10964"}],"wp:attachment":[{"href":"https:\/\/agora.xtec.cat\/ies-santa-eulalia\/wp-json\/wp\/v2\/media?parent=10962"}],"wp:term":[{"taxonomy":"category","embeddable":true,"href":"https:\/\/agora.xtec.cat\/ies-santa-eulalia\/wp-json\/wp\/v2\/categories?post=10962"},{"taxonomy":"post_tag","embeddable":true,"href":"https:\/\/agora.xtec.cat\/ies-santa-eulalia\/wp-json\/wp\/v2\/tags?post=10962"}],"curies":[{"name":"wp","href":"https:\/\/api.w.org\/{rel}","templated":true}]}}