{"id":10903,"date":"2023-12-01T08:18:24","date_gmt":"2023-12-01T07:18:24","guid":{"rendered":"https:\/\/agora.xtec.cat\/ies-santa-eulalia\/?p=10903"},"modified":"2023-12-01T08:20:15","modified_gmt":"2023-12-01T07:20:15","slug":"visites-a-catalunya-radio","status":"publish","type":"post","link":"https:\/\/agora.xtec.cat\/ies-santa-eulalia\/general\/visites-a-catalunya-radio\/","title":{"rendered":"Visites a Catalunya R\u00e0dio"},"content":{"rendered":"<p>Aquests darrers dies tots els grups de 2n d&#8217;ESO hem visitat la seu de Catalunya R\u00e0dio. Hem conegut a fons les instal\u00b7lacions de l&#8217;emissora: ens han ensenyat com s\u00f3n i com funcionen els estudis, hem visitat la redacci\u00f3 i fins i tot hem gravat un butllet\u00ed de not\u00edcies real amb les nostres veus! Tamb\u00e9 hem assistit en directe al principal programa de la cadena, El mat\u00ed de Catalunya R\u00e0dio. Durant aquestes visites, ens ha fet il\u00b7lusi\u00f3 trobar-nos amb personatges molt coneguts, com el Ricard Ustrell, el Joel D\u00edaz, l&#8217;\u00c0ngel Ll\u00e0cer i la Juliana Canet.<\/p>\n","protected":false},"excerpt":{"rendered":"<p>Aquests darrers dies tots els grups de 2n d&#8217;ESO hem visitat la seu de Catalunya R\u00e0dio. Hem conegut a fons les instal\u00b7lacions de l&#8217;emissora: ens han ensenyat com s\u00f3n i com funcionen els estudis, hem visitat la redacci\u00f3 i fins i tot hem gravat un&hellip;  <a href=\"https:\/\/agora.xtec.cat\/ies-santa-eulalia\/general\/visites-a-catalunya-radio\/\" title=\"Read Visites a Catalunya R\u00e0dio\">Llegeix m\u00e9s\u00bb<\/a><\/p>\n","protected":false},"author":109,"featured_media":10905,"comment_status":"open","ping_status":"closed","sticky":false,"template":"","format":"standard","meta":{"_bbp_topic_count":0,"_bbp_reply_count":0,"_bbp_total_topic_count":0,"_bbp_total_reply_count":0,"_bbp_voice_count":0,"_bbp_anonymous_reply_count":0,"_bbp_topic_count_hidden":0,"_bbp_reply_count_hidden":0,"_bbp_forum_subforum_count":0,"footnotes":""},"categories":[3,1,29],"tags":[],"class_list":["post-10903","post","type-post","status-publish","format-standard","has-post-thumbnail","hentry","category-eso","category-general","category-portada"],"post_mailing_queue_ids":[],"_links":{"self":[{"href":"https:\/\/agora.xtec.cat\/ies-santa-eulalia\/wp-json\/wp\/v2\/posts\/10903","targetHints":{"allow":["GET"]}}],"collection":[{"href":"https:\/\/agora.xtec.cat\/ies-santa-eulalia\/wp-json\/wp\/v2\/posts"}],"about":[{"href":"https:\/\/agora.xtec.cat\/ies-santa-eulalia\/wp-json\/wp\/v2\/types\/post"}],"author":[{"embeddable":true,"href":"https:\/\/agora.xtec.cat\/ies-santa-eulalia\/wp-json\/wp\/v2\/users\/109"}],"replies":[{"embeddable":true,"href":"https:\/\/agora.xtec.cat\/ies-santa-eulalia\/wp-json\/wp\/v2\/comments?post=10903"}],"version-history":[{"count":2,"href":"https:\/\/agora.xtec.cat\/ies-santa-eulalia\/wp-json\/wp\/v2\/posts\/10903\/revisions"}],"predecessor-version":[{"id":10906,"href":"https:\/\/agora.xtec.cat\/ies-santa-eulalia\/wp-json\/wp\/v2\/posts\/10903\/revisions\/10906"}],"wp:featuredmedia":[{"embeddable":true,"href":"https:\/\/agora.xtec.cat\/ies-santa-eulalia\/wp-json\/wp\/v2\/media\/10905"}],"wp:attachment":[{"href":"https:\/\/agora.xtec.cat\/ies-santa-eulalia\/wp-json\/wp\/v2\/media?parent=10903"}],"wp:term":[{"taxonomy":"category","embeddable":true,"href":"https:\/\/agora.xtec.cat\/ies-santa-eulalia\/wp-json\/wp\/v2\/categories?post=10903"},{"taxonomy":"post_tag","embeddable":true,"href":"https:\/\/agora.xtec.cat\/ies-santa-eulalia\/wp-json\/wp\/v2\/tags?post=10903"}],"curies":[{"name":"wp","href":"https:\/\/api.w.org\/{rel}","templated":true}]}}