{"id":10892,"date":"2023-11-24T12:02:55","date_gmt":"2023-11-24T11:02:55","guid":{"rendered":"https:\/\/agora.xtec.cat\/ies-santa-eulalia\/?p=10892"},"modified":"2023-11-24T12:07:56","modified_gmt":"2023-11-24T11:07:56","slug":"exposicio-de-fotografia-matematica","status":"publish","type":"post","link":"https:\/\/agora.xtec.cat\/ies-santa-eulalia\/general\/exposicio-de-fotografia-matematica\/","title":{"rendered":"Exposici\u00f3 de fotografia matem\u00e0tica"},"content":{"rendered":"<p>Aquesta setmana, coincidint amb la setmana de la ci\u00e8ncia, podem gaudir\u00a0 als passadissos de la planta baixa de l\u2019institut d\u2019una exposici\u00f3 de fotografia matem\u00e0tica cedida per l&#8217;ABEAM (&#8220;Associaci\u00f3 de Barcelona per l&#8217;Ensenyament i l&#8217;Aprenentatge de les Matem\u00e0tiques &#8220;) on podem trobar un recull de moltes de les fotografies guanyadores del concurs de fotografia matem\u00e0tica del darrers anys. Amb aquestes fotografies podem veure les matem\u00e0tiques amb uns ulls diferents i observar la bellesa i la seva presencia al nostre entorn.\u00a0 Molts alumnes ja han gaudit de l\u2019exposici\u00f3 acompanyants dels seus professors de matem\u00e0tiques i altres encara ho estan fent.\u00a0 Tamb\u00e9 estan agafant moltes idees per poder fer la seva pr\u00f2pia fotografia<\/p>\n<p>Us hi esperem a tots!<\/p>\n<p>&nbsp;<\/p>\n<p><a href=\"https:\/\/agora.xtec.cat\/ies-santa-eulalia\/wp-content\/uploads\/usu1612\/2023\/11\/IMG-20231124-WA0000.jpg\"><img loading=\"lazy\" decoding=\"async\" class=\"alignnone size-large wp-image-10893\" src=\"https:\/\/agora.xtec.cat\/ies-santa-eulalia\/wp-content\/uploads\/usu1612\/2023\/11\/IMG-20231124-WA0000-1024x768.jpg\" alt=\"\" width=\"1024\" height=\"768\" srcset=\"https:\/\/agora.xtec.cat\/ies-santa-eulalia\/wp-content\/uploads\/usu1612\/2023\/11\/IMG-20231124-WA0000-1024x768.jpg 1024w, https:\/\/agora.xtec.cat\/ies-santa-eulalia\/wp-content\/uploads\/usu1612\/2023\/11\/IMG-20231124-WA0000-300x225.jpg 300w, https:\/\/agora.xtec.cat\/ies-santa-eulalia\/wp-content\/uploads\/usu1612\/2023\/11\/IMG-20231124-WA0000-768x576.jpg 768w, https:\/\/agora.xtec.cat\/ies-santa-eulalia\/wp-content\/uploads\/usu1612\/2023\/11\/IMG-20231124-WA0000-1536x1152.jpg 1536w, https:\/\/agora.xtec.cat\/ies-santa-eulalia\/wp-content\/uploads\/usu1612\/2023\/11\/IMG-20231124-WA0000-200x150.jpg 200w, https:\/\/agora.xtec.cat\/ies-santa-eulalia\/wp-content\/uploads\/usu1612\/2023\/11\/IMG-20231124-WA0000.jpg 2048w\" sizes=\"auto, (max-width: 1024px) 100vw, 1024px\" \/><\/a><\/p>\n<p>&nbsp;<\/p>\n<p>&nbsp;<\/p>\n","protected":false},"excerpt":{"rendered":"<p>Aquesta setmana, coincidint amb la setmana de la ci\u00e8ncia, podem gaudir\u00a0 als passadissos de la planta baixa de l\u2019institut d\u2019una exposici\u00f3 de fotografia matem\u00e0tica cedida per l&#8217;ABEAM (&#8220;Associaci\u00f3 de Barcelona per l&#8217;Ensenyament i l&#8217;Aprenentatge de les Matem\u00e0tiques &#8220;) on podem trobar un recull de moltes&hellip;  <a href=\"https:\/\/agora.xtec.cat\/ies-santa-eulalia\/general\/exposicio-de-fotografia-matematica\/\" title=\"Read Exposici\u00f3 de fotografia matem\u00e0tica\">Llegeix m\u00e9s\u00bb<\/a><\/p>\n","protected":false},"author":29,"featured_media":9838,"comment_status":"open","ping_status":"closed","sticky":false,"template":"","format":"standard","meta":{"_bbp_topic_count":0,"_bbp_reply_count":0,"_bbp_total_topic_count":0,"_bbp_total_reply_count":0,"_bbp_voice_count":0,"_bbp_anonymous_reply_count":0,"_bbp_topic_count_hidden":0,"_bbp_reply_count_hidden":0,"_bbp_forum_subforum_count":0,"footnotes":""},"categories":[140,8,3,1,29,299],"tags":[234,432,433,233,170,41],"class_list":["post-10892","post","type-post","status-publish","format-standard","has-post-thumbnail","hentry","category-novetats-matematiques","category-batxillerat","category-eso","category-general","category-portada","category-steam","tag-copem","tag-fotografiamatematica","tag-fotomatiques","tag-iseulalia","tag-fotografia","tag-matematiques"],"post_mailing_queue_ids":[],"_links":{"self":[{"href":"https:\/\/agora.xtec.cat\/ies-santa-eulalia\/wp-json\/wp\/v2\/posts\/10892","targetHints":{"allow":["GET"]}}],"collection":[{"href":"https:\/\/agora.xtec.cat\/ies-santa-eulalia\/wp-json\/wp\/v2\/posts"}],"about":[{"href":"https:\/\/agora.xtec.cat\/ies-santa-eulalia\/wp-json\/wp\/v2\/types\/post"}],"author":[{"embeddable":true,"href":"https:\/\/agora.xtec.cat\/ies-santa-eulalia\/wp-json\/wp\/v2\/users\/29"}],"replies":[{"embeddable":true,"href":"https:\/\/agora.xtec.cat\/ies-santa-eulalia\/wp-json\/wp\/v2\/comments?post=10892"}],"version-history":[{"count":1,"href":"https:\/\/agora.xtec.cat\/ies-santa-eulalia\/wp-json\/wp\/v2\/posts\/10892\/revisions"}],"predecessor-version":[{"id":10894,"href":"https:\/\/agora.xtec.cat\/ies-santa-eulalia\/wp-json\/wp\/v2\/posts\/10892\/revisions\/10894"}],"wp:featuredmedia":[{"embeddable":true,"href":"https:\/\/agora.xtec.cat\/ies-santa-eulalia\/wp-json\/wp\/v2\/media\/9838"}],"wp:attachment":[{"href":"https:\/\/agora.xtec.cat\/ies-santa-eulalia\/wp-json\/wp\/v2\/media?parent=10892"}],"wp:term":[{"taxonomy":"category","embeddable":true,"href":"https:\/\/agora.xtec.cat\/ies-santa-eulalia\/wp-json\/wp\/v2\/categories?post=10892"},{"taxonomy":"post_tag","embeddable":true,"href":"https:\/\/agora.xtec.cat\/ies-santa-eulalia\/wp-json\/wp\/v2\/tags?post=10892"}],"curies":[{"name":"wp","href":"https:\/\/api.w.org\/{rel}","templated":true}]}}