{"id":10865,"date":"2023-11-15T12:07:27","date_gmt":"2023-11-15T11:07:27","guid":{"rendered":"https:\/\/agora.xtec.cat\/ies-santa-eulalia\/?p=10865"},"modified":"2023-12-01T08:33:29","modified_gmt":"2023-12-01T07:33:29","slug":"eleccions-consell-escolar-candidatura-families","status":"publish","type":"post","link":"https:\/\/agora.xtec.cat\/ies-santa-eulalia\/general\/eleccions-consell-escolar-candidatura-families\/","title":{"rendered":"ELECCIONS CONSELL ESCOLAR &#8211; CANDIDATURA FAM\u00cdLIES"},"content":{"rendered":"<p>El pr\u00f2xim 20 de novembre de 2023, de 16h a 18h, es faran les votacions del sector de les fam\u00edlies al davant de la secretaria de l&#8217;institut.<\/p>\n<p>S&#8217;ha presentat una candidatura, de l&#8217;<strong>Ana D\u00edaz Caldero<\/strong>. Ella mateixa es presenta aix\u00ed:<\/p>\n<p>&#8220;<strong>Soc l&#8217;Ana D\u00edaz i em fa il\u00b7lusi\u00f3 presentar-me com a membre del Consell Escolar, ja que soc nova a l&#8217;escola com a mare i, a m\u00e9s, he estat antiga alumna a l&#8217;institut. M&#8217;agradaria poder formar part del Consell Escolar i participar per con\u00e8ixer m\u00e9s a fons el funcionament de l&#8217;institut i ajudar en la mesura del possible en les millores que es poden anar fent cada any<\/strong>&#8221;<\/p>\n<p>Us animem a participar de la votaci\u00f3.<\/p>\n<p><a href=\"https:\/\/agora.xtec.cat\/ies-santa-eulalia\/wp-content\/uploads\/usu1612\/2023\/11\/240_F_644103823_op7x4MQh0OJu2YzMIdc1eJWhmFT4C5sX.jpg\"><img loading=\"lazy\" decoding=\"async\" class=\"alignnone wp-image-10867\" src=\"https:\/\/agora.xtec.cat\/ies-santa-eulalia\/wp-content\/uploads\/usu1612\/2023\/11\/240_F_644103823_op7x4MQh0OJu2YzMIdc1eJWhmFT4C5sX.jpg\" alt=\"\" width=\"365\" height=\"243\" srcset=\"https:\/\/agora.xtec.cat\/ies-santa-eulalia\/wp-content\/uploads\/usu1612\/2023\/11\/240_F_644103823_op7x4MQh0OJu2YzMIdc1eJWhmFT4C5sX.jpg 360w, https:\/\/agora.xtec.cat\/ies-santa-eulalia\/wp-content\/uploads\/usu1612\/2023\/11\/240_F_644103823_op7x4MQh0OJu2YzMIdc1eJWhmFT4C5sX-300x200.jpg 300w\" sizes=\"auto, (max-width: 365px) 100vw, 365px\" \/><\/a><\/p>\n","protected":false},"excerpt":{"rendered":"<p>El pr\u00f2xim 20 de novembre de 2023, de 16h a 18h, es faran les votacions del sector de les fam\u00edlies al davant de la secretaria de l&#8217;institut.<br \/>\nS&#8217;ha presentat una candidatura, de l&#8217;Ana D\u00edaz Caldero. Ella mateixa es presenta aix\u00ed:<br \/>\n&#8220;Soc l&#8217;Ana D\u00edaz i em fa il\u00b7lusi\u00f3&hellip;  <a href=\"https:\/\/agora.xtec.cat\/ies-santa-eulalia\/general\/eleccions-consell-escolar-candidatura-families\/\" title=\"Read ELECCIONS CONSELL ESCOLAR &#8211; CANDIDATURA FAM\u00cdLIES\">Llegeix m\u00e9s\u00bb<\/a><\/p>\n","protected":false},"author":76,"featured_media":10867,"comment_status":"open","ping_status":"closed","sticky":false,"template":"","format":"standard","meta":{"_bbp_topic_count":0,"_bbp_reply_count":0,"_bbp_total_topic_count":0,"_bbp_total_reply_count":0,"_bbp_voice_count":0,"_bbp_anonymous_reply_count":0,"_bbp_topic_count_hidden":0,"_bbp_reply_count_hidden":0,"_bbp_forum_subforum_count":0,"footnotes":""},"categories":[8,3,1,29],"tags":[491],"class_list":["post-10865","post","type-post","status-publish","format-standard","has-post-thumbnail","hentry","category-batxillerat","category-eso","category-general","category-portada","tag-eleccions-consellescolar-copem-ise2324"],"post_mailing_queue_ids":[],"_links":{"self":[{"href":"https:\/\/agora.xtec.cat\/ies-santa-eulalia\/wp-json\/wp\/v2\/posts\/10865","targetHints":{"allow":["GET"]}}],"collection":[{"href":"https:\/\/agora.xtec.cat\/ies-santa-eulalia\/wp-json\/wp\/v2\/posts"}],"about":[{"href":"https:\/\/agora.xtec.cat\/ies-santa-eulalia\/wp-json\/wp\/v2\/types\/post"}],"author":[{"embeddable":true,"href":"https:\/\/agora.xtec.cat\/ies-santa-eulalia\/wp-json\/wp\/v2\/users\/76"}],"replies":[{"embeddable":true,"href":"https:\/\/agora.xtec.cat\/ies-santa-eulalia\/wp-json\/wp\/v2\/comments?post=10865"}],"version-history":[{"count":3,"href":"https:\/\/agora.xtec.cat\/ies-santa-eulalia\/wp-json\/wp\/v2\/posts\/10865\/revisions"}],"predecessor-version":[{"id":10870,"href":"https:\/\/agora.xtec.cat\/ies-santa-eulalia\/wp-json\/wp\/v2\/posts\/10865\/revisions\/10870"}],"wp:featuredmedia":[{"embeddable":true,"href":"https:\/\/agora.xtec.cat\/ies-santa-eulalia\/wp-json\/wp\/v2\/media\/10867"}],"wp:attachment":[{"href":"https:\/\/agora.xtec.cat\/ies-santa-eulalia\/wp-json\/wp\/v2\/media?parent=10865"}],"wp:term":[{"taxonomy":"category","embeddable":true,"href":"https:\/\/agora.xtec.cat\/ies-santa-eulalia\/wp-json\/wp\/v2\/categories?post=10865"},{"taxonomy":"post_tag","embeddable":true,"href":"https:\/\/agora.xtec.cat\/ies-santa-eulalia\/wp-json\/wp\/v2\/tags?post=10865"}],"curies":[{"name":"wp","href":"https:\/\/api.w.org\/{rel}","templated":true}]}}