{"id":10801,"date":"2023-11-07T11:55:29","date_gmt":"2023-11-07T10:55:29","guid":{"rendered":"https:\/\/agora.xtec.cat\/ies-santa-eulalia\/?p=10801"},"modified":"2023-11-07T11:55:29","modified_gmt":"2023-11-07T10:55:29","slug":"xerrada-gestio-de-lansietat-a-1r-de-batxillerat","status":"publish","type":"post","link":"https:\/\/agora.xtec.cat\/ies-santa-eulalia\/general\/xerrada-gestio-de-lansietat-a-1r-de-batxillerat\/","title":{"rendered":"Xerrada Gesti\u00f3 de l&#8217;ansietat a 1r de batxillerat"},"content":{"rendered":"<p>Dins de la programaci\u00f3 de xerrades de l&#8217;\u00e0mbit de <strong>tutoria de batxillerat<\/strong> per aquest curs 2023-2024, l&#8217;alumnat de <strong>1r de batxillerat<\/strong> ha tingut avui una xerrada inicial sobre <strong><em>Gesti\u00f3 de l&#8217;ansietat<\/em><\/strong>.<\/p>\n<p>Aquesta xerrada ha servit per donar algunes pautes i eines per afrontar l&#8217;estr\u00e9s i l&#8217;ansietat que l&#8217;inici d&#8217;aquesta nova etapa vital i acad\u00e8mica els puga plantejar. M\u00e9s endavant, es continuar\u00e0 el cicle amb un taller pr\u00e0ctic per donar facilitar recursos per identificar i afrontar aquests tipus de situacions.<a href=\"https:\/\/agora.xtec.cat\/ies-santa-eulalia\/wp-content\/uploads\/usu1612\/2023\/11\/image_50754049-scaled-e1699354225448.jpg\"><img loading=\"lazy\" decoding=\"async\" class=\"aligncenter wp-image-10803 size-large\" src=\"https:\/\/agora.xtec.cat\/ies-santa-eulalia\/wp-content\/uploads\/usu1612\/2023\/11\/image_50754049-scaled-e1699354225448-1024x594.jpg\" alt=\"\" width=\"1024\" height=\"594\" srcset=\"https:\/\/agora.xtec.cat\/ies-santa-eulalia\/wp-content\/uploads\/usu1612\/2023\/11\/image_50754049-scaled-e1699354225448-1024x594.jpg 1024w, https:\/\/agora.xtec.cat\/ies-santa-eulalia\/wp-content\/uploads\/usu1612\/2023\/11\/image_50754049-scaled-e1699354225448-300x174.jpg 300w, https:\/\/agora.xtec.cat\/ies-santa-eulalia\/wp-content\/uploads\/usu1612\/2023\/11\/image_50754049-scaled-e1699354225448-768x445.jpg 768w, https:\/\/agora.xtec.cat\/ies-santa-eulalia\/wp-content\/uploads\/usu1612\/2023\/11\/image_50754049-scaled-e1699354225448-1536x890.jpg 1536w, https:\/\/agora.xtec.cat\/ies-santa-eulalia\/wp-content\/uploads\/usu1612\/2023\/11\/image_50754049-scaled-e1699354225448-2048x1187.jpg 2048w\" sizes=\"auto, (max-width: 1024px) 100vw, 1024px\" \/><\/a><\/p>\n","protected":false},"excerpt":{"rendered":"<p>Dins de la programaci\u00f3 de xerrades de l&#8217;\u00e0mbit de tutoria de batxillerat per aquest curs 2023-2024, l&#8217;alumnat de 1r de batxillerat ha tingut avui una xerrada inicial sobre Gesti\u00f3 de l&#8217;ansietat.<br \/>\nAquesta xerrada ha servit per donar algunes pautes i eines per afrontar l&#8217;estr\u00e9s i l&#8217;ansietat&hellip;  <a href=\"https:\/\/agora.xtec.cat\/ies-santa-eulalia\/general\/xerrada-gestio-de-lansietat-a-1r-de-batxillerat\/\" title=\"Read Xerrada Gesti\u00f3 de l&#8217;ansietat a 1r de batxillerat\">Llegeix m\u00e9s\u00bb<\/a><\/p>\n","protected":false},"author":35,"featured_media":10802,"comment_status":"open","ping_status":"closed","sticky":false,"template":"","format":"standard","meta":{"_bbp_topic_count":0,"_bbp_reply_count":0,"_bbp_total_topic_count":0,"_bbp_total_reply_count":0,"_bbp_voice_count":0,"_bbp_anonymous_reply_count":0,"_bbp_topic_count_hidden":0,"_bbp_reply_count_hidden":0,"_bbp_forum_subforum_count":0,"footnotes":""},"categories":[176,177,184,134,8,1,476,29,105],"tags":[234,132,219,125,415,485,205,212,465,258,44],"class_list":["post-10801","post","type-post","status-publish","format-standard","has-post-thumbnail","hentry","category-1r-batx-a","category-1r-batx-b","category-1r-batxillerat","category-novetats-orientacio-educativa","category-batxillerat","category-general","category-orientacio","category-portada","category-tutores-i-equips-docents","tag-copem","tag-1r-bat","tag-bat","tag-batxillerat","tag-curs-2023-2024","tag-gestio-ansietat","tag-ins-santa-eulalia","tag-ise","tag-ise2324","tag-que-ha-passat","tag-xerrades"],"post_mailing_queue_ids":[],"_links":{"self":[{"href":"https:\/\/agora.xtec.cat\/ies-santa-eulalia\/wp-json\/wp\/v2\/posts\/10801","targetHints":{"allow":["GET"]}}],"collection":[{"href":"https:\/\/agora.xtec.cat\/ies-santa-eulalia\/wp-json\/wp\/v2\/posts"}],"about":[{"href":"https:\/\/agora.xtec.cat\/ies-santa-eulalia\/wp-json\/wp\/v2\/types\/post"}],"author":[{"embeddable":true,"href":"https:\/\/agora.xtec.cat\/ies-santa-eulalia\/wp-json\/wp\/v2\/users\/35"}],"replies":[{"embeddable":true,"href":"https:\/\/agora.xtec.cat\/ies-santa-eulalia\/wp-json\/wp\/v2\/comments?post=10801"}],"version-history":[{"count":1,"href":"https:\/\/agora.xtec.cat\/ies-santa-eulalia\/wp-json\/wp\/v2\/posts\/10801\/revisions"}],"predecessor-version":[{"id":10804,"href":"https:\/\/agora.xtec.cat\/ies-santa-eulalia\/wp-json\/wp\/v2\/posts\/10801\/revisions\/10804"}],"wp:featuredmedia":[{"embeddable":true,"href":"https:\/\/agora.xtec.cat\/ies-santa-eulalia\/wp-json\/wp\/v2\/media\/10802"}],"wp:attachment":[{"href":"https:\/\/agora.xtec.cat\/ies-santa-eulalia\/wp-json\/wp\/v2\/media?parent=10801"}],"wp:term":[{"taxonomy":"category","embeddable":true,"href":"https:\/\/agora.xtec.cat\/ies-santa-eulalia\/wp-json\/wp\/v2\/categories?post=10801"},{"taxonomy":"post_tag","embeddable":true,"href":"https:\/\/agora.xtec.cat\/ies-santa-eulalia\/wp-json\/wp\/v2\/tags?post=10801"}],"curies":[{"name":"wp","href":"https:\/\/api.w.org\/{rel}","templated":true}]}}