{"id":10766,"date":"2023-10-26T13:15:59","date_gmt":"2023-10-26T11:15:59","guid":{"rendered":"https:\/\/agora.xtec.cat\/ies-santa-eulalia\/?p=10766"},"modified":"2023-10-26T18:19:19","modified_gmt":"2023-10-26T16:19:19","slug":"kosmopolis-2023-al-cccb","status":"publish","type":"post","link":"https:\/\/agora.xtec.cat\/ies-santa-eulalia\/general\/kosmopolis-2023-al-cccb\/","title":{"rendered":"Kosmopolis 2023 al CCCB"},"content":{"rendered":"<p><a href=\"https:\/\/agora.xtec.cat\/ies-santa-eulalia\/wp-content\/uploads\/usu1612\/2023\/10\/Kosmopolis.jpg\"><img loading=\"lazy\" decoding=\"async\" class=\"alignnone size-full wp-image-10767\" src=\"https:\/\/agora.xtec.cat\/ies-santa-eulalia\/wp-content\/uploads\/usu1612\/2023\/10\/Kosmopolis.jpg\" alt=\"\" width=\"816\" height=\"593\" srcset=\"https:\/\/agora.xtec.cat\/ies-santa-eulalia\/wp-content\/uploads\/usu1612\/2023\/10\/Kosmopolis.jpg 816w, https:\/\/agora.xtec.cat\/ies-santa-eulalia\/wp-content\/uploads\/usu1612\/2023\/10\/Kosmopolis-300x218.jpg 300w, https:\/\/agora.xtec.cat\/ies-santa-eulalia\/wp-content\/uploads\/usu1612\/2023\/10\/Kosmopolis-768x558.jpg 768w\" sizes=\"auto, (max-width: 816px) 100vw, 816px\" \/><\/a><\/p>\n<p>La Comissi\u00f3 de Biblioteca de l&#8217;Institut Santa Eul\u00e0lia recomana les activitats de la nova edici\u00f3 de KOSMOPOLIS, la festa de la literatura, que se celebren entre els dies 25 i 29 d&#8217;octubre al Centre de Cultura Contempor\u00e0nia de Barcelona, la tem\u00e0tica \u00e9s la literatura oce\u00e0nica i podeu accedir al programa d&#8217;activitats entrant al seg\u00fcent enlla\u00e7 <a href=\"https:\/\/kosmopolis.cccb.org\/ca\/edicions\/k23\/\" target=\"_blank\" rel=\"noopener\">https:\/\/kosmopolis.cccb.org\/ca\/edicions\/k23\/<\/a><\/p>\n<p>&nbsp;<\/p>\n","protected":false},"excerpt":{"rendered":"<p><a href=\"https:\/\/agora.xtec.cat\/ies-santa-eulalia\/wp-content\/uploads\/usu1612\/2023\/10\/Kosmopolis.jpg\"><\/a><br \/>\nLa Comissi\u00f3 de Biblioteca de l&#8217;Institut Santa Eul\u00e0lia recomana les activitats de la nova edici\u00f3 de KOSMOPOLIS, la festa de la literatura, que se celebren entre els dies 25 i 29 d&#8217;octubre al Centre de Cultura Contempor\u00e0nia de Barcelona, la tem\u00e0tica \u00e9s la literatura&hellip;  <a href=\"https:\/\/agora.xtec.cat\/ies-santa-eulalia\/general\/kosmopolis-2023-al-cccb\/\" title=\"Read Kosmopolis 2023 al CCCB\">Llegeix m\u00e9s\u00bb<\/a><\/p>\n","protected":false},"author":18,"featured_media":10767,"comment_status":"open","ping_status":"closed","sticky":false,"template":"","format":"standard","meta":{"_bbp_topic_count":0,"_bbp_reply_count":0,"_bbp_total_topic_count":0,"_bbp_total_reply_count":0,"_bbp_voice_count":0,"_bbp_anonymous_reply_count":0,"_bbp_topic_count_hidden":0,"_bbp_reply_count_hidden":0,"_bbp_forum_subforum_count":0,"footnotes":""},"categories":[156,1,29],"tags":[478],"class_list":["post-10766","post","type-post","status-publish","format-standard","has-post-thumbnail","hentry","category-novetats-biblioteca","category-general","category-portada","tag-biblioteca"],"post_mailing_queue_ids":[],"_links":{"self":[{"href":"https:\/\/agora.xtec.cat\/ies-santa-eulalia\/wp-json\/wp\/v2\/posts\/10766","targetHints":{"allow":["GET"]}}],"collection":[{"href":"https:\/\/agora.xtec.cat\/ies-santa-eulalia\/wp-json\/wp\/v2\/posts"}],"about":[{"href":"https:\/\/agora.xtec.cat\/ies-santa-eulalia\/wp-json\/wp\/v2\/types\/post"}],"author":[{"embeddable":true,"href":"https:\/\/agora.xtec.cat\/ies-santa-eulalia\/wp-json\/wp\/v2\/users\/18"}],"replies":[{"embeddable":true,"href":"https:\/\/agora.xtec.cat\/ies-santa-eulalia\/wp-json\/wp\/v2\/comments?post=10766"}],"version-history":[{"count":2,"href":"https:\/\/agora.xtec.cat\/ies-santa-eulalia\/wp-json\/wp\/v2\/posts\/10766\/revisions"}],"predecessor-version":[{"id":10769,"href":"https:\/\/agora.xtec.cat\/ies-santa-eulalia\/wp-json\/wp\/v2\/posts\/10766\/revisions\/10769"}],"wp:featuredmedia":[{"embeddable":true,"href":"https:\/\/agora.xtec.cat\/ies-santa-eulalia\/wp-json\/wp\/v2\/media\/10767"}],"wp:attachment":[{"href":"https:\/\/agora.xtec.cat\/ies-santa-eulalia\/wp-json\/wp\/v2\/media?parent=10766"}],"wp:term":[{"taxonomy":"category","embeddable":true,"href":"https:\/\/agora.xtec.cat\/ies-santa-eulalia\/wp-json\/wp\/v2\/categories?post=10766"},{"taxonomy":"post_tag","embeddable":true,"href":"https:\/\/agora.xtec.cat\/ies-santa-eulalia\/wp-json\/wp\/v2\/tags?post=10766"}],"curies":[{"name":"wp","href":"https:\/\/api.w.org\/{rel}","templated":true}]}}