{"id":10752,"date":"2023-10-23T19:47:19","date_gmt":"2023-10-23T17:47:19","guid":{"rendered":"https:\/\/agora.xtec.cat\/ies-santa-eulalia\/?p=10752"},"modified":"2023-10-23T19:52:46","modified_gmt":"2023-10-23T17:52:46","slug":"taller-primera-feina-recursos-i-canals","status":"publish","type":"post","link":"https:\/\/agora.xtec.cat\/ies-santa-eulalia\/general\/taller-primera-feina-recursos-i-canals\/","title":{"rendered":"Taller Primera feina: recursos i canals a batxillerat"},"content":{"rendered":"<p>Dins de la programaci\u00f3 de xerrades de l&#8217;\u00e0mbit de <strong>tutoria de batxillerat<\/strong> per aquest curs 2023-2024, l&#8217;alumnat de <strong>1r de batxillerat<\/strong> ha participat avui en els taller d&#8217;orientaci\u00f3 laboral <strong><em>Primera feina: recursos i canals <\/em><\/strong>oferit per l&#8217;oficina Jove de l&#8217;ajuntament.<\/p>\n<p>Aquest taller, at\u00e8s que part de l&#8217;alumnat es planteja fer alguna primera incursi\u00f3 laboral aquest estiu, dona a con\u00e8ixer el proc\u00e9s per a la recerca de feina, aix\u00ed com els diferents elements que cal elaborar per assolir l\u2019objectiu i tenir una visi\u00f3 completa de tot el que s&#8217;ha de tenir en compte per accedir al mercat laboral.<\/p>\n<p><a href=\"https:\/\/agora.xtec.cat\/ies-santa-eulalia\/wp-content\/uploads\/usu1612\/2023\/10\/IMG_20231023_105841.jpg\"><img loading=\"lazy\" decoding=\"async\" class=\"aligncenter size-full wp-image-10754\" src=\"https:\/\/agora.xtec.cat\/ies-santa-eulalia\/wp-content\/uploads\/usu1612\/2023\/10\/IMG_20231023_105841.jpg\" alt=\"\" width=\"1024\" height=\"766\" srcset=\"https:\/\/agora.xtec.cat\/ies-santa-eulalia\/wp-content\/uploads\/usu1612\/2023\/10\/IMG_20231023_105841.jpg 1024w, https:\/\/agora.xtec.cat\/ies-santa-eulalia\/wp-content\/uploads\/usu1612\/2023\/10\/IMG_20231023_105841-300x224.jpg 300w, https:\/\/agora.xtec.cat\/ies-santa-eulalia\/wp-content\/uploads\/usu1612\/2023\/10\/IMG_20231023_105841-768x575.jpg 768w, https:\/\/agora.xtec.cat\/ies-santa-eulalia\/wp-content\/uploads\/usu1612\/2023\/10\/IMG_20231023_105841-200x150.jpg 200w\" sizes=\"auto, (max-width: 1024px) 100vw, 1024px\" \/><\/a><\/p>\n<p>&nbsp;<\/p>\n","protected":false},"excerpt":{"rendered":"<p>Dins de la programaci\u00f3 de xerrades de l&#8217;\u00e0mbit de tutoria de batxillerat per aquest curs 2023-2024, l&#8217;alumnat de 1r de batxillerat ha participat avui en els taller d&#8217;orientaci\u00f3 laboral Primera feina: recursos i canals oferit per l&#8217;oficina Jove de l&#8217;ajuntament.<br \/>\nAquest taller, at\u00e8s que part de&hellip;  <a href=\"https:\/\/agora.xtec.cat\/ies-santa-eulalia\/general\/taller-primera-feina-recursos-i-canals\/\" title=\"Read Taller Primera feina: recursos i canals a batxillerat\">Llegeix m\u00e9s\u00bb<\/a><\/p>\n","protected":false},"author":35,"featured_media":10753,"comment_status":"open","ping_status":"closed","sticky":false,"template":"","format":"standard","meta":{"_bbp_topic_count":0,"_bbp_reply_count":0,"_bbp_total_topic_count":0,"_bbp_total_reply_count":0,"_bbp_voice_count":0,"_bbp_anonymous_reply_count":0,"_bbp_topic_count_hidden":0,"_bbp_reply_count_hidden":0,"_bbp_forum_subforum_count":0,"footnotes":""},"categories":[176,177,184,134,8,1,29,105],"tags":[234,235,132,125,475,415,465,258,58,44],"class_list":["post-10752","post","type-post","status-publish","format-standard","has-post-thumbnail","hentry","category-1r-batx-a","category-1r-batx-b","category-1r-batxillerat","category-novetats-orientacio-educativa","category-batxillerat","category-general","category-portada","category-tutores-i-equips-docents","tag-copem","tag-tutoria","tag-1r-bat","tag-batxillerat","tag-copem2324","tag-curs-2023-2024","tag-ise2324","tag-que-ha-passat","tag-tallers","tag-xerrades"],"post_mailing_queue_ids":[],"_links":{"self":[{"href":"https:\/\/agora.xtec.cat\/ies-santa-eulalia\/wp-json\/wp\/v2\/posts\/10752","targetHints":{"allow":["GET"]}}],"collection":[{"href":"https:\/\/agora.xtec.cat\/ies-santa-eulalia\/wp-json\/wp\/v2\/posts"}],"about":[{"href":"https:\/\/agora.xtec.cat\/ies-santa-eulalia\/wp-json\/wp\/v2\/types\/post"}],"author":[{"embeddable":true,"href":"https:\/\/agora.xtec.cat\/ies-santa-eulalia\/wp-json\/wp\/v2\/users\/35"}],"replies":[{"embeddable":true,"href":"https:\/\/agora.xtec.cat\/ies-santa-eulalia\/wp-json\/wp\/v2\/comments?post=10752"}],"version-history":[{"count":4,"href":"https:\/\/agora.xtec.cat\/ies-santa-eulalia\/wp-json\/wp\/v2\/posts\/10752\/revisions"}],"predecessor-version":[{"id":10758,"href":"https:\/\/agora.xtec.cat\/ies-santa-eulalia\/wp-json\/wp\/v2\/posts\/10752\/revisions\/10758"}],"wp:featuredmedia":[{"embeddable":true,"href":"https:\/\/agora.xtec.cat\/ies-santa-eulalia\/wp-json\/wp\/v2\/media\/10753"}],"wp:attachment":[{"href":"https:\/\/agora.xtec.cat\/ies-santa-eulalia\/wp-json\/wp\/v2\/media?parent=10752"}],"wp:term":[{"taxonomy":"category","embeddable":true,"href":"https:\/\/agora.xtec.cat\/ies-santa-eulalia\/wp-json\/wp\/v2\/categories?post=10752"},{"taxonomy":"post_tag","embeddable":true,"href":"https:\/\/agora.xtec.cat\/ies-santa-eulalia\/wp-json\/wp\/v2\/tags?post=10752"}],"curies":[{"name":"wp","href":"https:\/\/api.w.org\/{rel}","templated":true}]}}