{"id":10749,"date":"2023-10-23T09:25:08","date_gmt":"2023-10-23T07:25:08","guid":{"rendered":"https:\/\/agora.xtec.cat\/ies-santa-eulalia\/?p=10749"},"modified":"2023-10-23T09:25:08","modified_gmt":"2023-10-23T07:25:08","slug":"sortida-3rd-a-lauditori","status":"publish","type":"post","link":"https:\/\/agora.xtec.cat\/ies-santa-eulalia\/general\/sortida-3rd-a-lauditori\/","title":{"rendered":"Sortida 3rD a l&#8217;Auditori"},"content":{"rendered":"<p>El divendres passat, els alumnes de 3r D ESO van anar a l&#8217;<strong>Assaig del concert de l\u2019Orquestra Simf\u00f2nica de Barcelona i Nacional de Catalunya \u2013 OBC<\/strong><\/p>\n<p style=\"font-weight: 400;\">El repertori que es va escoltar va ser el seg\u00fcent:<\/p>\n<ul style=\"font-weight: 400;\">\n<li>Brahms: Concert per a viol\u00ed i orquestra<\/li>\n<li>Prokofiev: Suite simf\u00f2nica Romeu i Julieta<\/li>\n<\/ul>\n<p style=\"font-weight: 400;\">\n<p style=\"font-weight: 400;\">Per altra banda, tamb\u00e9 van visitar el Museu de la M\u00fasica on els alumnes van fer un Taller pr\u00e0ctic amb un Gamelan balin\u00e8s (Indon\u00e8sia)<\/p>\n<p>En aquest <a href=\"https:\/\/drive.google.com\/drive\/folders\/1xasKJHhr_BZSNeMRUPsvIRKfTu8qKpAz?usp=sharing\">enlla\u00e7<\/a> podeu veure algunes fotos de la jornada<\/p>\n<p>&nbsp;<\/p>\n<p><a href=\"https:\/\/agora.xtec.cat\/ies-santa-eulalia\/wp-content\/uploads\/usu1612\/2023\/10\/20231020_100026-scaled.jpg\"><img loading=\"lazy\" decoding=\"async\" class=\"alignleft size-full wp-image-10750\" src=\"https:\/\/agora.xtec.cat\/ies-santa-eulalia\/wp-content\/uploads\/usu1612\/2023\/10\/20231020_100026-scaled.jpg\" alt=\"\" width=\"2560\" height=\"1441\" srcset=\"https:\/\/agora.xtec.cat\/ies-santa-eulalia\/wp-content\/uploads\/usu1612\/2023\/10\/20231020_100026-scaled.jpg 2560w, https:\/\/agora.xtec.cat\/ies-santa-eulalia\/wp-content\/uploads\/usu1612\/2023\/10\/20231020_100026-300x169.jpg 300w, https:\/\/agora.xtec.cat\/ies-santa-eulalia\/wp-content\/uploads\/usu1612\/2023\/10\/20231020_100026-1024x577.jpg 1024w, https:\/\/agora.xtec.cat\/ies-santa-eulalia\/wp-content\/uploads\/usu1612\/2023\/10\/20231020_100026-768x432.jpg 768w, https:\/\/agora.xtec.cat\/ies-santa-eulalia\/wp-content\/uploads\/usu1612\/2023\/10\/20231020_100026-1536x865.jpg 1536w, https:\/\/agora.xtec.cat\/ies-santa-eulalia\/wp-content\/uploads\/usu1612\/2023\/10\/20231020_100026-2048x1153.jpg 2048w\" sizes=\"auto, (max-width: 2560px) 100vw, 2560px\" \/><\/a><\/p>\n","protected":false},"excerpt":{"rendered":"<p>El divendres passat, els alumnes de 3r D ESO van anar a l&#8217;Assaig del concert de l\u2019Orquestra Simf\u00f2nica de Barcelona i Nacional de Catalunya \u2013 OBC<br \/>\nEl repertori que es va escoltar va ser el seg\u00fcent:<\/p>\n<ul style=\"font-weight: 400;\">\n<li>Brahms: Concert per a viol\u00ed i orquestra<\/li>\n<li>Prokofiev: Suite simf\u00f2nica&hellip;  <a href=\"https:\/\/agora.xtec.cat\/ies-santa-eulalia\/general\/sortida-3rd-a-lauditori\/\" title=\"Read Sortida 3rD a l&#8217;Auditori\">Llegeix m\u00e9s\u00bb<\/a><br \/>\n","protected":false},"author":1,"featured_media":10750,"comment_status":"open","ping_status":"closed","sticky":false,"template":"","format":"standard","meta":{"_bbp_topic_count":0,"_bbp_reply_count":0,"_bbp_total_topic_count":0,"_bbp_total_reply_count":0,"_bbp_voice_count":0,"_bbp_anonymous_reply_count":0,"_bbp_topic_count_hidden":0,"_bbp_reply_count_hidden":0,"_bbp_forum_subforum_count":0,"footnotes":""},"categories":[151,3,334,1,29],"tags":[],"class_list":["post-10749","post","type-post","status-publish","format-standard","has-post-thumbnail","hentry","category-novetats-musica","category-eso","category-eso-3d","category-general","category-portada"],"post_mailing_queue_ids":[],"_links":{"self":[{"href":"https:\/\/agora.xtec.cat\/ies-santa-eulalia\/wp-json\/wp\/v2\/posts\/10749","targetHints":{"allow":["GET"]}}],"collection":[{"href":"https:\/\/agora.xtec.cat\/ies-santa-eulalia\/wp-json\/wp\/v2\/posts"}],"about":[{"href":"https:\/\/agora.xtec.cat\/ies-santa-eulalia\/wp-json\/wp\/v2\/types\/post"}],"author":[{"embeddable":true,"href":"https:\/\/agora.xtec.cat\/ies-santa-eulalia\/wp-json\/wp\/v2\/users\/1"}],"replies":[{"embeddable":true,"href":"https:\/\/agora.xtec.cat\/ies-santa-eulalia\/wp-json\/wp\/v2\/comments?post=10749"}],"version-history":[{"count":1,"href":"https:\/\/agora.xtec.cat\/ies-santa-eulalia\/wp-json\/wp\/v2\/posts\/10749\/revisions"}],"predecessor-version":[{"id":10751,"href":"https:\/\/agora.xtec.cat\/ies-santa-eulalia\/wp-json\/wp\/v2\/posts\/10749\/revisions\/10751"}],"wp:featuredmedia":[{"embeddable":true,"href":"https:\/\/agora.xtec.cat\/ies-santa-eulalia\/wp-json\/wp\/v2\/media\/10750"}],"wp:attachment":[{"href":"https:\/\/agora.xtec.cat\/ies-santa-eulalia\/wp-json\/wp\/v2\/media?parent=10749"}],"wp:term":[{"taxonomy":"category","embeddable":true,"href":"https:\/\/agora.xtec.cat\/ies-santa-eulalia\/wp-json\/wp\/v2\/categories?post=10749"},{"taxonomy":"post_tag","embeddable":true,"href":"https:\/\/agora.xtec.cat\/ies-santa-eulalia\/wp-json\/wp\/v2\/tags?post=10749"}],"curies":[{"name":"wp","href":"https:\/\/api.w.org\/{rel}","templated":true}]}}