{"id":10746,"date":"2023-10-18T10:39:00","date_gmt":"2023-10-18T08:39:00","guid":{"rendered":"https:\/\/agora.xtec.cat\/ies-santa-eulalia\/?p=10746"},"modified":"2024-03-06T10:49:40","modified_gmt":"2024-03-06T09:49:40","slug":"encara-tens-placa-per-al-batxillerat-nocturn","status":"publish","type":"post","link":"https:\/\/agora.xtec.cat\/ies-santa-eulalia\/general\/encara-tens-placa-per-al-batxillerat-nocturn\/","title":{"rendered":"Encara tens pla\u00e7a per al Batxillerat nocturn!!"},"content":{"rendered":"<p>Tens m\u00e9s de 18 anys? Vas deixar el batxillerat a mitges i el vols acabar? O potser vols comen\u00e7ar-lo per fer estudis superiors? Est\u00e0s treballant i no saps on reprendre el batxillerat?<\/p>\n<p>Si \u00e9s el teu cas, a l&#8217;Institut Santa Eul\u00e0lia oferim el Batxillerat nocturn, en qu\u00e8 podr\u00e0s cursar les modalitats del Cient\u00edfic i Tecnol\u00f2gic i de l&#8217;Human\u00edstic i Social amb classes a la tarda.<\/p>\n<p>Posa&#8217;t en contacte amb nosaltres, encara tenim places!<\/p>\n<p><a href=\"https:\/\/agora.xtec.cat\/ies-santa-eulalia\/wp-content\/uploads\/usu1612\/2023\/10\/Captura-de-pantalla-2023-10-05-a-les-22.06.57.png\"><img loading=\"lazy\" decoding=\"async\" class=\"alignnone size-large wp-image-10747\" src=\"https:\/\/agora.xtec.cat\/ies-santa-eulalia\/wp-content\/uploads\/usu1612\/2023\/10\/Captura-de-pantalla-2023-10-05-a-les-22.06.57-1024x581.png\" alt=\"\" width=\"1024\" height=\"581\" srcset=\"https:\/\/agora.xtec.cat\/ies-santa-eulalia\/wp-content\/uploads\/usu1612\/2023\/10\/Captura-de-pantalla-2023-10-05-a-les-22.06.57-1024x581.png 1024w, https:\/\/agora.xtec.cat\/ies-santa-eulalia\/wp-content\/uploads\/usu1612\/2023\/10\/Captura-de-pantalla-2023-10-05-a-les-22.06.57-300x170.png 300w, https:\/\/agora.xtec.cat\/ies-santa-eulalia\/wp-content\/uploads\/usu1612\/2023\/10\/Captura-de-pantalla-2023-10-05-a-les-22.06.57-768x436.png 768w, https:\/\/agora.xtec.cat\/ies-santa-eulalia\/wp-content\/uploads\/usu1612\/2023\/10\/Captura-de-pantalla-2023-10-05-a-les-22.06.57-1536x872.png 1536w, https:\/\/agora.xtec.cat\/ies-santa-eulalia\/wp-content\/uploads\/usu1612\/2023\/10\/Captura-de-pantalla-2023-10-05-a-les-22.06.57-2048x1162.png 2048w\" sizes=\"auto, (max-width: 1024px) 100vw, 1024px\" \/><\/a><\/p>\n","protected":false},"excerpt":{"rendered":"<p>Tens m\u00e9s de 18 anys? Vas deixar el batxillerat a mitges i el vols acabar? O potser vols comen\u00e7ar-lo per fer estudis superiors? Est\u00e0s treballant i no saps on reprendre el batxillerat?<br \/>\nSi \u00e9s el teu cas, a l&#8217;Institut Santa Eul\u00e0lia oferim el Batxillerat nocturn, en&hellip;  <a href=\"https:\/\/agora.xtec.cat\/ies-santa-eulalia\/general\/encara-tens-placa-per-al-batxillerat-nocturn\/\" title=\"Read Encara tens pla\u00e7a per al Batxillerat nocturn!!\">Llegeix m\u00e9s\u00bb<\/a><\/p>\n","protected":false},"author":76,"featured_media":11278,"comment_status":"open","ping_status":"closed","sticky":false,"template":"","format":"standard","meta":{"_bbp_topic_count":0,"_bbp_reply_count":0,"_bbp_total_topic_count":0,"_bbp_total_reply_count":0,"_bbp_voice_count":0,"_bbp_anonymous_reply_count":0,"_bbp_topic_count_hidden":0,"_bbp_reply_count_hidden":0,"_bbp_forum_subforum_count":0,"footnotes":""},"categories":[8,1,29],"tags":[474,125],"class_list":["post-10746","post","type-post","status-publish","format-standard","has-post-thumbnail","hentry","category-batxillerat","category-general","category-portada","tag-nocturn-copem-ise2324","tag-batxillerat"],"post_mailing_queue_ids":[],"_links":{"self":[{"href":"https:\/\/agora.xtec.cat\/ies-santa-eulalia\/wp-json\/wp\/v2\/posts\/10746","targetHints":{"allow":["GET"]}}],"collection":[{"href":"https:\/\/agora.xtec.cat\/ies-santa-eulalia\/wp-json\/wp\/v2\/posts"}],"about":[{"href":"https:\/\/agora.xtec.cat\/ies-santa-eulalia\/wp-json\/wp\/v2\/types\/post"}],"author":[{"embeddable":true,"href":"https:\/\/agora.xtec.cat\/ies-santa-eulalia\/wp-json\/wp\/v2\/users\/76"}],"replies":[{"embeddable":true,"href":"https:\/\/agora.xtec.cat\/ies-santa-eulalia\/wp-json\/wp\/v2\/comments?post=10746"}],"version-history":[{"count":1,"href":"https:\/\/agora.xtec.cat\/ies-santa-eulalia\/wp-json\/wp\/v2\/posts\/10746\/revisions"}],"predecessor-version":[{"id":10748,"href":"https:\/\/agora.xtec.cat\/ies-santa-eulalia\/wp-json\/wp\/v2\/posts\/10746\/revisions\/10748"}],"wp:featuredmedia":[{"embeddable":true,"href":"https:\/\/agora.xtec.cat\/ies-santa-eulalia\/wp-json\/wp\/v2\/media\/11278"}],"wp:attachment":[{"href":"https:\/\/agora.xtec.cat\/ies-santa-eulalia\/wp-json\/wp\/v2\/media?parent=10746"}],"wp:term":[{"taxonomy":"category","embeddable":true,"href":"https:\/\/agora.xtec.cat\/ies-santa-eulalia\/wp-json\/wp\/v2\/categories?post=10746"},{"taxonomy":"post_tag","embeddable":true,"href":"https:\/\/agora.xtec.cat\/ies-santa-eulalia\/wp-json\/wp\/v2\/tags?post=10746"}],"curies":[{"name":"wp","href":"https:\/\/api.w.org\/{rel}","templated":true}]}}