{"id":1054,"date":"2017-10-23T18:38:48","date_gmt":"2017-10-23T16:38:48","guid":{"rendered":"http:\/\/agora.xtec.cat\/ies-santa-eulalia\/?p=1054"},"modified":"2018-02-02T11:01:13","modified_gmt":"2018-02-02T10:01:13","slug":"hora-de-lectura","status":"publish","type":"post","link":"https:\/\/agora.xtec.cat\/ies-santa-eulalia\/general\/hora-de-lectura\/","title":{"rendered":"Hora de lectura"},"content":{"rendered":"<p>Des de fa alguns anys es fa\u00a0una hora de lectura\u00a0a la setmana. Durant aquesta estona, tot l\u2019alumnat de l&#8217;ESO del centre est\u00e0 llegint a l\u2019aula. I tamb\u00e9 el seu professorat.<\/p>\n<h6>\u00a0<a href=\"http:\/\/agora.xtec.cat\/ies-santa-eulalia\/wp-content\/uploads\/usu1612\/2017\/10\/Hora-lectura-4rtB-1bis.jpg\"><img loading=\"lazy\" decoding=\"async\" class=\"alignleft size-medium wp-image-1235\" src=\"http:\/\/agora.xtec.cat\/ies-santa-eulalia\/wp-content\/uploads\/usu1612\/2017\/10\/Hora-lectura-4rtB-1bis-300x200.jpg\" alt=\"\" width=\"300\" height=\"200\" srcset=\"https:\/\/agora.xtec.cat\/ies-santa-eulalia\/wp-content\/uploads\/usu1612\/2017\/10\/Hora-lectura-4rtB-1bis-300x200.jpg 300w, https:\/\/agora.xtec.cat\/ies-santa-eulalia\/wp-content\/uploads\/usu1612\/2017\/10\/Hora-lectura-4rtB-1bis.jpg 320w\" sizes=\"auto, (max-width: 300px) 100vw, 300px\" \/><\/a><\/h6>\n<h6><\/h6>\n<h6><\/h6>\n<h6><\/h6>\n<h6><\/h6>\n<h6><\/h6>\n<h6><\/h6>\n<h6><\/h6>\n<h6><\/h6>\n<h6><\/h6>\n<p>Aquesta hora va canviant: dilluns 2\u00aa del mat\u00ed, dilluns 3\u00aa del mat\u00ed&#8230; Quan s\u2019acaben les hores d\u2019un dia, es passa al dia seg\u00fcent, i aix\u00ed successivament. D\u2019aquesta manera, no afecta sempre les mateixes assignatures, ni tampoc el mateix professorat amb els mateixos grups. I aix\u00ed, s&#8217;estableix un\u00a0calendari\u00a0conegut per tothom i anunciat p\u00fablicament.<\/p>\n<h6>NORMES DE L\u2019HORA DE LECTURA<\/h6>\n<p>Es far\u00e0 una hora de lectura a la setmana. Durant aquesta hora, tot l\u2019alumnat d\u2019ESO haur\u00e0 de llegir en silenci respectant la lectura de la resta de companyes i companys de l\u2019aula.<\/p>\n<p>El llibre de lectura l\u2019ha de portar l&#8217;alumnat de casa i ha de ser en suport de paper. Poden llegir qualsevol llibre, de ficci\u00f3 o no ficci\u00f3,<\/p>\n<p>El fet de no portar llibre ser\u00e0 penalitzat i comunicat al tutor o a la tutora del grup.<\/p>\n<p>Cada alumne disposar\u00e0 d\u2019un Diari de lectura, en el qual omplir\u00e0 la fitxa bibliogr\u00e0fica i un espai creatiu per fer un dibuix, resum, redactar un final alternatiu, suggerir una determinada can\u00e7\u00f3\u2026 de cadascun dels llibres llegits al llarg del curs.<\/p>\n<p>Els \u00faltims deu minuts de classe es destinaran a actualitzar el Diari de lectura.<\/p>\n<p>L\u2019esmentat diari pot ser avaluat per arrodonir la nota de les assignatures de l\u2019\u00e0rea de Lleng\u00fces, si el professorat ho considera adient.<\/p>\n<h6>OBJECTIU<\/h6>\n<p>Afavorir el gust per la lectura.<\/p>\n<h6>PROCEDIMENT<\/h6>\n<p>Una hora setmanal de classe dedicada a la lectura individual i silenciosa. Cada alumne ha de portar el llibre pel seu compte i ha d&#8217;anar anotant les lectures que faci al seu\u00a0Diari de lectura. Els departaments de Llengua catalana, Llengua castellana i d&#8217;Angl\u00e8s valoraran, de cara a la nota final de curs, els llibres llegits en aquesta hora i que figurin consignats al Diari de Lectura.<\/p>\n<h6>LECTURES<\/h6>\n<p>Llibres que prescriuen les diverses mat\u00e8ries de Catal\u00e0, Castell\u00e0, Angl\u00e8s, Matem\u00e0tiques, Socials&#8230; O b\u00e9 qualsevol altre llibre de lectura.<\/p>\n<h6>SESSIONS\u00a0\u00a0I \u00a0CALENDARI<\/h6>\n<h6>Per al segon trimestre (5 de desembre-8 de mar\u00e7 de 2018):<\/h6>\n<p>Dimarts 5 de desembre a les 10:20h<\/p>\n<p>Dimarts 12 de desembre a les 11:20h<\/p>\n<p>Dimarts 19 de desembre a les 12:35h<\/p>\n<p>Dimarts 9 de gener a les 13:35h<\/p>\n<p>Dimecres 17 de gener a les 9:00h<\/p>\n<p>Dimecres 24 de gener a les 10:20h<\/p>\n<p>Dimecres 31 de gener a les 11:20h<\/p>\n<p>Dimecres 7 de febrer a les 12:35h<\/p>\n<p>Dimecres 14 de febrer a les 13:35h<\/p>\n<p>Dijous 21 de febrer a les 9h<\/p>\n<p>Dijous 1 de mar\u00e7 a les 10:20h<\/p>\n<p>Dijous 8 de mar\u00e7 a les 11:20h<\/p>\n<p>Dimarts 28 de novembre a les 9:00h<\/p>\n<h6>Per al\u00a0tercer trimestre (15 de mar\u00e7-14 de maig de 2018):<\/h6>\n<p>Dijous 15 de mar\u00e7 a les 12:35h<\/p>\n<p>Dijous 22 de mar\u00e7 a les 13:35h<\/p>\n<p>Divendres 6 d&#8217;abril a les 9h<\/p>\n<p>Divendres 13 d&#8217;abril a les 10:20h<\/p>\n<p>Divendres 20 d&#8217;abril a les 11:20h<\/p>\n<p>Divendres 27 d&#8217;abril a les 12:35h<\/p>\n<p>Divendres 4 de maig a les 13:35h<\/p>\n<p>Dilluns 7 de maig a les 9:00h<\/p>\n<p>Dilluns 14 de maig a les 10:20h<\/p>\n","protected":false},"excerpt":{"rendered":"<p>Des de fa alguns anys es fa\u00a0una hora de lectura\u00a0a la setmana. Durant aquesta estona, tot l\u2019alumnat de l&#8217;ESO del centre est\u00e0 llegint a l\u2019aula. I tamb\u00e9 el seu professorat.<br \/>\n\u00a0<a href=\"http:\/\/agora.xtec.cat\/ies-santa-eulalia\/wp-content\/uploads\/usu1612\/2017\/10\/Hora-lectura-4rtB-1bis.jpg\"><\/a><\/p>\n<p>Aquesta hora va canviant: dilluns 2\u00aa del mat\u00ed, dilluns 3\u00aa del mat\u00ed&#8230; Quan s\u2019acaben les&hellip;  <a href=\"https:\/\/agora.xtec.cat\/ies-santa-eulalia\/general\/hora-de-lectura\/\" title=\"Read Hora de lectura\">Llegeix m\u00e9s\u00bb<\/a><\/p>\n","protected":false},"author":1,"featured_media":0,"comment_status":"open","ping_status":"closed","sticky":false,"template":"","format":"standard","meta":{"_bbp_topic_count":0,"_bbp_reply_count":0,"_bbp_total_topic_count":0,"_bbp_total_reply_count":0,"_bbp_voice_count":0,"_bbp_anonymous_reply_count":0,"_bbp_topic_count_hidden":0,"_bbp_reply_count_hidden":0,"_bbp_forum_subforum_count":0,"footnotes":""},"categories":[1],"tags":[],"class_list":["post-1054","post","type-post","status-publish","format-standard","hentry","category-general"],"post_mailing_queue_ids":[],"_links":{"self":[{"href":"https:\/\/agora.xtec.cat\/ies-santa-eulalia\/wp-json\/wp\/v2\/posts\/1054","targetHints":{"allow":["GET"]}}],"collection":[{"href":"https:\/\/agora.xtec.cat\/ies-santa-eulalia\/wp-json\/wp\/v2\/posts"}],"about":[{"href":"https:\/\/agora.xtec.cat\/ies-santa-eulalia\/wp-json\/wp\/v2\/types\/post"}],"author":[{"embeddable":true,"href":"https:\/\/agora.xtec.cat\/ies-santa-eulalia\/wp-json\/wp\/v2\/users\/1"}],"replies":[{"embeddable":true,"href":"https:\/\/agora.xtec.cat\/ies-santa-eulalia\/wp-json\/wp\/v2\/comments?post=1054"}],"version-history":[{"count":4,"href":"https:\/\/agora.xtec.cat\/ies-santa-eulalia\/wp-json\/wp\/v2\/posts\/1054\/revisions"}],"predecessor-version":[{"id":1271,"href":"https:\/\/agora.xtec.cat\/ies-santa-eulalia\/wp-json\/wp\/v2\/posts\/1054\/revisions\/1271"}],"wp:attachment":[{"href":"https:\/\/agora.xtec.cat\/ies-santa-eulalia\/wp-json\/wp\/v2\/media?parent=1054"}],"wp:term":[{"taxonomy":"category","embeddable":true,"href":"https:\/\/agora.xtec.cat\/ies-santa-eulalia\/wp-json\/wp\/v2\/categories?post=1054"},{"taxonomy":"post_tag","embeddable":true,"href":"https:\/\/agora.xtec.cat\/ies-santa-eulalia\/wp-json\/wp\/v2\/tags?post=1054"}],"curies":[{"name":"wp","href":"https:\/\/api.w.org\/{rel}","templated":true}]}}