{"id":1051,"date":"2017-10-23T18:33:46","date_gmt":"2017-10-23T16:33:46","guid":{"rendered":"http:\/\/agora.xtec.cat\/ies-santa-eulalia\/?p=1051"},"modified":"2018-02-23T11:07:54","modified_gmt":"2018-02-23T10:07:54","slug":"escola-de-pares","status":"publish","type":"post","link":"https:\/\/agora.xtec.cat\/ies-santa-eulalia\/general\/escola-de-pares\/","title":{"rendered":"Escola de mares i pares"},"content":{"rendered":"<p>Estrenem un projecte pilot per ampliar els serveis del nostre institut i\u00a0enfortir\u00a0els vincles dels diferents membres de la nostra comunitat educativa. <a href=\"https:\/\/drive.google.com\/open?id=0B2ER6DZ_mnOWem9VbkxYbkxLNWl6Y3RhcUhjSzhwX0Y2Y3pj\" target=\"_blank\" rel=\"noopener noreferrer\">Vegeu-ne els detalls: <i>Qu\u00e8 \u00e9s&#8230;?<\/i><\/a><i> <\/i>i la <a href=\"https:\/\/drive.google.com\/open?id=0B2ER6DZ_mnOWMlZpdHlzc3JMM0ZseC1SalN6dDBaREwwYjRR\" target=\"_blank\" rel=\"noopener noreferrer\">carta adre\u00e7ada a les fam\u00edlies.<\/a><\/p>\n<h4>Pr\u00f2xima trobada:<br \/>\n\u201cCom educar per a la felicitat: influ\u00e8ncia del llenguatge i dels estils explicatius\u201d<\/h4>\n<h4>dimarts 30 de gener, a les 18,45h, a la biblioteca de l&#8217;institut<\/h4>\n<h6><\/h6>\n<h6>**********<\/h6>\n<p>&nbsp;<\/p>\n<h6>Qu\u00e8 \u00e9s una escola de pares?<\/h6>\n<p>Un espai de trobada i reflexi\u00f3<\/p>\n<p>Un comprom\u00eds d&#8217;assist\u00e8ncia i participaci\u00f3<\/p>\n<p>Un lloc per compartir experi\u00e8ncies<\/p>\n<p>Un treball en grup per adquirir comprensions que ens ajudin a la dif\u00edcil tasca d&#8217;educar<\/p>\n<h6><\/h6>\n<h6>Qu\u00e8 <strong>no<\/strong> \u00e9s una escola de pares?<\/h6>\n<p>Un cicle de confer\u00e8ncies<\/p>\n<p>Un lloc on anar solament a escoltar<\/p>\n<p>Una consulta psicol\u00f2gica<\/p>\n<p>Un lloc on &#8220;passar l&#8217;estona&#8221;<\/p>\n<p>&nbsp;<\/p>\n<p>Quan arribem de la cl\u00ednica\u00a0a casa amb el nostre nad\u00f3 sentim, de cop i volta, l&#8217;enorme responsabilitat que la seva\u00a0cura\u00a0suposar\u00e0\u00a0i \u00e9s veritat: \u00e9s una gran responsabilitat perqu\u00e8 del nostre amor i atenci\u00f3 dependr\u00e0, en gran mesura, la seva felicitat.\u00a0Comen\u00e7a en aquell moment una gran aventura per la qual ning\u00fa, en realitat, ens ha preparat.\u00a0Aquest fill\/a ve sense cap &#8220;manual d&#8217;instruccions&#8221; i en alguns moments ens sentirem sols davant el repte de la seva educaci\u00f3.\u00a0Conv\u00e9 deia Mafalda, el personatge de c\u00f2mic, perqu\u00e8 &#8220;pares i fills reben el mateix t\u00edtol, per\u00f2 cap d&#8217;ells ha\u00a0assistit\u00a0a un curs per exercir la seva professi\u00f3&#8221;.<\/p>\n<p>Davant d&#8217;aquest repte, molts pares, si l&#8217;educaci\u00f3 que ells van rebre dels seus els ha semblat satisfact\u00f2ria, intentaran educar els seus fills seguint aquestes\u00a0pautes,\u00a0per\u00f2 el que va servir per a ells potser no serveixi per als seus fills ja que estem en una societat que canvia\u00a0vertiginosament\u00a0en pocs anys.\u00a0D&#8217;altres, en canvi, queixosos de l&#8217;educaci\u00f3 rebuda, intentaran amb els seus fills aplicar criteris totalment oposats als que es van emprar en la seva educaci\u00f3. Tamb\u00e9 aqu\u00ed podem inc\u00f3rrer en anar-nos al pol oposat sense calcular-ne els efectes: persones que han rebut una educaci\u00f3 molt estricta i repressora poden tenir la temptaci\u00f3 de donar una llibertat sense l\u00edmits als seus fills i aix\u00f2 t\u00e9 tamb\u00e9 conseq\u00fc\u00e8ncies funestes sobre la seva educaci\u00f3.<\/p>\n<p>Per realitzar una educaci\u00f3 el m\u00e9s conscient possible de car\u00e0cter preventiu es creen les Escoles de pares, espais oberts de reflexi\u00f3 on poder posar consci\u00e8ncia sobre l&#8217;educaci\u00f3 dels nostres fills i on poder compartir amb altres aquesta experi\u00e8ncia.<\/p>\n<p>L&#8217;Escola de pares \u00e9s, en definitiva, un lloc per aprendre a &#8220;navegar&#8221; per aquesta realitat, tan fant\u00e0stica com complexa, de la fam\u00edlia.<\/p>\n","protected":false},"excerpt":{"rendered":"<p>Estrenem un projecte pilot per ampliar els serveis del nostre institut i\u00a0enfortir\u00a0els vincles dels diferents membres de la nostra comunitat educativa. <a href=\"https:\/\/drive.google.com\/open?id=0B2ER6DZ_mnOWem9VbkxYbkxLNWl6Y3RhcUhjSzhwX0Y2Y3pj\" target=\"_blank\" rel=\"noopener noreferrer\">Vegeu-ne els detalls: Qu\u00e8 \u00e9s&#8230;?<\/a> i la <a href=\"https:\/\/drive.google.com\/open?id=0B2ER6DZ_mnOWMlZpdHlzc3JMM0ZseC1SalN6dDBaREwwYjRR\" target=\"_blank\" rel=\"noopener noreferrer\">carta adre\u00e7ada a les fam\u00edlies.<\/a><br \/>\nPr\u00f2xima trobada:<br \/>\n\u201cCom educar per a&hellip;  <a href=\"https:\/\/agora.xtec.cat\/ies-santa-eulalia\/general\/escola-de-pares\/\" title=\"Read Escola de mares i pares\">Llegeix m\u00e9s\u00bb<\/a><\/p>\n","protected":false},"author":1,"featured_media":0,"comment_status":"open","ping_status":"closed","sticky":false,"template":"","format":"standard","meta":{"_bbp_topic_count":0,"_bbp_reply_count":0,"_bbp_total_topic_count":0,"_bbp_total_reply_count":0,"_bbp_voice_count":0,"_bbp_anonymous_reply_count":0,"_bbp_topic_count_hidden":0,"_bbp_reply_count_hidden":0,"_bbp_forum_subforum_count":0,"footnotes":""},"categories":[1],"tags":[],"class_list":["post-1051","post","type-post","status-publish","format-standard","hentry","category-general"],"post_mailing_queue_ids":[],"_links":{"self":[{"href":"https:\/\/agora.xtec.cat\/ies-santa-eulalia\/wp-json\/wp\/v2\/posts\/1051","targetHints":{"allow":["GET"]}}],"collection":[{"href":"https:\/\/agora.xtec.cat\/ies-santa-eulalia\/wp-json\/wp\/v2\/posts"}],"about":[{"href":"https:\/\/agora.xtec.cat\/ies-santa-eulalia\/wp-json\/wp\/v2\/types\/post"}],"author":[{"embeddable":true,"href":"https:\/\/agora.xtec.cat\/ies-santa-eulalia\/wp-json\/wp\/v2\/users\/1"}],"replies":[{"embeddable":true,"href":"https:\/\/agora.xtec.cat\/ies-santa-eulalia\/wp-json\/wp\/v2\/comments?post=1051"}],"version-history":[{"count":3,"href":"https:\/\/agora.xtec.cat\/ies-santa-eulalia\/wp-json\/wp\/v2\/posts\/1051\/revisions"}],"predecessor-version":[{"id":1053,"href":"https:\/\/agora.xtec.cat\/ies-santa-eulalia\/wp-json\/wp\/v2\/posts\/1051\/revisions\/1053"}],"wp:attachment":[{"href":"https:\/\/agora.xtec.cat\/ies-santa-eulalia\/wp-json\/wp\/v2\/media?parent=1051"}],"wp:term":[{"taxonomy":"category","embeddable":true,"href":"https:\/\/agora.xtec.cat\/ies-santa-eulalia\/wp-json\/wp\/v2\/categories?post=1051"},{"taxonomy":"post_tag","embeddable":true,"href":"https:\/\/agora.xtec.cat\/ies-santa-eulalia\/wp-json\/wp\/v2\/tags?post=1051"}],"curies":[{"name":"wp","href":"https:\/\/api.w.org\/{rel}","templated":true}]}}