{"id":10342,"date":"2023-05-18T13:29:01","date_gmt":"2023-05-18T11:29:01","guid":{"rendered":"https:\/\/agora.xtec.cat\/ies-santa-eulalia\/?p=10342"},"modified":"2023-05-18T13:29:01","modified_gmt":"2023-05-18T11:29:01","slug":"graduacio-promocio-batxillerat-2021-2023","status":"publish","type":"post","link":"https:\/\/agora.xtec.cat\/ies-santa-eulalia\/general\/graduacio-promocio-batxillerat-2021-2023\/","title":{"rendered":"Graduaci\u00f3 promoci\u00f3 Batxillerat: 2021-2023"},"content":{"rendered":"<div class=\"aju\"><\/div>\n<div class=\"gs\">\n<p class=\"gE iv gt\">Ahir vam viure un dels actes m\u00e9s especials de la vida dels nostres alumnes de 2n de batxillerat: la seva graduaci\u00f3.<\/p>\n<div class=\"\">\n<div id=\":lz\" class=\"ii gt\">\n<div id=\":ly\" class=\"a3s aiL \">\n<div dir=\"auto\">\n<p>A les 19h ens vam aplegar fam\u00edlies, professors i alumnes en un acte bonic i especial alhora.<\/p>\n<p>Els alumnes, mitjan\u00e7ant els delegats, van acomiadar la seva etapa a l\u2019nstitut omplint el pati d\u2019agra\u00efments a les seves fam\u00edlies, als professors i, sobretot, al seus companys, amb qui s\u2019han ajudat i donat suport tots aquests anys. Despr\u00e9s van poder gaudir del v\u00eddeo que els hav\u00edem preparat i es van fer milers de fotos per recordar aquest dia tan especial.<\/p>\n<p>Us volem felicitar especialment per l\u2019acte tan bonic que vau organitzar. I, com us va dir la directora, sou part de la fam\u00edlia del COPEM i sempre tindreu les portes obertes perqu\u00e8 torneu sempre que vulgueu.<\/p>\n<p>Felicitats, graduats!!<\/p>\n<table style=\"border-collapse: collapse; width: 100%;\">\n<tbody>\n<tr>\n<td style=\"width: 20%;\"><a href=\"https:\/\/agora.xtec.cat\/ies-santa-eulalia\/wp-content\/uploads\/usu1612\/2023\/05\/IMG20230517205524-scaled.jpg\"><img loading=\"lazy\" decoding=\"async\" class=\"alignleft size-full wp-image-10360\" src=\"https:\/\/agora.xtec.cat\/ies-santa-eulalia\/wp-content\/uploads\/usu1612\/2023\/05\/IMG20230517205524-scaled.jpg\" alt=\"\" width=\"2560\" height=\"1920\" srcset=\"https:\/\/agora.xtec.cat\/ies-santa-eulalia\/wp-content\/uploads\/usu1612\/2023\/05\/IMG20230517205524-scaled.jpg 2560w, https:\/\/agora.xtec.cat\/ies-santa-eulalia\/wp-content\/uploads\/usu1612\/2023\/05\/IMG20230517205524-300x225.jpg 300w, https:\/\/agora.xtec.cat\/ies-santa-eulalia\/wp-content\/uploads\/usu1612\/2023\/05\/IMG20230517205524-1024x768.jpg 1024w, https:\/\/agora.xtec.cat\/ies-santa-eulalia\/wp-content\/uploads\/usu1612\/2023\/05\/IMG20230517205524-768x576.jpg 768w, https:\/\/agora.xtec.cat\/ies-santa-eulalia\/wp-content\/uploads\/usu1612\/2023\/05\/IMG20230517205524-1536x1152.jpg 1536w, https:\/\/agora.xtec.cat\/ies-santa-eulalia\/wp-content\/uploads\/usu1612\/2023\/05\/IMG20230517205524-2048x1536.jpg 2048w, https:\/\/agora.xtec.cat\/ies-santa-eulalia\/wp-content\/uploads\/usu1612\/2023\/05\/IMG20230517205524-200x150.jpg 200w\" sizes=\"auto, (max-width: 2560px) 100vw, 2560px\" \/><\/a><\/td>\n<td style=\"width: 20%;\"><a href=\"https:\/\/agora.xtec.cat\/ies-santa-eulalia\/wp-content\/uploads\/usu1612\/2023\/05\/PHOTO-2023-05-18-11-15-06.jpg\"><img loading=\"lazy\" decoding=\"async\" class=\"alignleft size-full wp-image-10359\" src=\"https:\/\/agora.xtec.cat\/ies-santa-eulalia\/wp-content\/uploads\/usu1612\/2023\/05\/PHOTO-2023-05-18-11-15-06.jpg\" alt=\"\" width=\"1496\" height=\"2000\" srcset=\"https:\/\/agora.xtec.cat\/ies-santa-eulalia\/wp-content\/uploads\/usu1612\/2023\/05\/PHOTO-2023-05-18-11-15-06.jpg 1496w, https:\/\/agora.xtec.cat\/ies-santa-eulalia\/wp-content\/uploads\/usu1612\/2023\/05\/PHOTO-2023-05-18-11-15-06-224x300.jpg 224w, https:\/\/agora.xtec.cat\/ies-santa-eulalia\/wp-content\/uploads\/usu1612\/2023\/05\/PHOTO-2023-05-18-11-15-06-766x1024.jpg 766w, https:\/\/agora.xtec.cat\/ies-santa-eulalia\/wp-content\/uploads\/usu1612\/2023\/05\/PHOTO-2023-05-18-11-15-06-768x1027.jpg 768w, https:\/\/agora.xtec.cat\/ies-santa-eulalia\/wp-content\/uploads\/usu1612\/2023\/05\/PHOTO-2023-05-18-11-15-06-1149x1536.jpg 1149w\" sizes=\"auto, (max-width: 1496px) 100vw, 1496px\" \/><\/a><\/td>\n<td style=\"width: 20%;\"><a href=\"https:\/\/agora.xtec.cat\/ies-santa-eulalia\/wp-content\/uploads\/usu1612\/2023\/05\/PHOTO-2023-05-18-11-15-08.jpg\"><img loading=\"lazy\" decoding=\"async\" class=\"alignleft size-full wp-image-10358\" src=\"https:\/\/agora.xtec.cat\/ies-santa-eulalia\/wp-content\/uploads\/usu1612\/2023\/05\/PHOTO-2023-05-18-11-15-08.jpg\" alt=\"\" width=\"2000\" height=\"1496\" srcset=\"https:\/\/agora.xtec.cat\/ies-santa-eulalia\/wp-content\/uploads\/usu1612\/2023\/05\/PHOTO-2023-05-18-11-15-08.jpg 2000w, https:\/\/agora.xtec.cat\/ies-santa-eulalia\/wp-content\/uploads\/usu1612\/2023\/05\/PHOTO-2023-05-18-11-15-08-300x224.jpg 300w, https:\/\/agora.xtec.cat\/ies-santa-eulalia\/wp-content\/uploads\/usu1612\/2023\/05\/PHOTO-2023-05-18-11-15-08-1024x766.jpg 1024w, https:\/\/agora.xtec.cat\/ies-santa-eulalia\/wp-content\/uploads\/usu1612\/2023\/05\/PHOTO-2023-05-18-11-15-08-768x574.jpg 768w, https:\/\/agora.xtec.cat\/ies-santa-eulalia\/wp-content\/uploads\/usu1612\/2023\/05\/PHOTO-2023-05-18-11-15-08-1536x1149.jpg 1536w, https:\/\/agora.xtec.cat\/ies-santa-eulalia\/wp-content\/uploads\/usu1612\/2023\/05\/PHOTO-2023-05-18-11-15-08-200x150.jpg 200w\" sizes=\"auto, (max-width: 2000px) 100vw, 2000px\" \/><\/a><\/td>\n<td style=\"width: 20%;\"><a href=\"https:\/\/agora.xtec.cat\/ies-santa-eulalia\/wp-content\/uploads\/usu1612\/2023\/05\/PHOTO-2023-05-18-11-15-12.jpg\"><img loading=\"lazy\" decoding=\"async\" class=\"alignleft size-full wp-image-10356\" src=\"https:\/\/agora.xtec.cat\/ies-santa-eulalia\/wp-content\/uploads\/usu1612\/2023\/05\/PHOTO-2023-05-18-11-15-12.jpg\" alt=\"\" width=\"2000\" height=\"1496\" srcset=\"https:\/\/agora.xtec.cat\/ies-santa-eulalia\/wp-content\/uploads\/usu1612\/2023\/05\/PHOTO-2023-05-18-11-15-12.jpg 2000w, https:\/\/agora.xtec.cat\/ies-santa-eulalia\/wp-content\/uploads\/usu1612\/2023\/05\/PHOTO-2023-05-18-11-15-12-300x224.jpg 300w, https:\/\/agora.xtec.cat\/ies-santa-eulalia\/wp-content\/uploads\/usu1612\/2023\/05\/PHOTO-2023-05-18-11-15-12-1024x766.jpg 1024w, https:\/\/agora.xtec.cat\/ies-santa-eulalia\/wp-content\/uploads\/usu1612\/2023\/05\/PHOTO-2023-05-18-11-15-12-768x574.jpg 768w, https:\/\/agora.xtec.cat\/ies-santa-eulalia\/wp-content\/uploads\/usu1612\/2023\/05\/PHOTO-2023-05-18-11-15-12-1536x1149.jpg 1536w, https:\/\/agora.xtec.cat\/ies-santa-eulalia\/wp-content\/uploads\/usu1612\/2023\/05\/PHOTO-2023-05-18-11-15-12-200x150.jpg 200w\" sizes=\"auto, (max-width: 2000px) 100vw, 2000px\" \/><\/a><\/td>\n<td style=\"width: 20%;\"><a href=\"https:\/\/agora.xtec.cat\/ies-santa-eulalia\/wp-content\/uploads\/usu1612\/2023\/05\/PHOTO-2023-05-18-11-15-09.jpg\"><img loading=\"lazy\" decoding=\"async\" class=\"alignleft size-full wp-image-10357\" src=\"https:\/\/agora.xtec.cat\/ies-santa-eulalia\/wp-content\/uploads\/usu1612\/2023\/05\/PHOTO-2023-05-18-11-15-09.jpg\" alt=\"\" width=\"2000\" height=\"1496\" srcset=\"https:\/\/agora.xtec.cat\/ies-santa-eulalia\/wp-content\/uploads\/usu1612\/2023\/05\/PHOTO-2023-05-18-11-15-09.jpg 2000w, https:\/\/agora.xtec.cat\/ies-santa-eulalia\/wp-content\/uploads\/usu1612\/2023\/05\/PHOTO-2023-05-18-11-15-09-300x224.jpg 300w, https:\/\/agora.xtec.cat\/ies-santa-eulalia\/wp-content\/uploads\/usu1612\/2023\/05\/PHOTO-2023-05-18-11-15-09-1024x766.jpg 1024w, https:\/\/agora.xtec.cat\/ies-santa-eulalia\/wp-content\/uploads\/usu1612\/2023\/05\/PHOTO-2023-05-18-11-15-09-768x574.jpg 768w, https:\/\/agora.xtec.cat\/ies-santa-eulalia\/wp-content\/uploads\/usu1612\/2023\/05\/PHOTO-2023-05-18-11-15-09-1536x1149.jpg 1536w, https:\/\/agora.xtec.cat\/ies-santa-eulalia\/wp-content\/uploads\/usu1612\/2023\/05\/PHOTO-2023-05-18-11-15-09-200x150.jpg 200w\" sizes=\"auto, (max-width: 2000px) 100vw, 2000px\" \/><\/a><\/td>\n<\/tr>\n<tr>\n<td style=\"width: 20%;\"><a href=\"https:\/\/agora.xtec.cat\/ies-santa-eulalia\/wp-content\/uploads\/usu1612\/2023\/05\/PHOTO-2023-05-18-11-15-13.jpg\"><img loading=\"lazy\" decoding=\"async\" class=\"alignleft size-full wp-image-10355\" src=\"https:\/\/agora.xtec.cat\/ies-santa-eulalia\/wp-content\/uploads\/usu1612\/2023\/05\/PHOTO-2023-05-18-11-15-13.jpg\" alt=\"\" width=\"2000\" height=\"1496\" srcset=\"https:\/\/agora.xtec.cat\/ies-santa-eulalia\/wp-content\/uploads\/usu1612\/2023\/05\/PHOTO-2023-05-18-11-15-13.jpg 2000w, https:\/\/agora.xtec.cat\/ies-santa-eulalia\/wp-content\/uploads\/usu1612\/2023\/05\/PHOTO-2023-05-18-11-15-13-300x224.jpg 300w, https:\/\/agora.xtec.cat\/ies-santa-eulalia\/wp-content\/uploads\/usu1612\/2023\/05\/PHOTO-2023-05-18-11-15-13-1024x766.jpg 1024w, https:\/\/agora.xtec.cat\/ies-santa-eulalia\/wp-content\/uploads\/usu1612\/2023\/05\/PHOTO-2023-05-18-11-15-13-768x574.jpg 768w, https:\/\/agora.xtec.cat\/ies-santa-eulalia\/wp-content\/uploads\/usu1612\/2023\/05\/PHOTO-2023-05-18-11-15-13-1536x1149.jpg 1536w, https:\/\/agora.xtec.cat\/ies-santa-eulalia\/wp-content\/uploads\/usu1612\/2023\/05\/PHOTO-2023-05-18-11-15-13-200x150.jpg 200w\" sizes=\"auto, (max-width: 2000px) 100vw, 2000px\" \/><\/a><\/td>\n<td style=\"width: 20%;\"><a href=\"https:\/\/agora.xtec.cat\/ies-santa-eulalia\/wp-content\/uploads\/usu1612\/2023\/05\/PHOTO-2023-05-18-11-15-13-1.jpg\"><img loading=\"lazy\" decoding=\"async\" class=\"alignleft size-full wp-image-10354\" src=\"https:\/\/agora.xtec.cat\/ies-santa-eulalia\/wp-content\/uploads\/usu1612\/2023\/05\/PHOTO-2023-05-18-11-15-13-1.jpg\" alt=\"\" width=\"2000\" height=\"1496\" srcset=\"https:\/\/agora.xtec.cat\/ies-santa-eulalia\/wp-content\/uploads\/usu1612\/2023\/05\/PHOTO-2023-05-18-11-15-13-1.jpg 2000w, https:\/\/agora.xtec.cat\/ies-santa-eulalia\/wp-content\/uploads\/usu1612\/2023\/05\/PHOTO-2023-05-18-11-15-13-1-300x224.jpg 300w, https:\/\/agora.xtec.cat\/ies-santa-eulalia\/wp-content\/uploads\/usu1612\/2023\/05\/PHOTO-2023-05-18-11-15-13-1-1024x766.jpg 1024w, https:\/\/agora.xtec.cat\/ies-santa-eulalia\/wp-content\/uploads\/usu1612\/2023\/05\/PHOTO-2023-05-18-11-15-13-1-768x574.jpg 768w, https:\/\/agora.xtec.cat\/ies-santa-eulalia\/wp-content\/uploads\/usu1612\/2023\/05\/PHOTO-2023-05-18-11-15-13-1-1536x1149.jpg 1536w, https:\/\/agora.xtec.cat\/ies-santa-eulalia\/wp-content\/uploads\/usu1612\/2023\/05\/PHOTO-2023-05-18-11-15-13-1-200x150.jpg 200w\" sizes=\"auto, (max-width: 2000px) 100vw, 2000px\" \/><\/a><\/td>\n<td style=\"width: 20%;\"><a href=\"https:\/\/agora.xtec.cat\/ies-santa-eulalia\/wp-content\/uploads\/usu1612\/2023\/05\/PHOTO-2023-05-18-11-15-15.jpg\"><img loading=\"lazy\" decoding=\"async\" class=\"alignleft size-full wp-image-10353\" src=\"https:\/\/agora.xtec.cat\/ies-santa-eulalia\/wp-content\/uploads\/usu1612\/2023\/05\/PHOTO-2023-05-18-11-15-15.jpg\" alt=\"\" width=\"2000\" height=\"1496\" srcset=\"https:\/\/agora.xtec.cat\/ies-santa-eulalia\/wp-content\/uploads\/usu1612\/2023\/05\/PHOTO-2023-05-18-11-15-15.jpg 2000w, https:\/\/agora.xtec.cat\/ies-santa-eulalia\/wp-content\/uploads\/usu1612\/2023\/05\/PHOTO-2023-05-18-11-15-15-300x224.jpg 300w, https:\/\/agora.xtec.cat\/ies-santa-eulalia\/wp-content\/uploads\/usu1612\/2023\/05\/PHOTO-2023-05-18-11-15-15-1024x766.jpg 1024w, https:\/\/agora.xtec.cat\/ies-santa-eulalia\/wp-content\/uploads\/usu1612\/2023\/05\/PHOTO-2023-05-18-11-15-15-768x574.jpg 768w, https:\/\/agora.xtec.cat\/ies-santa-eulalia\/wp-content\/uploads\/usu1612\/2023\/05\/PHOTO-2023-05-18-11-15-15-1536x1149.jpg 1536w, https:\/\/agora.xtec.cat\/ies-santa-eulalia\/wp-content\/uploads\/usu1612\/2023\/05\/PHOTO-2023-05-18-11-15-15-200x150.jpg 200w\" sizes=\"auto, (max-width: 2000px) 100vw, 2000px\" \/><\/a><\/td>\n<td style=\"width: 20%;\"><a href=\"https:\/\/agora.xtec.cat\/ies-santa-eulalia\/wp-content\/uploads\/usu1612\/2023\/05\/PHOTO-2023-05-18-11-15-16.jpg\"><img loading=\"lazy\" decoding=\"async\" class=\"alignleft size-full wp-image-10352\" src=\"https:\/\/agora.xtec.cat\/ies-santa-eulalia\/wp-content\/uploads\/usu1612\/2023\/05\/PHOTO-2023-05-18-11-15-16.jpg\" alt=\"\" width=\"2000\" height=\"1496\" srcset=\"https:\/\/agora.xtec.cat\/ies-santa-eulalia\/wp-content\/uploads\/usu1612\/2023\/05\/PHOTO-2023-05-18-11-15-16.jpg 2000w, https:\/\/agora.xtec.cat\/ies-santa-eulalia\/wp-content\/uploads\/usu1612\/2023\/05\/PHOTO-2023-05-18-11-15-16-300x224.jpg 300w, https:\/\/agora.xtec.cat\/ies-santa-eulalia\/wp-content\/uploads\/usu1612\/2023\/05\/PHOTO-2023-05-18-11-15-16-1024x766.jpg 1024w, https:\/\/agora.xtec.cat\/ies-santa-eulalia\/wp-content\/uploads\/usu1612\/2023\/05\/PHOTO-2023-05-18-11-15-16-768x574.jpg 768w, https:\/\/agora.xtec.cat\/ies-santa-eulalia\/wp-content\/uploads\/usu1612\/2023\/05\/PHOTO-2023-05-18-11-15-16-1536x1149.jpg 1536w, https:\/\/agora.xtec.cat\/ies-santa-eulalia\/wp-content\/uploads\/usu1612\/2023\/05\/PHOTO-2023-05-18-11-15-16-200x150.jpg 200w\" sizes=\"auto, (max-width: 2000px) 100vw, 2000px\" \/><\/a><\/td>\n<td style=\"width: 20%;\"><a href=\"https:\/\/agora.xtec.cat\/ies-santa-eulalia\/wp-content\/uploads\/usu1612\/2023\/05\/PHOTO-2023-05-18-11-15-19.jpg\"><img loading=\"lazy\" decoding=\"async\" class=\"alignleft size-full wp-image-10351\" src=\"https:\/\/agora.xtec.cat\/ies-santa-eulalia\/wp-content\/uploads\/usu1612\/2023\/05\/PHOTO-2023-05-18-11-15-19.jpg\" alt=\"\" width=\"2000\" height=\"1496\" srcset=\"https:\/\/agora.xtec.cat\/ies-santa-eulalia\/wp-content\/uploads\/usu1612\/2023\/05\/PHOTO-2023-05-18-11-15-19.jpg 2000w, https:\/\/agora.xtec.cat\/ies-santa-eulalia\/wp-content\/uploads\/usu1612\/2023\/05\/PHOTO-2023-05-18-11-15-19-300x224.jpg 300w, https:\/\/agora.xtec.cat\/ies-santa-eulalia\/wp-content\/uploads\/usu1612\/2023\/05\/PHOTO-2023-05-18-11-15-19-1024x766.jpg 1024w, https:\/\/agora.xtec.cat\/ies-santa-eulalia\/wp-content\/uploads\/usu1612\/2023\/05\/PHOTO-2023-05-18-11-15-19-768x574.jpg 768w, https:\/\/agora.xtec.cat\/ies-santa-eulalia\/wp-content\/uploads\/usu1612\/2023\/05\/PHOTO-2023-05-18-11-15-19-1536x1149.jpg 1536w, https:\/\/agora.xtec.cat\/ies-santa-eulalia\/wp-content\/uploads\/usu1612\/2023\/05\/PHOTO-2023-05-18-11-15-19-200x150.jpg 200w\" sizes=\"auto, (max-width: 2000px) 100vw, 2000px\" \/><\/a><\/td>\n<\/tr>\n<\/tbody>\n<\/table>\n<p>&nbsp;<\/p>\n<\/div>\n<\/div>\n<\/div>\n<\/div>\n<\/div>\n","protected":false},"excerpt":{"rendered":"<p>Ahir vam viure un dels actes m\u00e9s especials de la vida dels nostres alumnes de 2n de batxillerat: la seva graduaci\u00f3.<\/p>\n<p>A les 19h ens vam aplegar fam\u00edlies, professors i alumnes en un acte bonic i especial alhora.<br \/>\nEls alumnes, mitjan\u00e7ant els delegats, van acomiadar la seva&hellip;  <a href=\"https:\/\/agora.xtec.cat\/ies-santa-eulalia\/general\/graduacio-promocio-batxillerat-2021-2023\/\" title=\"Read Graduaci\u00f3 promoci\u00f3 Batxillerat: 2021-2023\">Llegeix m\u00e9s\u00bb<\/a><\/p>\n","protected":false},"author":1,"featured_media":10360,"comment_status":"open","ping_status":"closed","sticky":false,"template":"","format":"standard","meta":{"_bbp_topic_count":0,"_bbp_reply_count":0,"_bbp_total_topic_count":0,"_bbp_total_reply_count":0,"_bbp_voice_count":0,"_bbp_anonymous_reply_count":0,"_bbp_topic_count_hidden":0,"_bbp_reply_count_hidden":0,"_bbp_forum_subforum_count":0,"footnotes":""},"categories":[174,8,1,29],"tags":[234,453,348,452],"class_list":["post-10342","post","type-post","status-publish","format-standard","has-post-thumbnail","hentry","category-2n-batxillerat","category-batxillerat","category-general","category-portada","tag-copem","tag-21-23","tag-graduacio","tag-promocio-batxillerat"],"post_mailing_queue_ids":[],"_links":{"self":[{"href":"https:\/\/agora.xtec.cat\/ies-santa-eulalia\/wp-json\/wp\/v2\/posts\/10342","targetHints":{"allow":["GET"]}}],"collection":[{"href":"https:\/\/agora.xtec.cat\/ies-santa-eulalia\/wp-json\/wp\/v2\/posts"}],"about":[{"href":"https:\/\/agora.xtec.cat\/ies-santa-eulalia\/wp-json\/wp\/v2\/types\/post"}],"author":[{"embeddable":true,"href":"https:\/\/agora.xtec.cat\/ies-santa-eulalia\/wp-json\/wp\/v2\/users\/1"}],"replies":[{"embeddable":true,"href":"https:\/\/agora.xtec.cat\/ies-santa-eulalia\/wp-json\/wp\/v2\/comments?post=10342"}],"version-history":[{"count":1,"href":"https:\/\/agora.xtec.cat\/ies-santa-eulalia\/wp-json\/wp\/v2\/posts\/10342\/revisions"}],"predecessor-version":[{"id":10361,"href":"https:\/\/agora.xtec.cat\/ies-santa-eulalia\/wp-json\/wp\/v2\/posts\/10342\/revisions\/10361"}],"wp:featuredmedia":[{"embeddable":true,"href":"https:\/\/agora.xtec.cat\/ies-santa-eulalia\/wp-json\/wp\/v2\/media\/10360"}],"wp:attachment":[{"href":"https:\/\/agora.xtec.cat\/ies-santa-eulalia\/wp-json\/wp\/v2\/media?parent=10342"}],"wp:term":[{"taxonomy":"category","embeddable":true,"href":"https:\/\/agora.xtec.cat\/ies-santa-eulalia\/wp-json\/wp\/v2\/categories?post=10342"},{"taxonomy":"post_tag","embeddable":true,"href":"https:\/\/agora.xtec.cat\/ies-santa-eulalia\/wp-json\/wp\/v2\/tags?post=10342"}],"curies":[{"name":"wp","href":"https:\/\/api.w.org\/{rel}","templated":true}]}}