{"id":10334,"date":"2023-05-17T13:46:38","date_gmt":"2023-05-17T11:46:38","guid":{"rendered":"https:\/\/agora.xtec.cat\/ies-santa-eulalia\/?p=10334"},"modified":"2023-05-17T13:46:38","modified_gmt":"2023-05-17T11:46:38","slug":"projecte-drets-lgtbi","status":"publish","type":"post","link":"https:\/\/agora.xtec.cat\/ies-santa-eulalia\/general\/projecte-drets-lgtbi\/","title":{"rendered":"Projecte Drets LGTBI+"},"content":{"rendered":"<p>Des del passat mes de mar\u00e7 l&#8217;alumnat de 3rC s&#8217;ha sumat al projecte d&#8217;<a href=\"https:\/\/www.acathi.org\/\">ACATHI<\/a>+<a href=\"https:\/\/www.acpp.com\/\">PAU<\/a>.<\/p>\n<p>A una primera part del projecte hem apr\u00e8s la difer\u00e8ncia entre sexe i g\u00e8nere, tamb\u00e9 hem conegut la situaci\u00f3 actual de les persones LGTBI a Am\u00e8rica central i al m\u00f3n. <\/p>\n<p>Hem fet cartes i dibuixos per a persones que estan patint situacions de discriminaci\u00f3 per la seva orientaci\u00f3 sexual. <\/p>\n<p>El passat dilluns vam tindre una visita molt especial, testimonis que ens van explicar de primera m\u00e0 les seves experi\u00e8ncies, una lli\u00e7\u00f3 de lluita i humanitat que ens va obrir els ulls a altres realitats.<br \/>\n<a href=\"https:\/\/agora.xtec.cat\/ies-santa-eulalia\/wp-content\/uploads\/usu1612\/2023\/05\/IMG_20230517_122957-scaled.jpg\"><img loading=\"lazy\" decoding=\"async\" src=\"https:\/\/agora.xtec.cat\/ies-santa-eulalia\/wp-content\/uploads\/usu1612\/2023\/05\/IMG_20230517_122957-1024x713.jpg\" alt=\"\" width=\"1024\" height=\"713\" class=\"alignleft size-large wp-image-10337\" srcset=\"https:\/\/agora.xtec.cat\/ies-santa-eulalia\/wp-content\/uploads\/usu1612\/2023\/05\/IMG_20230517_122957-1024x713.jpg 1024w, https:\/\/agora.xtec.cat\/ies-santa-eulalia\/wp-content\/uploads\/usu1612\/2023\/05\/IMG_20230517_122957-300x209.jpg 300w, https:\/\/agora.xtec.cat\/ies-santa-eulalia\/wp-content\/uploads\/usu1612\/2023\/05\/IMG_20230517_122957-768x535.jpg 768w, https:\/\/agora.xtec.cat\/ies-santa-eulalia\/wp-content\/uploads\/usu1612\/2023\/05\/IMG_20230517_122957-1536x1070.jpg 1536w, https:\/\/agora.xtec.cat\/ies-santa-eulalia\/wp-content\/uploads\/usu1612\/2023\/05\/IMG_20230517_122957-2048x1427.jpg 2048w\" sizes=\"auto, (max-width: 1024px) 100vw, 1024px\" \/><\/a><\/p>\n<p><a href=\"https:\/\/agora.xtec.cat\/ies-santa-eulalia\/wp-content\/uploads\/usu1612\/2023\/05\/IMG_20230517_123048-scaled.jpg\"><img loading=\"lazy\" decoding=\"async\" src=\"https:\/\/agora.xtec.cat\/ies-santa-eulalia\/wp-content\/uploads\/usu1612\/2023\/05\/IMG_20230517_123048-749x1024.jpg\" alt=\"\" width=\"749\" height=\"1024\" class=\"alignleft size-large wp-image-10338\" srcset=\"https:\/\/agora.xtec.cat\/ies-santa-eulalia\/wp-content\/uploads\/usu1612\/2023\/05\/IMG_20230517_123048-749x1024.jpg 749w, https:\/\/agora.xtec.cat\/ies-santa-eulalia\/wp-content\/uploads\/usu1612\/2023\/05\/IMG_20230517_123048-219x300.jpg 219w, https:\/\/agora.xtec.cat\/ies-santa-eulalia\/wp-content\/uploads\/usu1612\/2023\/05\/IMG_20230517_123048-768x1050.jpg 768w, https:\/\/agora.xtec.cat\/ies-santa-eulalia\/wp-content\/uploads\/usu1612\/2023\/05\/IMG_20230517_123048-1124x1536.jpg 1124w, https:\/\/agora.xtec.cat\/ies-santa-eulalia\/wp-content\/uploads\/usu1612\/2023\/05\/IMG_20230517_123048-1498x2048.jpg 1498w, https:\/\/agora.xtec.cat\/ies-santa-eulalia\/wp-content\/uploads\/usu1612\/2023\/05\/IMG_20230517_123048-scaled.jpg 1873w\" sizes=\"auto, (max-width: 749px) 100vw, 749px\" \/><\/a><\/p>\n<p><a href=\"https:\/\/agora.xtec.cat\/ies-santa-eulalia\/wp-content\/uploads\/usu1612\/2023\/05\/IMG_20230517_123202.jpg\"><img loading=\"lazy\" decoding=\"async\" src=\"https:\/\/agora.xtec.cat\/ies-santa-eulalia\/wp-content\/uploads\/usu1612\/2023\/05\/IMG_20230517_123202-1024x982.jpg\" alt=\"\" width=\"1024\" height=\"982\" class=\"alignleft size-large wp-image-10339\" srcset=\"https:\/\/agora.xtec.cat\/ies-santa-eulalia\/wp-content\/uploads\/usu1612\/2023\/05\/IMG_20230517_123202-1024x982.jpg 1024w, https:\/\/agora.xtec.cat\/ies-santa-eulalia\/wp-content\/uploads\/usu1612\/2023\/05\/IMG_20230517_123202-300x288.jpg 300w, https:\/\/agora.xtec.cat\/ies-santa-eulalia\/wp-content\/uploads\/usu1612\/2023\/05\/IMG_20230517_123202-768x736.jpg 768w, https:\/\/agora.xtec.cat\/ies-santa-eulalia\/wp-content\/uploads\/usu1612\/2023\/05\/IMG_20230517_123202-1536x1472.jpg 1536w, https:\/\/agora.xtec.cat\/ies-santa-eulalia\/wp-content\/uploads\/usu1612\/2023\/05\/IMG_20230517_123202-2048x1963.jpg 2048w\" sizes=\"auto, (max-width: 1024px) 100vw, 1024px\" \/><\/a><\/p>\n<p><a href=\"https:\/\/agora.xtec.cat\/ies-santa-eulalia\/wp-content\/uploads\/usu1612\/2023\/05\/IMG_20230517_104515.jpg\"><img loading=\"lazy\" decoding=\"async\" src=\"https:\/\/agora.xtec.cat\/ies-santa-eulalia\/wp-content\/uploads\/usu1612\/2023\/05\/IMG_20230517_104515-938x1024.jpg\" alt=\"\" width=\"938\" height=\"1024\" class=\"alignleft size-large wp-image-10336\" srcset=\"https:\/\/agora.xtec.cat\/ies-santa-eulalia\/wp-content\/uploads\/usu1612\/2023\/05\/IMG_20230517_104515-938x1024.jpg 938w, https:\/\/agora.xtec.cat\/ies-santa-eulalia\/wp-content\/uploads\/usu1612\/2023\/05\/IMG_20230517_104515-275x300.jpg 275w, https:\/\/agora.xtec.cat\/ies-santa-eulalia\/wp-content\/uploads\/usu1612\/2023\/05\/IMG_20230517_104515-768x839.jpg 768w, https:\/\/agora.xtec.cat\/ies-santa-eulalia\/wp-content\/uploads\/usu1612\/2023\/05\/IMG_20230517_104515.jpg 1383w\" sizes=\"auto, (max-width: 938px) 100vw, 938px\" \/><\/a><\/p>\n","protected":false},"excerpt":{"rendered":"<p>Des del passat mes de mar\u00e7 l&#8217;alumnat de 3rC s&#8217;ha sumat al projecte d&#8217;<a href=\"https:\/\/www.acathi.org\/\">ACATHI<\/a>+<a href=\"https:\/\/www.acpp.com\/\">PAU<\/a>.<br \/>\nA una primera part del projecte hem apr\u00e8s la difer\u00e8ncia entre sexe i g\u00e8nere, tamb\u00e9 hem conegut la situaci\u00f3 actual de les persones LGTBI a Am\u00e8rica central i al m\u00f3n.&hellip;  <a href=\"https:\/\/agora.xtec.cat\/ies-santa-eulalia\/general\/projecte-drets-lgtbi\/\" title=\"Read Projecte Drets LGTBI+\">Llegeix m\u00e9s\u00bb<\/a><\/p>\n","protected":false},"author":98,"featured_media":10337,"comment_status":"closed","ping_status":"closed","sticky":false,"template":"","format":"standard","meta":{"_bbp_topic_count":0,"_bbp_reply_count":0,"_bbp_total_topic_count":0,"_bbp_total_reply_count":0,"_bbp_voice_count":0,"_bbp_anonymous_reply_count":0,"_bbp_topic_count_hidden":0,"_bbp_reply_count_hidden":0,"_bbp_forum_subforum_count":0,"footnotes":""},"categories":[3,1,29],"tags":[234,233,211],"class_list":["post-10334","post","type-post","status-publish","format-standard","has-post-thumbnail","hentry","category-eso","category-general","category-portada","tag-copem","tag-iseulalia","tag-eso"],"post_mailing_queue_ids":[],"_links":{"self":[{"href":"https:\/\/agora.xtec.cat\/ies-santa-eulalia\/wp-json\/wp\/v2\/posts\/10334","targetHints":{"allow":["GET"]}}],"collection":[{"href":"https:\/\/agora.xtec.cat\/ies-santa-eulalia\/wp-json\/wp\/v2\/posts"}],"about":[{"href":"https:\/\/agora.xtec.cat\/ies-santa-eulalia\/wp-json\/wp\/v2\/types\/post"}],"author":[{"embeddable":true,"href":"https:\/\/agora.xtec.cat\/ies-santa-eulalia\/wp-json\/wp\/v2\/users\/98"}],"replies":[{"embeddable":true,"href":"https:\/\/agora.xtec.cat\/ies-santa-eulalia\/wp-json\/wp\/v2\/comments?post=10334"}],"version-history":[{"count":3,"href":"https:\/\/agora.xtec.cat\/ies-santa-eulalia\/wp-json\/wp\/v2\/posts\/10334\/revisions"}],"predecessor-version":[{"id":10341,"href":"https:\/\/agora.xtec.cat\/ies-santa-eulalia\/wp-json\/wp\/v2\/posts\/10334\/revisions\/10341"}],"wp:featuredmedia":[{"embeddable":true,"href":"https:\/\/agora.xtec.cat\/ies-santa-eulalia\/wp-json\/wp\/v2\/media\/10337"}],"wp:attachment":[{"href":"https:\/\/agora.xtec.cat\/ies-santa-eulalia\/wp-json\/wp\/v2\/media?parent=10334"}],"wp:term":[{"taxonomy":"category","embeddable":true,"href":"https:\/\/agora.xtec.cat\/ies-santa-eulalia\/wp-json\/wp\/v2\/categories?post=10334"},{"taxonomy":"post_tag","embeddable":true,"href":"https:\/\/agora.xtec.cat\/ies-santa-eulalia\/wp-json\/wp\/v2\/tags?post=10334"}],"curies":[{"name":"wp","href":"https:\/\/api.w.org\/{rel}","templated":true}]}}