{"id":10324,"date":"2023-05-15T13:37:04","date_gmt":"2023-05-15T11:37:04","guid":{"rendered":"https:\/\/agora.xtec.cat\/ies-santa-eulalia\/?p=10324"},"modified":"2023-05-15T13:37:04","modified_gmt":"2023-05-15T11:37:04","slug":"premis-scratch-day-2022-2023","status":"publish","type":"post","link":"https:\/\/agora.xtec.cat\/ies-santa-eulalia\/general\/premis-scratch-day-2022-2023\/","title":{"rendered":"Premis Scratch Day 2022-2023!"},"content":{"rendered":"<p>&nbsp;<\/p>\n<p>L&#8217;alumnat de tercer d&#8217;ESO ha participat aquest any a l&#8217;Scratch Day, amb la realitzaci\u00f3 d&#8217;un concurs en que es proposava la realitzaci\u00f3 d&#8217;un repte sobre la problem\u00e0tica mediambiental!<a href=\"https:\/\/agora.xtec.cat\/ies-santa-eulalia\/wp-content\/uploads\/usu1612\/2023\/05\/IMG_9759.jpg\"><img loading=\"lazy\" decoding=\"async\" class=\"aligncenter size-full wp-image-10327\" src=\"https:\/\/agora.xtec.cat\/ies-santa-eulalia\/wp-content\/uploads\/usu1612\/2023\/05\/IMG_9759.jpg\" alt=\"\" width=\"744\" height=\"530\" srcset=\"https:\/\/agora.xtec.cat\/ies-santa-eulalia\/wp-content\/uploads\/usu1612\/2023\/05\/IMG_9759.jpg 744w, https:\/\/agora.xtec.cat\/ies-santa-eulalia\/wp-content\/uploads\/usu1612\/2023\/05\/IMG_9759-300x214.jpg 300w\" sizes=\"auto, (max-width: 744px) 100vw, 744px\" \/><\/a><\/p>\n<p>Les millors hist\u00f2ries interactives i guanyadores del concurs d&#8217;aquest any, han estat:<\/p>\n<ul>\n<li>Laia Peris de 3r A amb la tem\u00e0tica &#8220;L&#8217;aigua com a b\u00e9 esc\u00e0s&#8221;.<\/li>\n<li>Nicole Rodr\u00edguez\u00a0 de 3rD que ha tractat &#8220;La problem\u00e0tica de l&#8217;acumulaci\u00f3 de pl\u00e0stics als oceans&#8221;.<\/li>\n<li>Carla Le\u00f3n de 3r B amb el tema de &#8220;La reutilitzaci\u00f3 i reciclatge de residus dom\u00e8stics&#8221;.<a href=\"https:\/\/agora.xtec.cat\/ies-santa-eulalia\/wp-content\/uploads\/usu1612\/2023\/05\/IMG_9758.jpg\"><img loading=\"lazy\" decoding=\"async\" class=\"aligncenter size-full wp-image-10326\" src=\"https:\/\/agora.xtec.cat\/ies-santa-eulalia\/wp-content\/uploads\/usu1612\/2023\/05\/IMG_9758.jpg\" alt=\"\" width=\"750\" height=\"373\" srcset=\"https:\/\/agora.xtec.cat\/ies-santa-eulalia\/wp-content\/uploads\/usu1612\/2023\/05\/IMG_9758.jpg 750w, https:\/\/agora.xtec.cat\/ies-santa-eulalia\/wp-content\/uploads\/usu1612\/2023\/05\/IMG_9758-300x149.jpg 300w\" sizes=\"auto, (max-width: 750px) 100vw, 750px\" \/><\/a><\/li>\n<\/ul>\n<p>&nbsp;<\/p>\n<p>Les guanyadores han rebut un diploma i un premi!<\/p>\n<p><a href=\"https:\/\/agora.xtec.cat\/ies-santa-eulalia\/wp-content\/uploads\/usu1612\/2023\/05\/IMG_9757.jpg\"><br \/>\n<img loading=\"lazy\" decoding=\"async\" class=\"aligncenter size-full wp-image-10325\" src=\"https:\/\/agora.xtec.cat\/ies-santa-eulalia\/wp-content\/uploads\/usu1612\/2023\/05\/IMG_9757.jpg\" alt=\"\" width=\"654\" height=\"389\" srcset=\"https:\/\/agora.xtec.cat\/ies-santa-eulalia\/wp-content\/uploads\/usu1612\/2023\/05\/IMG_9757.jpg 654w, https:\/\/agora.xtec.cat\/ies-santa-eulalia\/wp-content\/uploads\/usu1612\/2023\/05\/IMG_9757-300x178.jpg 300w\" sizes=\"auto, (max-width: 654px) 100vw, 654px\" \/><\/a><\/p>\n<p>Ja esperem amb ganes la propera edici\u00f3 del concurs! Fins llavors&#8230; a continuar practicant la programaci\u00f3 amb Scratch!<\/p>\n<p><a href=\"https:\/\/agora.xtec.cat\/ies-santa-eulalia\/wp-content\/uploads\/usu1612\/2023\/05\/IMG_9761.jpg\"><img loading=\"lazy\" decoding=\"async\" class=\"aligncenter size-full wp-image-10328\" src=\"https:\/\/agora.xtec.cat\/ies-santa-eulalia\/wp-content\/uploads\/usu1612\/2023\/05\/IMG_9761.jpg\" alt=\"\" width=\"449\" height=\"396\" srcset=\"https:\/\/agora.xtec.cat\/ies-santa-eulalia\/wp-content\/uploads\/usu1612\/2023\/05\/IMG_9761.jpg 449w, https:\/\/agora.xtec.cat\/ies-santa-eulalia\/wp-content\/uploads\/usu1612\/2023\/05\/IMG_9761-300x265.jpg 300w\" sizes=\"auto, (max-width: 449px) 100vw, 449px\" \/><\/a><\/p>\n<p>&nbsp;<\/p>\n<p>Sara Garcia<\/p>\n<p>Cap de Departament de Tecnologia.<\/p>\n","protected":false},"excerpt":{"rendered":"<p>&nbsp;<br \/>\nL&#8217;alumnat de tercer d&#8217;ESO ha participat aquest any a l&#8217;Scratch Day, amb la realitzaci\u00f3 d&#8217;un concurs en que es proposava la realitzaci\u00f3 d&#8217;un repte sobre la problem\u00e0tica mediambiental!<a href=\"https:\/\/agora.xtec.cat\/ies-santa-eulalia\/wp-content\/uploads\/usu1612\/2023\/05\/IMG_9759.jpg\"><\/a><br \/>\nLes millors hist\u00f2ries interactives i guanyadores del concurs d&#8217;aquest any, han estat:<\/p>\n<ul>\n<li>Laia Peris de 3r A amb&hellip;  <a href=\"https:\/\/agora.xtec.cat\/ies-santa-eulalia\/general\/premis-scratch-day-2022-2023\/\" title=\"Read Premis Scratch Day 2022-2023!\">Llegeix m\u00e9s\u00bb<\/a><br \/>\n","protected":false},"author":25,"featured_media":10330,"comment_status":"open","ping_status":"closed","sticky":false,"template":"","format":"standard","meta":{"_bbp_topic_count":0,"_bbp_reply_count":0,"_bbp_total_topic_count":0,"_bbp_total_reply_count":0,"_bbp_voice_count":0,"_bbp_anonymous_reply_count":0,"_bbp_topic_count_hidden":0,"_bbp_reply_count_hidden":0,"_bbp_forum_subforum_count":0,"footnotes":""},"categories":[146,6,19,20,21,334,391,1,29],"tags":[],"class_list":["post-10324","post","type-post","status-publish","format-standard","has-post-thumbnail","hentry","category-novetats-tecnologia","category-eso-3","category-eso-3a","category-eso-3b","category-eso-3c","category-eso-3d","category-eso-3r-e","category-general","category-portada"],"post_mailing_queue_ids":[],"_links":{"self":[{"href":"https:\/\/agora.xtec.cat\/ies-santa-eulalia\/wp-json\/wp\/v2\/posts\/10324","targetHints":{"allow":["GET"]}}],"collection":[{"href":"https:\/\/agora.xtec.cat\/ies-santa-eulalia\/wp-json\/wp\/v2\/posts"}],"about":[{"href":"https:\/\/agora.xtec.cat\/ies-santa-eulalia\/wp-json\/wp\/v2\/types\/post"}],"author":[{"embeddable":true,"href":"https:\/\/agora.xtec.cat\/ies-santa-eulalia\/wp-json\/wp\/v2\/users\/25"}],"replies":[{"embeddable":true,"href":"https:\/\/agora.xtec.cat\/ies-santa-eulalia\/wp-json\/wp\/v2\/comments?post=10324"}],"version-history":[{"count":3,"href":"https:\/\/agora.xtec.cat\/ies-santa-eulalia\/wp-json\/wp\/v2\/posts\/10324\/revisions"}],"predecessor-version":[{"id":10333,"href":"https:\/\/agora.xtec.cat\/ies-santa-eulalia\/wp-json\/wp\/v2\/posts\/10324\/revisions\/10333"}],"wp:featuredmedia":[{"embeddable":true,"href":"https:\/\/agora.xtec.cat\/ies-santa-eulalia\/wp-json\/wp\/v2\/media\/10330"}],"wp:attachment":[{"href":"https:\/\/agora.xtec.cat\/ies-santa-eulalia\/wp-json\/wp\/v2\/media?parent=10324"}],"wp:term":[{"taxonomy":"category","embeddable":true,"href":"https:\/\/agora.xtec.cat\/ies-santa-eulalia\/wp-json\/wp\/v2\/categories?post=10324"},{"taxonomy":"post_tag","embeddable":true,"href":"https:\/\/agora.xtec.cat\/ies-santa-eulalia\/wp-json\/wp\/v2\/tags?post=10324"}],"curies":[{"name":"wp","href":"https:\/\/api.w.org\/{rel}","templated":true}]}}