{"id":10274,"date":"2023-05-05T08:45:41","date_gmt":"2023-05-05T06:45:41","guid":{"rendered":"https:\/\/agora.xtec.cat\/ies-santa-eulalia\/?p=10274"},"modified":"2023-05-05T08:46:56","modified_gmt":"2023-05-05T06:46:56","slug":"4t-eso-jornada-stem-a-sortim-a-tv-lh","status":"publish","type":"post","link":"https:\/\/agora.xtec.cat\/ies-santa-eulalia\/general\/4t-eso-jornada-stem-a-sortim-a-tv-lh\/","title":{"rendered":"4t ESO Jornada STEM-A, sortim a TV L&#8217;H!!"},"content":{"rendered":"<div>&#8220;El passat dijous dia 27 d&#8217;abril, alguns alumnes de 4t d&#8217;ESO van participar a la jornada STEM-A de l&#8217;Hospitalet. Van realitzar pr\u00e0ctiques de cromatografia i cinem\u00e0tica per alumnat d&#8217;algunes escoles de prim\u00e0ria de la ciutat.<\/div>\n<div>La televisi\u00f3 de L&#8217;Hospitalet va fer un reportatge en el qual apareixen alguns dels nostres alumnes.&#8221;<\/div>\n<div><\/div>\n<div><a href=\"https:\/\/lhdigital.cat\/web\/digital-h\/televisio\/veure-video\/-\/journal_content\/56_INSTANCE_ZrP3\/11023\/15156236#.ZFSlKRWhrbE.link\">Reportatge TV L&#8217;H<\/a><\/div>\n<div><\/div>\n<div><a href=\"https:\/\/lhdigital.cat\/web\/digital-h\/televisio\/veure-video\/-\/journal_content\/56_INSTANCE_ZrP3\/11023\/15156236#.ZFSlKRWhrbE.link\"><img loading=\"lazy\" decoding=\"async\" class=\"aligncenter wp-image-10275 size-full\" src=\"https:\/\/agora.xtec.cat\/ies-santa-eulalia\/wp-content\/uploads\/usu1612\/2023\/05\/Veure-video-Clip-Aula-L-H-3-de-maig-A-fons-La-jornada-STEM-L-H-2023.png\" alt=\"\" width=\"1075\" height=\"699\" srcset=\"https:\/\/agora.xtec.cat\/ies-santa-eulalia\/wp-content\/uploads\/usu1612\/2023\/05\/Veure-video-Clip-Aula-L-H-3-de-maig-A-fons-La-jornada-STEM-L-H-2023.png 1075w, https:\/\/agora.xtec.cat\/ies-santa-eulalia\/wp-content\/uploads\/usu1612\/2023\/05\/Veure-video-Clip-Aula-L-H-3-de-maig-A-fons-La-jornada-STEM-L-H-2023-300x195.png 300w, https:\/\/agora.xtec.cat\/ies-santa-eulalia\/wp-content\/uploads\/usu1612\/2023\/05\/Veure-video-Clip-Aula-L-H-3-de-maig-A-fons-La-jornada-STEM-L-H-2023-1024x666.png 1024w, https:\/\/agora.xtec.cat\/ies-santa-eulalia\/wp-content\/uploads\/usu1612\/2023\/05\/Veure-video-Clip-Aula-L-H-3-de-maig-A-fons-La-jornada-STEM-L-H-2023-768x499.png 768w\" sizes=\"auto, (max-width: 1075px) 100vw, 1075px\" \/><\/a><\/div>\n","protected":false},"excerpt":{"rendered":"<p>&#8220;El passat dijous dia 27 d&#8217;abril, alguns alumnes de 4t d&#8217;ESO van participar a la jornada STEM-A de l&#8217;Hospitalet. Van realitzar pr\u00e0ctiques de cromatografia i cinem\u00e0tica per alumnat d&#8217;algunes escoles de prim\u00e0ria de la ciutat.<br \/>\nLa televisi\u00f3 de L&#8217;Hospitalet va fer un reportatge en el qual&hellip;  <a href=\"https:\/\/agora.xtec.cat\/ies-santa-eulalia\/general\/4t-eso-jornada-stem-a-sortim-a-tv-lh\/\" title=\"Read 4t ESO Jornada STEM-A, sortim a TV L&#8217;H!!\">Llegeix m\u00e9s\u00bb<\/a><\/p>\n","protected":false},"author":1,"featured_media":10275,"comment_status":"open","ping_status":"closed","sticky":false,"template":"","format":"standard","meta":{"_bbp_topic_count":0,"_bbp_reply_count":0,"_bbp_total_topic_count":0,"_bbp_total_reply_count":0,"_bbp_voice_count":0,"_bbp_anonymous_reply_count":0,"_bbp_topic_count_hidden":0,"_bbp_reply_count_hidden":0,"_bbp_forum_subforum_count":0,"footnotes":""},"categories":[416,3,7,1,29,299],"tags":[],"class_list":["post-10274","post","type-post","status-publish","format-standard","has-post-thumbnail","hentry","category-copem-a-tv-lhospitalet","category-eso","category-eso-4","category-general","category-portada","category-steam"],"post_mailing_queue_ids":[],"_links":{"self":[{"href":"https:\/\/agora.xtec.cat\/ies-santa-eulalia\/wp-json\/wp\/v2\/posts\/10274","targetHints":{"allow":["GET"]}}],"collection":[{"href":"https:\/\/agora.xtec.cat\/ies-santa-eulalia\/wp-json\/wp\/v2\/posts"}],"about":[{"href":"https:\/\/agora.xtec.cat\/ies-santa-eulalia\/wp-json\/wp\/v2\/types\/post"}],"author":[{"embeddable":true,"href":"https:\/\/agora.xtec.cat\/ies-santa-eulalia\/wp-json\/wp\/v2\/users\/1"}],"replies":[{"embeddable":true,"href":"https:\/\/agora.xtec.cat\/ies-santa-eulalia\/wp-json\/wp\/v2\/comments?post=10274"}],"version-history":[{"count":3,"href":"https:\/\/agora.xtec.cat\/ies-santa-eulalia\/wp-json\/wp\/v2\/posts\/10274\/revisions"}],"predecessor-version":[{"id":10278,"href":"https:\/\/agora.xtec.cat\/ies-santa-eulalia\/wp-json\/wp\/v2\/posts\/10274\/revisions\/10278"}],"wp:featuredmedia":[{"embeddable":true,"href":"https:\/\/agora.xtec.cat\/ies-santa-eulalia\/wp-json\/wp\/v2\/media\/10275"}],"wp:attachment":[{"href":"https:\/\/agora.xtec.cat\/ies-santa-eulalia\/wp-json\/wp\/v2\/media?parent=10274"}],"wp:term":[{"taxonomy":"category","embeddable":true,"href":"https:\/\/agora.xtec.cat\/ies-santa-eulalia\/wp-json\/wp\/v2\/categories?post=10274"},{"taxonomy":"post_tag","embeddable":true,"href":"https:\/\/agora.xtec.cat\/ies-santa-eulalia\/wp-json\/wp\/v2\/tags?post=10274"}],"curies":[{"name":"wp","href":"https:\/\/api.w.org\/{rel}","templated":true}]}}