{"id":10249,"date":"2023-04-25T12:29:57","date_gmt":"2023-04-25T10:29:57","guid":{"rendered":"https:\/\/agora.xtec.cat\/ies-santa-eulalia\/?p=10249"},"modified":"2023-04-26T10:07:15","modified_gmt":"2023-04-26T08:07:15","slug":"el-gust-per-la-lectura-3","status":"publish","type":"post","link":"https:\/\/agora.xtec.cat\/ies-santa-eulalia\/general\/el-gust-per-la-lectura-3\/","title":{"rendered":"El gust per la lectura"},"content":{"rendered":"<p>A l&#8217;alternativa\u00a0<i>El gust per la lectura\u00a0<\/i>els alumnes de 1r d&#8217;ESO han llegit l&#8217;obra\u00a0<i>Mar i Cel\u00a0<\/i>d&#8217;\u00c0ngel Guimer\u00e0. Aqu\u00ed teniu uns v\u00eddeos,\u00a0booktr\u00e0ilers\u00a0i videojocs\u00a0amb els que volen fer-vos una petita introducci\u00f3 de la novel\u00b7la presentant alguns moments claus de la hist\u00f2ria i els protagonistes de l&#8217;obra. Animeu-vos a llegir l&#8217;obra!!<\/p>\n<p>&nbsp;<\/p>\n<p><a href=\"https:\/\/drive.google.com\/file\/d\/1L_kRc1MRelCEymaf6FT7jNGWSkXisDwY\/view?usp=share_link\">V\u00eddeo n\u00ba 3<\/a><\/p>\n<p><a href=\"https:\/\/drive.google.com\/file\/d\/1bX9EBPBEn82QaIgiGykhUpadU6cg5FA5\/view?usp=share_link\">V\u00eddeo n\u00ba 4<\/a><\/p>\n<p><a href=\"https:\/\/drive.google.com\/file\/d\/1_qZ5HZOIm6j8t90yMmcRtp8bGiQHJfhd\/view?usp=share_link\">V\u00eddeo n\u00ba 7<\/a><\/p>\n","protected":false},"excerpt":{"rendered":"<p>A l&#8217;alternativa\u00a0El gust per la lectura\u00a0els alumnes de 1r d&#8217;ESO han llegit l&#8217;obra\u00a0Mar i Cel\u00a0d&#8217;\u00c0ngel Guimer\u00e0. Aqu\u00ed teniu uns v\u00eddeos,\u00a0booktr\u00e0ilers\u00a0i videojocs\u00a0amb els que volen fer-vos una petita introducci\u00f3 de la novel\u00b7la presentant alguns moments claus de la hist\u00f2ria i els protagonistes de l&#8217;obra. Animeu-vos a&hellip;  <a href=\"https:\/\/agora.xtec.cat\/ies-santa-eulalia\/general\/el-gust-per-la-lectura-3\/\" title=\"Read El gust per la lectura\">Llegeix m\u00e9s\u00bb<\/a><\/p>\n","protected":false},"author":1,"featured_media":0,"comment_status":"open","ping_status":"closed","sticky":false,"template":"","format":"standard","meta":{"_bbp_topic_count":0,"_bbp_reply_count":0,"_bbp_total_topic_count":0,"_bbp_total_reply_count":0,"_bbp_voice_count":0,"_bbp_anonymous_reply_count":0,"_bbp_topic_count_hidden":0,"_bbp_reply_count_hidden":0,"_bbp_forum_subforum_count":0,"footnotes":""},"categories":[136,3,4,1,29],"tags":[356,418],"class_list":["post-10249","post","type-post","status-publish","format-standard","hentry","category-novetats-catala","category-eso","category-eso-1","category-general","category-portada","tag-gust-per-la-lectura","tag-parlem-de-lectures"],"post_mailing_queue_ids":[],"_links":{"self":[{"href":"https:\/\/agora.xtec.cat\/ies-santa-eulalia\/wp-json\/wp\/v2\/posts\/10249","targetHints":{"allow":["GET"]}}],"collection":[{"href":"https:\/\/agora.xtec.cat\/ies-santa-eulalia\/wp-json\/wp\/v2\/posts"}],"about":[{"href":"https:\/\/agora.xtec.cat\/ies-santa-eulalia\/wp-json\/wp\/v2\/types\/post"}],"author":[{"embeddable":true,"href":"https:\/\/agora.xtec.cat\/ies-santa-eulalia\/wp-json\/wp\/v2\/users\/1"}],"replies":[{"embeddable":true,"href":"https:\/\/agora.xtec.cat\/ies-santa-eulalia\/wp-json\/wp\/v2\/comments?post=10249"}],"version-history":[{"count":3,"href":"https:\/\/agora.xtec.cat\/ies-santa-eulalia\/wp-json\/wp\/v2\/posts\/10249\/revisions"}],"predecessor-version":[{"id":10255,"href":"https:\/\/agora.xtec.cat\/ies-santa-eulalia\/wp-json\/wp\/v2\/posts\/10249\/revisions\/10255"}],"wp:attachment":[{"href":"https:\/\/agora.xtec.cat\/ies-santa-eulalia\/wp-json\/wp\/v2\/media?parent=10249"}],"wp:term":[{"taxonomy":"category","embeddable":true,"href":"https:\/\/agora.xtec.cat\/ies-santa-eulalia\/wp-json\/wp\/v2\/categories?post=10249"},{"taxonomy":"post_tag","embeddable":true,"href":"https:\/\/agora.xtec.cat\/ies-santa-eulalia\/wp-json\/wp\/v2\/tags?post=10249"}],"curies":[{"name":"wp","href":"https:\/\/api.w.org\/{rel}","templated":true}]}}