{"id":1020,"date":"2017-10-20T10:55:07","date_gmt":"2017-10-20T08:55:07","guid":{"rendered":"http:\/\/agora.xtec.cat\/ies-santa-eulalia\/?p=1020"},"modified":"2019-05-09T21:01:18","modified_gmt":"2019-05-09T19:01:18","slug":"curriculum-2","status":"publish","type":"post","link":"https:\/\/agora.xtec.cat\/ies-santa-eulalia\/batxillerat\/curriculum-2\/","title":{"rendered":"Curr\u00edculum"},"content":{"rendered":"<table>\n<tbody>\n<tr>\n<td>L&#8217;etapa post-obligat\u00f2ria de Batxillerat prepara l&#8217;alumnat per a estudis posteriors, ja siguin de la universitat o dels Cicles Formatius de grau Superior, i per a l&#8217;acc\u00e9s al m\u00f3n laboral.<\/p>\n<p>Consta de dos cursos i s&#8217;estructura en<\/p>\n<p><em>una part comuna<\/em> (mat\u00e8ries comunes i tutoria), i<\/p>\n<p><em>una part diversificada<\/em>, depenent de la modalitat escollida (mat\u00e8ries de modalitat, mat\u00e8ries optatives i Treball de Recerca).<\/p>\n<p>&nbsp;<\/p>\n<p>Es pot escollir entre tres Modalitats, i l&#8217;elecci\u00f3 es mant\u00e9 al llarg de l&#8217;etapa:<\/p>\n<p>Humanitats i Ci\u00e8ncies Socials<\/p>\n<p>Ci\u00e8ncies i Tecnologia<\/p>\n<p>(Arts, per\u00f2 no a tots els centres)<\/p>\n<p>&nbsp;<\/p>\n<p>L&#8217;alumnat fa un total de 30 hores de classe al llarg de la setmana. A m\u00e9s de les mat\u00e8ries comunes (i la tutoria), cada alumne escull sis mat\u00e8ries de modalitat, entre les quals almenys cinc han de ser pr\u00f2pies de la modalitat escollida. L&#8217;horari es completa amb mat\u00e8ries d&#8217;altres modalitats o optatives. L&#8217;alumnat matriculat en centres ordinaris pot cursar un m\u00e0xim de dues mat\u00e8ries de modalitat de segon curs a trav\u00e9s del batxillerat a dist\u00e0ncia, si el seu centre no l&#8217;ofereix. Pel que fa a les mat\u00e8ries de primer curs, aquesta possibilitat nom\u00e9s es pot demanar en cas que les mat\u00e8ries tinguin continu\u00eftat en el segon curs i que el centre no les pugui oferir per motius organitzatius.<\/p>\n<p>&nbsp;<\/p>\n<table>\n<tbody>\n<tr>\n<td>Mat\u00e8ries comunes<\/td>\n<td>Llengua i literatura catalanes I i II<\/p>\n<p>Llengua i literatura castellanes I i II<\/p>\n<p>Llengua estrangera I i II<\/p>\n<p>Ci\u00e8ncies per al m\u00f3n contemporani<\/p>\n<p>Filosofia i ciutadania<\/p>\n<p>Hist\u00f2ria de la filosofia<\/p>\n<p>Hist\u00f2ria<\/p>\n<p>Educaci\u00f3 f\u00edsica (nom\u00e9s en r\u00e8gim di\u00fcrn)<\/p>\n<p>Tutoria<\/p>\n<p>Religi\u00f3 (volunt\u00e0ria)<\/td>\n<\/tr>\n<tr>\n<td>Mat\u00e8ries de la modalitat d&#8217;humanitats i ci\u00e8ncies socials<\/td>\n<td>Llat\u00ed I i II<\/p>\n<p>Matem\u00e0tiques aplicades a les ci\u00e8ncies socials I i II<\/p>\n<p>Economia de l&#8217;empresa I i II<\/p>\n<p>Grec I i II<\/p>\n<p>Economia<\/p>\n<p>Geografia<\/p>\n<p>Hist\u00f2ria de l&#8217;art<\/p>\n<p>Hist\u00f2ria del m\u00f3n contemporani<\/p>\n<p>Literatura catalana<\/p>\n<p>Literatura castellana<\/p>\n<p>Literatura universal<\/td>\n<\/tr>\n<tr>\n<td>Mat\u00e8ries de la modalitat de ci\u00e8ncies i tecnologia<\/td>\n<td>Matem\u00e0tiques I i II<\/p>\n<p>Biologia I i II<\/p>\n<p>F\u00edsica I i II<\/p>\n<p>Qu\u00edmica I i II<\/p>\n<p>Ci\u00e8ncies de la terra i del medi ambient I i II<\/p>\n<p>Dibuix t\u00e8cnic I i II<\/p>\n<p>Tecnologia industrial I i II<\/p>\n<p>Electrot\u00e8cnia<\/td>\n<\/tr>\n<tr>\n<td>Mat\u00e8ries optatives<\/td>\n<td>Segona llengua estrangera<\/p>\n<p>Psicologia i sociologia<\/p>\n<p>Mat\u00e8ries d\u2019altres modalitats<\/td>\n<\/tr>\n<tr>\n<td>Treball de recerca<\/td>\n<td>El treball de recerca \u00e9s una activitat d&#8217;investigaci\u00f3 que ha de fer tot l&#8217;alumnat de batxillerat. S&#8217;ha d&#8217;iniciar preferentment durant el primer curs i presentar obligat\u00f2riament durant el segon curs.<\/td>\n<\/tr>\n<\/tbody>\n<\/table>\n<p>Pots obtenir m\u00e9s informaci\u00f3 a la <a href=\"http:\/\/www.xtec.cat\/web\/curriculum\/batxillerat\/curriculum\">web del Departament d&#8217;Enseyament<\/a><\/td>\n<\/tr>\n<\/tbody>\n<\/table>\n<p>&nbsp;<\/p>\n","protected":false},"excerpt":{"rendered":"<p>L&#8217;etapa post-obligat\u00f2ria de Batxillerat prepara l&#8217;alumnat per a estudis posteriors, ja siguin de la universitat o dels Cicles Formatius de grau Superior, i per a l&#8217;acc\u00e9s al m\u00f3n laboral.<br \/>\nConsta de dos cursos i s&#8217;estructura en<br \/>\nuna part comuna (mat\u00e8ries comunes i tutoria), i<br \/>\nuna part diversificada, depenent&hellip;  <a href=\"https:\/\/agora.xtec.cat\/ies-santa-eulalia\/batxillerat\/curriculum-2\/\" title=\"Read Curr\u00edculum\">Llegeix m\u00e9s\u00bb<\/a><\/p>\n","protected":false},"author":1,"featured_media":0,"comment_status":"open","ping_status":"closed","sticky":true,"template":"","format":"standard","meta":{"_bbp_topic_count":0,"_bbp_reply_count":0,"_bbp_total_topic_count":0,"_bbp_total_reply_count":0,"_bbp_voice_count":0,"_bbp_anonymous_reply_count":0,"_bbp_topic_count_hidden":0,"_bbp_reply_count_hidden":0,"_bbp_forum_subforum_count":0,"footnotes":""},"categories":[8],"tags":[],"class_list":["post-1020","post","type-post","status-publish","format-standard","hentry","category-batxillerat"],"post_mailing_queue_ids":[],"_links":{"self":[{"href":"https:\/\/agora.xtec.cat\/ies-santa-eulalia\/wp-json\/wp\/v2\/posts\/1020","targetHints":{"allow":["GET"]}}],"collection":[{"href":"https:\/\/agora.xtec.cat\/ies-santa-eulalia\/wp-json\/wp\/v2\/posts"}],"about":[{"href":"https:\/\/agora.xtec.cat\/ies-santa-eulalia\/wp-json\/wp\/v2\/types\/post"}],"author":[{"embeddable":true,"href":"https:\/\/agora.xtec.cat\/ies-santa-eulalia\/wp-json\/wp\/v2\/users\/1"}],"replies":[{"embeddable":true,"href":"https:\/\/agora.xtec.cat\/ies-santa-eulalia\/wp-json\/wp\/v2\/comments?post=1020"}],"version-history":[{"count":1,"href":"https:\/\/agora.xtec.cat\/ies-santa-eulalia\/wp-json\/wp\/v2\/posts\/1020\/revisions"}],"predecessor-version":[{"id":1021,"href":"https:\/\/agora.xtec.cat\/ies-santa-eulalia\/wp-json\/wp\/v2\/posts\/1020\/revisions\/1021"}],"wp:attachment":[{"href":"https:\/\/agora.xtec.cat\/ies-santa-eulalia\/wp-json\/wp\/v2\/media?parent=1020"}],"wp:term":[{"taxonomy":"category","embeddable":true,"href":"https:\/\/agora.xtec.cat\/ies-santa-eulalia\/wp-json\/wp\/v2\/categories?post=1020"},{"taxonomy":"post_tag","embeddable":true,"href":"https:\/\/agora.xtec.cat\/ies-santa-eulalia\/wp-json\/wp\/v2\/tags?post=1020"}],"curies":[{"name":"wp","href":"https:\/\/api.w.org\/{rel}","templated":true}]}}