{"id":10190,"date":"2023-04-18T10:19:04","date_gmt":"2023-04-18T08:19:04","guid":{"rendered":"https:\/\/agora.xtec.cat\/ies-santa-eulalia\/?p=10190"},"modified":"2023-07-04T12:02:33","modified_gmt":"2023-07-04T10:02:33","slug":"preinscripcio-batxillerat-23-24-llistat-oferta-places","status":"publish","type":"post","link":"https:\/\/agora.xtec.cat\/ies-santa-eulalia\/general\/preinscripcio-batxillerat-23-24-llistat-oferta-places\/","title":{"rendered":"ACTUALITZACI\u00d3 MATR\u00cdCULA BATXILLERAT 23-24: Oferta definitiva de places, alumnes preinscrits, alumnes assignats i llista d&#8217;espera batxillerat"},"content":{"rendered":"<p>Aqu\u00ed anirem publicant informaci\u00f3 rellevant a la preinscripci\u00f3 BATXILLERAT 23-24<\/p>\n<ul>\n<li><a href=\"https:\/\/drive.google.com\/file\/d\/1xzq_N6-vp5EKmpKruLahICCVjFIIi6xI\/view?usp=share_link\">Oferta de places preinscripci\u00f3 batxillerat Ins Santa Eul\u00e0lia 23-24<\/a><\/li>\n<li>\n<p style=\"text-align: left;\"><a href=\"https:\/\/drive.google.com\/file\/d\/1XQnErK5MNwNlumrdSe684x_xaX4cIiA8\/view?usp=share_link\">Llistat sol\u00b7licituds amb puntuaci\u00f3 provisional <\/a><\/p>\n<\/li>\n<li><a href=\"https:\/\/drive.google.com\/file\/d\/1BpfTNYgtwhDuI0wcEy2pRiGIT6KRJqOR\/view?usp=sharing\">Llistat de sol\u00b7licituds amb la puntuaci\u00f3 resoltes les reclamacions <\/a><\/li>\n<li><a href=\"https:\/\/drive.google.com\/file\/d\/1bwI2tVxOIMcP-DzYe6YqLEWYJbbuPStP\/view?usp=drive_link\">Llistat de sol\u00b7licituds amb la puntuaci\u00f3 ordenada definitiu <\/a><\/li>\n<li><a href=\"https:\/\/drive.google.com\/file\/d\/1prEkT0gjX8QNY6xdFqA5egiztfS5z7ra\/view?usp=drive_link\">Oferta definitiva de places (ACTULITZACI\u00d3)<\/a><\/li>\n<li><a href=\"https:\/\/drive.google.com\/file\/d\/10NS4eXxihOqYY-Wp51-P3OD_qRlJe7T7\/view?usp=drive_link\">Llistat alumnes preinscrits (ACTUALITZACI\u00d3)<\/a><\/li>\n<li><a href=\"https:\/\/drive.google.com\/file\/d\/10NS4eXxihOqYY-Wp51-P3OD_qRlJe7T7\/view?usp=drive_link\">Llistat alumnes assignats (ACTUALITZACI\u00d3)<\/a><\/li>\n<li><a href=\"https:\/\/drive.google.com\/file\/d\/1za3GqsGq44_j8pXughna2MWKEOXevDvF\/view?usp=drive_link\">Publicaci\u00f3 llista d&#8217;espera al centre (ACTUALITZACI\u00d3)<\/a><\/li>\n<\/ul>\n<p>Altra informaci\u00f3 del vostre inter\u00e8s:<\/p>\n<ul>\n<li><strong>Presentaci\u00f3 de sol\u00b7licituds<\/strong>\u00a0de preinscripci\u00f3:\u00a0<strong>del 19 al 25 d&#8217;abril<\/strong><\/li>\n<li><strong>Tota la informaci\u00f3 de la preinscripci\u00f3<\/strong> del Batxillerat la trobareu fent clic en el seg\u00fcent <a href=\"https:\/\/preinscripcio.gencat.cat\/ca\/estudis\/batxillerat\/inici\/\" target=\"_blank\" rel=\"noopener\">enlla\u00e7<\/a>.<\/li>\n<\/ul>\n","protected":false},"excerpt":{"rendered":"<p>Aqu\u00ed anirem publicant informaci\u00f3 rellevant a la preinscripci\u00f3 BATXILLERAT 23-24<\/p>\n<ul>\n<li><a href=\"https:\/\/drive.google.com\/file\/d\/1xzq_N6-vp5EKmpKruLahICCVjFIIi6xI\/view?usp=share_link\">Oferta de places preinscripci\u00f3 batxillerat Ins Santa Eul\u00e0lia 23-24<\/a><\/li>\n<li>\n<a href=\"https:\/\/drive.google.com\/file\/d\/1XQnErK5MNwNlumrdSe684x_xaX4cIiA8\/view?usp=share_link\">Llistat sol\u00b7licituds amb puntuaci\u00f3 provisional <\/a>\n<\/li>\n<li><a href=\"https:\/\/drive.google.com\/file\/d\/1BpfTNYgtwhDuI0wcEy2pRiGIT6KRJqOR\/view?usp=sharing\">Llistat de sol\u00b7licituds amb la puntuaci\u00f3 resoltes les reclamacions <\/a><\/li>\n<li><a href=\"https:\/\/drive.google.com\/file\/d\/1bwI2tVxOIMcP-DzYe6YqLEWYJbbuPStP\/view?usp=drive_link\">Llistat de sol\u00b7licituds amb la puntuaci\u00f3 ordenada definitiu <\/a><\/li>\n<li><a href=\"https:\/\/drive.google.com\/file\/d\/1prEkT0gjX8QNY6xdFqA5egiztfS5z7ra\/view?usp=drive_link\">Oferta&hellip;  <a href=\"https:\/\/agora.xtec.cat\/ies-santa-eulalia\/general\/preinscripcio-batxillerat-23-24-llistat-oferta-places\/\" title=\"Read ACTUALITZACI\u00d3 MATR\u00cdCULA BATXILLERAT 23-24: Oferta definitiva de places, alumnes preinscrits, alumnes assignats i llista d&#8217;espera batxillerat\">Llegeix m\u00e9s\u00bb<\/a><br \/>\n","protected":false},"author":1,"featured_media":10191,"comment_status":"open","ping_status":"closed","sticky":false,"template":"","format":"standard","meta":{"_bbp_topic_count":0,"_bbp_reply_count":0,"_bbp_total_topic_count":0,"_bbp_total_reply_count":0,"_bbp_voice_count":0,"_bbp_anonymous_reply_count":0,"_bbp_topic_count_hidden":0,"_bbp_reply_count_hidden":0,"_bbp_forum_subforum_count":0,"footnotes":""},"categories":[8,1,29],"tags":[125,461,442],"class_list":["post-10190","post","type-post","status-publish","format-standard","has-post-thumbnail","hentry","category-batxillerat","category-general","category-portada","tag-batxillerat","tag-matricula","tag-preinscripcio"],"post_mailing_queue_ids":[],"_links":{"self":[{"href":"https:\/\/agora.xtec.cat\/ies-santa-eulalia\/wp-json\/wp\/v2\/posts\/10190","targetHints":{"allow":["GET"]}}],"collection":[{"href":"https:\/\/agora.xtec.cat\/ies-santa-eulalia\/wp-json\/wp\/v2\/posts"}],"about":[{"href":"https:\/\/agora.xtec.cat\/ies-santa-eulalia\/wp-json\/wp\/v2\/types\/post"}],"author":[{"embeddable":true,"href":"https:\/\/agora.xtec.cat\/ies-santa-eulalia\/wp-json\/wp\/v2\/users\/1"}],"replies":[{"embeddable":true,"href":"https:\/\/agora.xtec.cat\/ies-santa-eulalia\/wp-json\/wp\/v2\/comments?post=10190"}],"version-history":[{"count":3,"href":"https:\/\/agora.xtec.cat\/ies-santa-eulalia\/wp-json\/wp\/v2\/posts\/10190\/revisions"}],"predecessor-version":[{"id":10562,"href":"https:\/\/agora.xtec.cat\/ies-santa-eulalia\/wp-json\/wp\/v2\/posts\/10190\/revisions\/10562"}],"wp:featuredmedia":[{"embeddable":true,"href":"https:\/\/agora.xtec.cat\/ies-santa-eulalia\/wp-json\/wp\/v2\/media\/10191"}],"wp:attachment":[{"href":"https:\/\/agora.xtec.cat\/ies-santa-eulalia\/wp-json\/wp\/v2\/media?parent=10190"}],"wp:term":[{"taxonomy":"category","embeddable":true,"href":"https:\/\/agora.xtec.cat\/ies-santa-eulalia\/wp-json\/wp\/v2\/categories?post=10190"},{"taxonomy":"post_tag","embeddable":true,"href":"https:\/\/agora.xtec.cat\/ies-santa-eulalia\/wp-json\/wp\/v2\/tags?post=10190"}],"curies":[{"name":"wp","href":"https:\/\/api.w.org\/{rel}","templated":true}]}}