{"id":10145,"date":"2023-04-13T09:48:50","date_gmt":"2023-04-13T07:48:50","guid":{"rendered":"https:\/\/agora.xtec.cat\/ies-santa-eulalia\/?p=10145"},"modified":"2023-04-17T09:36:31","modified_gmt":"2023-04-17T07:36:31","slug":"portes-obertes-batxillerat","status":"publish","type":"post","link":"https:\/\/agora.xtec.cat\/ies-santa-eulalia\/general\/portes-obertes-batxillerat\/","title":{"rendered":"Portes obertes Batxillerat"},"content":{"rendered":"<p>Ahir v\u00e0rem celebrar les portes obertes de batxillerat i us volem agra\u00efr a tots aquells de la comunitat educativa que v\u00e0reu assistir o b\u00e9 com assistents (fam\u00edlies i alumnes interessats en el nostre centre) o b\u00e9 com a organitzadors de la sessi\u00f3 (professors, alumnes i ex alumnes).<\/p>\n<p>&nbsp;<\/p>\n<p>Moltes gr\u00e0cies i us esperem veure l&#8217;any vinent!!<\/p>\n<p><a href=\"https:\/\/agora.xtec.cat\/ies-santa-eulalia\/wp-content\/uploads\/usu1612\/2023\/04\/IMG_0861-scaled.jpg\"><img loading=\"lazy\" decoding=\"async\" class=\"alignleft size-full wp-image-10149\" src=\"https:\/\/agora.xtec.cat\/ies-santa-eulalia\/wp-content\/uploads\/usu1612\/2023\/04\/IMG_0861-scaled.jpg\" alt=\"\" width=\"2560\" height=\"1920\" srcset=\"https:\/\/agora.xtec.cat\/ies-santa-eulalia\/wp-content\/uploads\/usu1612\/2023\/04\/IMG_0861-scaled.jpg 2560w, https:\/\/agora.xtec.cat\/ies-santa-eulalia\/wp-content\/uploads\/usu1612\/2023\/04\/IMG_0861-300x225.jpg 300w, https:\/\/agora.xtec.cat\/ies-santa-eulalia\/wp-content\/uploads\/usu1612\/2023\/04\/IMG_0861-1024x768.jpg 1024w, https:\/\/agora.xtec.cat\/ies-santa-eulalia\/wp-content\/uploads\/usu1612\/2023\/04\/IMG_0861-768x576.jpg 768w, https:\/\/agora.xtec.cat\/ies-santa-eulalia\/wp-content\/uploads\/usu1612\/2023\/04\/IMG_0861-1536x1152.jpg 1536w, https:\/\/agora.xtec.cat\/ies-santa-eulalia\/wp-content\/uploads\/usu1612\/2023\/04\/IMG_0861-2048x1536.jpg 2048w, https:\/\/agora.xtec.cat\/ies-santa-eulalia\/wp-content\/uploads\/usu1612\/2023\/04\/IMG_0861-200x150.jpg 200w\" sizes=\"auto, (max-width: 2560px) 100vw, 2560px\" \/><\/a> <a href=\"https:\/\/agora.xtec.cat\/ies-santa-eulalia\/wp-content\/uploads\/usu1612\/2023\/04\/IMG_0860-scaled.jpg\"><img loading=\"lazy\" decoding=\"async\" class=\"alignleft size-full wp-image-10150\" src=\"https:\/\/agora.xtec.cat\/ies-santa-eulalia\/wp-content\/uploads\/usu1612\/2023\/04\/IMG_0860-scaled.jpg\" alt=\"\" width=\"2560\" height=\"1920\" srcset=\"https:\/\/agora.xtec.cat\/ies-santa-eulalia\/wp-content\/uploads\/usu1612\/2023\/04\/IMG_0860-scaled.jpg 2560w, https:\/\/agora.xtec.cat\/ies-santa-eulalia\/wp-content\/uploads\/usu1612\/2023\/04\/IMG_0860-300x225.jpg 300w, https:\/\/agora.xtec.cat\/ies-santa-eulalia\/wp-content\/uploads\/usu1612\/2023\/04\/IMG_0860-1024x768.jpg 1024w, https:\/\/agora.xtec.cat\/ies-santa-eulalia\/wp-content\/uploads\/usu1612\/2023\/04\/IMG_0860-768x576.jpg 768w, https:\/\/agora.xtec.cat\/ies-santa-eulalia\/wp-content\/uploads\/usu1612\/2023\/04\/IMG_0860-1536x1152.jpg 1536w, https:\/\/agora.xtec.cat\/ies-santa-eulalia\/wp-content\/uploads\/usu1612\/2023\/04\/IMG_0860-2048x1536.jpg 2048w, https:\/\/agora.xtec.cat\/ies-santa-eulalia\/wp-content\/uploads\/usu1612\/2023\/04\/IMG_0860-200x150.jpg 200w\" sizes=\"auto, (max-width: 2560px) 100vw, 2560px\" \/><\/a><\/p>\n","protected":false},"excerpt":{"rendered":"<p>Ahir v\u00e0rem celebrar les portes obertes de batxillerat i us volem agra\u00efr a tots aquells de la comunitat educativa que v\u00e0reu assistir o b\u00e9 com assistents (fam\u00edlies i alumnes interessats en el nostre centre) o b\u00e9 com a organitzadors de la sessi\u00f3 (professors, alumnes i&hellip;  <a href=\"https:\/\/agora.xtec.cat\/ies-santa-eulalia\/general\/portes-obertes-batxillerat\/\" title=\"Read Portes obertes Batxillerat\">Llegeix m\u00e9s\u00bb<\/a><\/p>\n","protected":false},"author":1,"featured_media":10150,"comment_status":"open","ping_status":"closed","sticky":false,"template":"","format":"standard","meta":{"_bbp_topic_count":0,"_bbp_reply_count":0,"_bbp_total_topic_count":0,"_bbp_total_reply_count":0,"_bbp_voice_count":0,"_bbp_anonymous_reply_count":0,"_bbp_topic_count_hidden":0,"_bbp_reply_count_hidden":0,"_bbp_forum_subforum_count":0,"footnotes":""},"categories":[8,1,29],"tags":[],"class_list":["post-10145","post","type-post","status-publish","format-standard","has-post-thumbnail","hentry","category-batxillerat","category-general","category-portada"],"post_mailing_queue_ids":[],"_links":{"self":[{"href":"https:\/\/agora.xtec.cat\/ies-santa-eulalia\/wp-json\/wp\/v2\/posts\/10145","targetHints":{"allow":["GET"]}}],"collection":[{"href":"https:\/\/agora.xtec.cat\/ies-santa-eulalia\/wp-json\/wp\/v2\/posts"}],"about":[{"href":"https:\/\/agora.xtec.cat\/ies-santa-eulalia\/wp-json\/wp\/v2\/types\/post"}],"author":[{"embeddable":true,"href":"https:\/\/agora.xtec.cat\/ies-santa-eulalia\/wp-json\/wp\/v2\/users\/1"}],"replies":[{"embeddable":true,"href":"https:\/\/agora.xtec.cat\/ies-santa-eulalia\/wp-json\/wp\/v2\/comments?post=10145"}],"version-history":[{"count":3,"href":"https:\/\/agora.xtec.cat\/ies-santa-eulalia\/wp-json\/wp\/v2\/posts\/10145\/revisions"}],"predecessor-version":[{"id":10181,"href":"https:\/\/agora.xtec.cat\/ies-santa-eulalia\/wp-json\/wp\/v2\/posts\/10145\/revisions\/10181"}],"wp:featuredmedia":[{"embeddable":true,"href":"https:\/\/agora.xtec.cat\/ies-santa-eulalia\/wp-json\/wp\/v2\/media\/10150"}],"wp:attachment":[{"href":"https:\/\/agora.xtec.cat\/ies-santa-eulalia\/wp-json\/wp\/v2\/media?parent=10145"}],"wp:term":[{"taxonomy":"category","embeddable":true,"href":"https:\/\/agora.xtec.cat\/ies-santa-eulalia\/wp-json\/wp\/v2\/categories?post=10145"},{"taxonomy":"post_tag","embeddable":true,"href":"https:\/\/agora.xtec.cat\/ies-santa-eulalia\/wp-json\/wp\/v2\/tags?post=10145"}],"curies":[{"name":"wp","href":"https:\/\/api.w.org\/{rel}","templated":true}]}}