{"id":10126,"date":"2023-04-17T09:00:43","date_gmt":"2023-04-17T07:00:43","guid":{"rendered":"https:\/\/agora.xtec.cat\/ies-santa-eulalia\/?p=10126"},"modified":"2023-04-17T12:53:35","modified_gmt":"2023-04-17T10:53:35","slug":"aquest-sant-jordi-els-alumnes-us-recomanen","status":"publish","type":"post","link":"https:\/\/agora.xtec.cat\/ies-santa-eulalia\/general\/aquest-sant-jordi-els-alumnes-us-recomanen\/","title":{"rendered":"Aquest Sant Jordi els alumnes us recomanen\u2026"},"content":{"rendered":"<p>Els nostres alumnes us volen recomanar una s\u00e8rie de lectures en catal\u00e0 i en castell\u00e0 per a aquest Sant Jordi 2022. Esperem que us agradin!! BONA LECTURA!!<\/p>\n<p>&nbsp;<\/p>\n<table style=\"border-collapse: collapse; width: 100%;\">\n<tbody>\n<tr>\n<td style=\"width: 25%;\"><a href=\"https:\/\/agora.xtec.cat\/ies-santa-eulalia\/wp-content\/uploads\/usu1612\/2023\/04\/RECOMANACIONS-LLIBRES-1-ESO-2022-2023.jpg\"><img loading=\"lazy\" decoding=\"async\" class=\"alignleft size-full wp-image-10184\" src=\"https:\/\/agora.xtec.cat\/ies-santa-eulalia\/wp-content\/uploads\/usu1612\/2023\/04\/RECOMANACIONS-LLIBRES-1-ESO-2022-2023.jpg\" alt=\"\" width=\"943\" height=\"2000\" srcset=\"https:\/\/agora.xtec.cat\/ies-santa-eulalia\/wp-content\/uploads\/usu1612\/2023\/04\/RECOMANACIONS-LLIBRES-1-ESO-2022-2023.jpg 943w, https:\/\/agora.xtec.cat\/ies-santa-eulalia\/wp-content\/uploads\/usu1612\/2023\/04\/RECOMANACIONS-LLIBRES-1-ESO-2022-2023-141x300.jpg 141w, https:\/\/agora.xtec.cat\/ies-santa-eulalia\/wp-content\/uploads\/usu1612\/2023\/04\/RECOMANACIONS-LLIBRES-1-ESO-2022-2023-483x1024.jpg 483w, https:\/\/agora.xtec.cat\/ies-santa-eulalia\/wp-content\/uploads\/usu1612\/2023\/04\/RECOMANACIONS-LLIBRES-1-ESO-2022-2023-768x1629.jpg 768w, https:\/\/agora.xtec.cat\/ies-santa-eulalia\/wp-content\/uploads\/usu1612\/2023\/04\/RECOMANACIONS-LLIBRES-1-ESO-2022-2023-724x1536.jpg 724w\" sizes=\"auto, (max-width: 943px) 100vw, 943px\" \/><\/a><\/td>\n<td style=\"width: 25%;\"><a href=\"https:\/\/agora.xtec.cat\/ies-santa-eulalia\/wp-content\/uploads\/usu1612\/2023\/04\/Infografia-2n-ESO-1-2_page-0001-1.jpg\"><img loading=\"lazy\" decoding=\"async\" class=\"alignleft size-full wp-image-10188\" src=\"https:\/\/agora.xtec.cat\/ies-santa-eulalia\/wp-content\/uploads\/usu1612\/2023\/04\/Infografia-2n-ESO-1-2_page-0001-1.jpg\" alt=\"\" width=\"875\" height=\"2187\" srcset=\"https:\/\/agora.xtec.cat\/ies-santa-eulalia\/wp-content\/uploads\/usu1612\/2023\/04\/Infografia-2n-ESO-1-2_page-0001-1.jpg 875w, https:\/\/agora.xtec.cat\/ies-santa-eulalia\/wp-content\/uploads\/usu1612\/2023\/04\/Infografia-2n-ESO-1-2_page-0001-1-120x300.jpg 120w, https:\/\/agora.xtec.cat\/ies-santa-eulalia\/wp-content\/uploads\/usu1612\/2023\/04\/Infografia-2n-ESO-1-2_page-0001-1-410x1024.jpg 410w, https:\/\/agora.xtec.cat\/ies-santa-eulalia\/wp-content\/uploads\/usu1612\/2023\/04\/Infografia-2n-ESO-1-2_page-0001-1-768x1920.jpg 768w, https:\/\/agora.xtec.cat\/ies-santa-eulalia\/wp-content\/uploads\/usu1612\/2023\/04\/Infografia-2n-ESO-1-2_page-0001-1-615x1536.jpg 615w, https:\/\/agora.xtec.cat\/ies-santa-eulalia\/wp-content\/uploads\/usu1612\/2023\/04\/Infografia-2n-ESO-1-2_page-0001-1-819x2048.jpg 819w\" sizes=\"auto, (max-width: 875px) 100vw, 875px\" \/><\/a><\/td>\n<td style=\"width: 25%;\"><a href=\"https:\/\/agora.xtec.cat\/ies-santa-eulalia\/wp-content\/uploads\/usu1612\/2023\/04\/Infografia-3r-ESO-1-1.png\"><img loading=\"lazy\" decoding=\"async\" class=\"alignleft size-full wp-image-10185\" src=\"https:\/\/agora.xtec.cat\/ies-santa-eulalia\/wp-content\/uploads\/usu1612\/2023\/04\/Infografia-3r-ESO-1-1.png\" alt=\"\" width=\"1414\" height=\"2000\" srcset=\"https:\/\/agora.xtec.cat\/ies-santa-eulalia\/wp-content\/uploads\/usu1612\/2023\/04\/Infografia-3r-ESO-1-1.png 1414w, https:\/\/agora.xtec.cat\/ies-santa-eulalia\/wp-content\/uploads\/usu1612\/2023\/04\/Infografia-3r-ESO-1-1-212x300.png 212w, https:\/\/agora.xtec.cat\/ies-santa-eulalia\/wp-content\/uploads\/usu1612\/2023\/04\/Infografia-3r-ESO-1-1-724x1024.png 724w, https:\/\/agora.xtec.cat\/ies-santa-eulalia\/wp-content\/uploads\/usu1612\/2023\/04\/Infografia-3r-ESO-1-1-768x1086.png 768w, https:\/\/agora.xtec.cat\/ies-santa-eulalia\/wp-content\/uploads\/usu1612\/2023\/04\/Infografia-3r-ESO-1-1-1086x1536.png 1086w\" sizes=\"auto, (max-width: 1414px) 100vw, 1414px\" \/><\/a><\/td>\n<td style=\"width: 25%;\"><a href=\"https:\/\/agora.xtec.cat\/ies-santa-eulalia\/wp-content\/uploads\/usu1612\/2023\/04\/Infografia-4t_page-0001-scaled.jpg\"><img loading=\"lazy\" decoding=\"async\" class=\"alignleft size-full wp-image-10187\" src=\"https:\/\/agora.xtec.cat\/ies-santa-eulalia\/wp-content\/uploads\/usu1612\/2023\/04\/Infografia-4t_page-0001-scaled.jpg\" alt=\"\" width=\"1024\" height=\"2560\" srcset=\"https:\/\/agora.xtec.cat\/ies-santa-eulalia\/wp-content\/uploads\/usu1612\/2023\/04\/Infografia-4t_page-0001-scaled.jpg 1024w, https:\/\/agora.xtec.cat\/ies-santa-eulalia\/wp-content\/uploads\/usu1612\/2023\/04\/Infografia-4t_page-0001-120x300.jpg 120w, https:\/\/agora.xtec.cat\/ies-santa-eulalia\/wp-content\/uploads\/usu1612\/2023\/04\/Infografia-4t_page-0001-410x1024.jpg 410w, https:\/\/agora.xtec.cat\/ies-santa-eulalia\/wp-content\/uploads\/usu1612\/2023\/04\/Infografia-4t_page-0001-768x1920.jpg 768w, https:\/\/agora.xtec.cat\/ies-santa-eulalia\/wp-content\/uploads\/usu1612\/2023\/04\/Infografia-4t_page-0001-614x1536.jpg 614w, https:\/\/agora.xtec.cat\/ies-santa-eulalia\/wp-content\/uploads\/usu1612\/2023\/04\/Infografia-4t_page-0001-819x2048.jpg 819w\" sizes=\"auto, (max-width: 1024px) 100vw, 1024px\" \/><\/a><\/td>\n<\/tr>\n<\/tbody>\n<\/table>\n","protected":false},"excerpt":{"rendered":"<p>Els nostres alumnes us volen recomanar una s\u00e8rie de lectures en catal\u00e0 i en castell\u00e0 per a aquest Sant Jordi 2022. Esperem que us agradin!! BONA LECTURA!!<br \/>\n&nbsp;<\/p>\n<p><a href=\"https:\/\/agora.xtec.cat\/ies-santa-eulalia\/wp-content\/uploads\/usu1612\/2023\/04\/RECOMANACIONS-LLIBRES-1-ESO-2022-2023.jpg\"><\/a><br \/>\n<a href=\"https:\/\/agora.xtec.cat\/ies-santa-eulalia\/wp-content\/uploads\/usu1612\/2023\/04\/Infografia-2n-ESO-1-2_page-0001-1.jpg\"><\/a><br \/>\n<a href=\"https:\/\/agora.xtec.cat\/ies-santa-eulalia\/wp-content\/uploads\/usu1612\/2023\/04\/Infografia-3r-ESO-1-1.png\"><\/a><br \/>\n<a href=\"https:\/\/agora.xtec.cat\/ies-santa-eulalia\/wp-content\/uploads\/usu1612\/2023\/04\/Infografia-4t_page-0001-scaled.jpg\"><\/a><\/p>\n","protected":false},"author":1,"featured_media":10187,"comment_status":"open","ping_status":"closed","sticky":false,"template":"","format":"standard","meta":{"_bbp_topic_count":0,"_bbp_reply_count":0,"_bbp_total_topic_count":0,"_bbp_total_reply_count":0,"_bbp_voice_count":0,"_bbp_anonymous_reply_count":0,"_bbp_topic_count_hidden":0,"_bbp_reply_count_hidden":0,"_bbp_forum_subforum_count":0,"footnotes":""},"categories":[136,3,1,29],"tags":[441,38],"class_list":["post-10126","post","type-post","status-publish","format-standard","has-post-thumbnail","hentry","category-novetats-catala","category-eso","category-general","category-portada","tag-lectura","tag-sant-jordi"],"post_mailing_queue_ids":[],"_links":{"self":[{"href":"https:\/\/agora.xtec.cat\/ies-santa-eulalia\/wp-json\/wp\/v2\/posts\/10126","targetHints":{"allow":["GET"]}}],"collection":[{"href":"https:\/\/agora.xtec.cat\/ies-santa-eulalia\/wp-json\/wp\/v2\/posts"}],"about":[{"href":"https:\/\/agora.xtec.cat\/ies-santa-eulalia\/wp-json\/wp\/v2\/types\/post"}],"author":[{"embeddable":true,"href":"https:\/\/agora.xtec.cat\/ies-santa-eulalia\/wp-json\/wp\/v2\/users\/1"}],"replies":[{"embeddable":true,"href":"https:\/\/agora.xtec.cat\/ies-santa-eulalia\/wp-json\/wp\/v2\/comments?post=10126"}],"version-history":[{"count":3,"href":"https:\/\/agora.xtec.cat\/ies-santa-eulalia\/wp-json\/wp\/v2\/posts\/10126\/revisions"}],"predecessor-version":[{"id":10189,"href":"https:\/\/agora.xtec.cat\/ies-santa-eulalia\/wp-json\/wp\/v2\/posts\/10126\/revisions\/10189"}],"wp:featuredmedia":[{"embeddable":true,"href":"https:\/\/agora.xtec.cat\/ies-santa-eulalia\/wp-json\/wp\/v2\/media\/10187"}],"wp:attachment":[{"href":"https:\/\/agora.xtec.cat\/ies-santa-eulalia\/wp-json\/wp\/v2\/media?parent=10126"}],"wp:term":[{"taxonomy":"category","embeddable":true,"href":"https:\/\/agora.xtec.cat\/ies-santa-eulalia\/wp-json\/wp\/v2\/categories?post=10126"},{"taxonomy":"post_tag","embeddable":true,"href":"https:\/\/agora.xtec.cat\/ies-santa-eulalia\/wp-json\/wp\/v2\/tags?post=10126"}],"curies":[{"name":"wp","href":"https:\/\/api.w.org\/{rel}","templated":true}]}}