{"id":104,"count":1,"description":"<h3>Coordinacions<\/h3>\r\n<table>\r\n<tbody>\r\n<tr>\r\n<td><strong>Nocturn<\/strong>: SiLVIA mART\u00cdN\r\n\r\n<strong>ESO, 1r cicle<\/strong>:\u00a0B\u00e0rbara de Haro\r\n\r\n<strong>ESO, 2n cicle:<\/strong>\u00a0Mireia Casas\r\n\r\n<strong>Batxillerat i Treball de Recerca<\/strong>: Isabel Freijo\r\n\r\n<strong>LIC i Teatre<\/strong>: Maria Bardia \u00a0(amb la col\u00b7laboraci\u00f3 de Carme Llitj\u00f3s i \u00c0ngels Amor\u00f3s)\r\n\r\n<strong>Inform\u00e0tica<\/strong>: Carles Rodon\r\n\r\n<strong>Web:<\/strong>\u00a0 Arnau Albero, Jordi Alsina, Felipe Mansilla, Rosa Mart\u00ednez,Ra\u00fcl Mesa,Maribel Morales, Olga Silva,\r\n\r\n<strong>Biblioteca<\/strong>: Raquel de la Arada\r\n\r\n<strong>Exposicions temporals<\/strong>: Maria Bardia\r\n\r\n<strong>Riscos Laborals<\/strong>: Felipe Mansilla\r\n\r\n<strong>Mediaci\u00f3:\u00a0<\/strong>Conxi Zurano<\/td>\r\n<\/tr>\r\n<\/tbody>\r\n<\/table>","link":"https:\/\/agora.xtec.cat\/ies-santa-eulalia\/categoria\/equip-directiu\/coordinacions\/","name":"Coordinacions","slug":"coordinacions","taxonomy":"category","parent":103,"meta":[],"_links":{"self":[{"href":"https:\/\/agora.xtec.cat\/ies-santa-eulalia\/wp-json\/wp\/v2\/categories\/104","targetHints":{"allow":["GET"]}}],"collection":[{"href":"https:\/\/agora.xtec.cat\/ies-santa-eulalia\/wp-json\/wp\/v2\/categories"}],"about":[{"href":"https:\/\/agora.xtec.cat\/ies-santa-eulalia\/wp-json\/wp\/v2\/taxonomies\/category"}],"up":[{"embeddable":true,"href":"https:\/\/agora.xtec.cat\/ies-santa-eulalia\/wp-json\/wp\/v2\/categories\/103"}],"wp:post_type":[{"href":"https:\/\/agora.xtec.cat\/ies-santa-eulalia\/wp-json\/wp\/v2\/posts?categories=104"}],"curies":[{"name":"wp","href":"https:\/\/api.w.org\/{rel}","templated":true}]}}