{"id":25859,"date":"2026-08-30T23:52:56","date_gmt":"2026-08-30T21:52:56","guid":{"rendered":"https:\/\/agora.xtec.cat\/ies-sabadell\/?p=25859"},"modified":"2026-08-30T23:54:59","modified_gmt":"2026-08-30T21:54:59","slug":"estrenem-el-musical-moulin-rouge-a-linstitut-sabadell","status":"publish","type":"post","link":"https:\/\/agora.xtec.cat\/ies-sabadell\/general\/estrenem-el-musical-moulin-rouge-a-linstitut-sabadell\/","title":{"rendered":"Estrenem el musical &#8220;Moulin Rouge&#8221; a l&#8217;Institut Sabadell"},"content":{"rendered":"<p style=\"text-align: center;\"><a href=\"https:\/\/agora.xtec.cat\/ies-sabadell\/wp-content\/uploads\/usu405\/2026\/08\/Foto-Moulin-Rouge-article-web_juny-2026.jpeg\"><img loading=\"lazy\" decoding=\"async\" class=\"aligncenter size-medium wp-image-25860\" src=\"https:\/\/agora.xtec.cat\/ies-sabadell\/wp-content\/uploads\/usu405\/2026\/08\/Foto-Moulin-Rouge-article-web_juny-2026-300x225.jpeg\" alt=\"\" width=\"300\" height=\"225\" srcset=\"https:\/\/agora.xtec.cat\/ies-sabadell\/wp-content\/uploads\/usu405\/2026\/08\/Foto-Moulin-Rouge-article-web_juny-2026-300x225.jpeg 300w, https:\/\/agora.xtec.cat\/ies-sabadell\/wp-content\/uploads\/usu405\/2026\/08\/Foto-Moulin-Rouge-article-web_juny-2026-1024x768.jpeg 1024w, https:\/\/agora.xtec.cat\/ies-sabadell\/wp-content\/uploads\/usu405\/2026\/08\/Foto-Moulin-Rouge-article-web_juny-2026-768x576.jpeg 768w, https:\/\/agora.xtec.cat\/ies-sabadell\/wp-content\/uploads\/usu405\/2026\/08\/Foto-Moulin-Rouge-article-web_juny-2026-1536x1152.jpeg 1536w, https:\/\/agora.xtec.cat\/ies-sabadell\/wp-content\/uploads\/usu405\/2026\/08\/Foto-Moulin-Rouge-article-web_juny-2026-200x150.jpeg 200w, https:\/\/agora.xtec.cat\/ies-sabadell\/wp-content\/uploads\/usu405\/2026\/08\/Foto-Moulin-Rouge-article-web_juny-2026.jpeg 1600w\" sizes=\"auto, (max-width: 300px) 100vw, 300px\" \/><\/a><\/p>\n<p>Els alumnes de l&#8217;optativa de Creaci\u00f3 Esc\u00e8nica de 1r de Batxillerat van presentar una versi\u00f3 lliure en angl\u00e8s del musical <span style=\"color: #ff0000;\">&#8220;<\/span><em><strong><span style=\"color: #ff0000;\">Moulin Rouge<\/span><\/strong><\/em><span style=\"color: #ff0000;\">&#8220;<\/span>. La funci\u00f3, oberta al barri i cantada en directe, es va representar al Gimn\u00e0s de l&#8217;Institut Sabadell el mes de juny com a cloenda del treball fet al llarg del curs.<\/p>\n","protected":false},"excerpt":{"rendered":"<p><a href=\"https:\/\/agora.xtec.cat\/ies-sabadell\/wp-content\/uploads\/usu405\/2026\/08\/Foto-Moulin-Rouge-article-web_juny-2026.jpeg\"><\/a><br \/>\nEls alumnes de l&#8217;optativa de Creaci\u00f3 Esc\u00e8nica de 1r de Batxillerat van presentar una versi\u00f3 lliure en angl\u00e8s del musical &#8220;Moulin Rouge&#8220;. La funci\u00f3, oberta al barri i cantada en directe, es va representar al Gimn\u00e0s de l&#8217;Institut Sabadell el mes de juny com&hellip;  <a href=\"https:\/\/agora.xtec.cat\/ies-sabadell\/general\/estrenem-el-musical-moulin-rouge-a-linstitut-sabadell\/\" title=\"Read Estrenem el musical &#8220;Moulin Rouge&#8221; a l&#8217;Institut Sabadell\">Llegeix m\u00e9s\u00bb<\/a><\/p>\n","protected":false},"author":228,"featured_media":25860,"comment_status":"closed","ping_status":"open","sticky":false,"template":"","format":"standard","meta":{"_bbp_topic_count":0,"_bbp_reply_count":0,"_bbp_total_topic_count":0,"_bbp_total_reply_count":0,"_bbp_voice_count":0,"_bbp_anonymous_reply_count":0,"_bbp_topic_count_hidden":0,"_bbp_reply_count_hidden":0,"_bbp_forum_subforum_count":0,"footnotes":""},"categories":[130,74,100,75,73,101,102,227,8,30,3,4,5,6,7,1,314,315,116,29],"tags":[],"class_list":["post-25859","post","type-post","status-publish","format-standard","has-post-thumbnail","hentry","category-ampa","category-batx-1","category-batx-1a","category-batx-1b","category-batx-2","category-batx-2a","category-batx-2b","category-batxillerat-internacional","category-batxillerats","category-cicles-formatius","category-eso","category-eso-1","category-eso-2","category-eso-3","category-eso-4","category-general","category-ib-1","category-ib-2","category-nou","category-portada"],"post_mailing_queue_ids":[],"_links":{"self":[{"href":"https:\/\/agora.xtec.cat\/ies-sabadell\/wp-json\/wp\/v2\/posts\/25859","targetHints":{"allow":["GET"]}}],"collection":[{"href":"https:\/\/agora.xtec.cat\/ies-sabadell\/wp-json\/wp\/v2\/posts"}],"about":[{"href":"https:\/\/agora.xtec.cat\/ies-sabadell\/wp-json\/wp\/v2\/types\/post"}],"author":[{"embeddable":true,"href":"https:\/\/agora.xtec.cat\/ies-sabadell\/wp-json\/wp\/v2\/users\/228"}],"replies":[{"embeddable":true,"href":"https:\/\/agora.xtec.cat\/ies-sabadell\/wp-json\/wp\/v2\/comments?post=25859"}],"version-history":[{"count":2,"href":"https:\/\/agora.xtec.cat\/ies-sabadell\/wp-json\/wp\/v2\/posts\/25859\/revisions"}],"predecessor-version":[{"id":25862,"href":"https:\/\/agora.xtec.cat\/ies-sabadell\/wp-json\/wp\/v2\/posts\/25859\/revisions\/25862"}],"wp:featuredmedia":[{"embeddable":true,"href":"https:\/\/agora.xtec.cat\/ies-sabadell\/wp-json\/wp\/v2\/media\/25860"}],"wp:attachment":[{"href":"https:\/\/agora.xtec.cat\/ies-sabadell\/wp-json\/wp\/v2\/media?parent=25859"}],"wp:term":[{"taxonomy":"category","embeddable":true,"href":"https:\/\/agora.xtec.cat\/ies-sabadell\/wp-json\/wp\/v2\/categories?post=25859"},{"taxonomy":"post_tag","embeddable":true,"href":"https:\/\/agora.xtec.cat\/ies-sabadell\/wp-json\/wp\/v2\/tags?post=25859"}],"curies":[{"name":"wp","href":"https:\/\/api.w.org\/{rel}","templated":true}]}}