{"id":25744,"date":"2026-05-17T11:30:31","date_gmt":"2026-05-17T09:30:31","guid":{"rendered":"https:\/\/agora.xtec.cat\/ies-sabadell\/?p=25744"},"modified":"2026-06-11T11:37:32","modified_gmt":"2026-06-11T09:37:32","slug":"tres-alumnes-de-linstitut-sabadell-fan-una-estada-en-practiques-a-holanda","status":"publish","type":"post","link":"https:\/\/agora.xtec.cat\/ies-sabadell\/general\/tres-alumnes-de-linstitut-sabadell-fan-una-estada-en-practiques-a-holanda\/","title":{"rendered":"Tres alumnes de l\u2019Institut Sabadell fan una estada en pr\u00e0ctiques a Holanda"},"content":{"rendered":"<p>Tres estudiants de l\u2019Institut Sabadell estan realitzant una estada en pr\u00e0ctiques a Holanda en el marc de la col\u00b7laboraci\u00f3 amb un institut holand\u00e8s amb qui desenvolupem <strong><span tabindex=\"0\" role=\"button\" data-url=\"ca:\/\/s?q=Explica_m%C3%A9s_sobre_els_projectes_innovadors\">projectes innovadors<\/span><\/strong>. Durant aquest per\u00edode, l\u2019alumnat participa en el desenvolupament d\u2019un projecte tecnol\u00f2gic real que els permet aplicar coneixements i treballar en un entorn internacional.<\/p>\n<p>A m\u00e9s, els estudiants van prendre part en una <strong>visita a diverses empreses d\u2019Amsterdam<\/strong>, on van con\u00e8ixer models de treball actuals i professionals del sector, ampliant aix\u00ed la seva visi\u00f3 del m\u00f3n laboral.<\/p>\n<p>Aquesta experi\u00e8ncia refor\u00e7a el comprom\u00eds de l\u2019Institut Sabadell amb la <strong><span tabindex=\"0\" role=\"button\" data-url=\"ca:\/\/s?q=Vull_m%C3%A9s_informaci%C3%B3_sobre_mobilitat_internacional\">mobilitat internacional<\/span><\/strong> i amb la formaci\u00f3 d\u2019alumnat preparat per afrontar reptes globals.<\/p>\n<p><a href=\"https:\/\/agora.xtec.cat\/ies-sabadell\/wp-content\/uploads\/usu405\/2026\/06\/1000048916.jpg\"><img loading=\"lazy\" decoding=\"async\" class=\"aligncenter  wp-image-25745\" src=\"https:\/\/agora.xtec.cat\/ies-sabadell\/wp-content\/uploads\/usu405\/2026\/06\/1000048916-300x225.jpg\" alt=\"\" width=\"365\" height=\"274\" srcset=\"https:\/\/agora.xtec.cat\/ies-sabadell\/wp-content\/uploads\/usu405\/2026\/06\/1000048916-300x225.jpg 300w, https:\/\/agora.xtec.cat\/ies-sabadell\/wp-content\/uploads\/usu405\/2026\/06\/1000048916-1024x768.jpg 1024w, https:\/\/agora.xtec.cat\/ies-sabadell\/wp-content\/uploads\/usu405\/2026\/06\/1000048916-768x576.jpg 768w, https:\/\/agora.xtec.cat\/ies-sabadell\/wp-content\/uploads\/usu405\/2026\/06\/1000048916-1536x1152.jpg 1536w, https:\/\/agora.xtec.cat\/ies-sabadell\/wp-content\/uploads\/usu405\/2026\/06\/1000048916-200x150.jpg 200w, https:\/\/agora.xtec.cat\/ies-sabadell\/wp-content\/uploads\/usu405\/2026\/06\/1000048916.jpg 2040w\" sizes=\"auto, (max-width: 365px) 100vw, 365px\" \/><\/a><\/p>\n","protected":false},"excerpt":{"rendered":"<p>Tres estudiants de l\u2019Institut Sabadell estan realitzant una estada en pr\u00e0ctiques a Holanda en el marc de la col\u00b7laboraci\u00f3 amb un institut holand\u00e8s amb qui desenvolupem projectes innovadors. Durant aquest per\u00edode, l\u2019alumnat participa en el desenvolupament d\u2019un projecte tecnol\u00f2gic real que els permet aplicar coneixements&hellip;  <a href=\"https:\/\/agora.xtec.cat\/ies-sabadell\/general\/tres-alumnes-de-linstitut-sabadell-fan-una-estada-en-practiques-a-holanda\/\" title=\"Read Tres alumnes de l\u2019Institut Sabadell fan una estada en pr\u00e0ctiques a Holanda\">Llegeix m\u00e9s\u00bb<\/a><\/p>\n","protected":false},"author":185,"featured_media":25746,"comment_status":"closed","ping_status":"open","sticky":false,"template":"","format":"standard","meta":{"_bbp_topic_count":0,"_bbp_reply_count":0,"_bbp_total_topic_count":0,"_bbp_total_reply_count":0,"_bbp_voice_count":0,"_bbp_anonymous_reply_count":0,"_bbp_topic_count_hidden":0,"_bbp_reply_count_hidden":0,"_bbp_forum_subforum_count":0,"footnotes":""},"categories":[1,279,219,116],"tags":[136,202,362,193,342,341,255,368],"class_list":["post-25744","post","type-post","status-publish","format-standard","has-post-thumbnail","hentry","category-general","category-gm-i-gs","category-internacional","category-nou","tag-dam","tag-damvi","tag-erasmus-plus","tag-erasmus","tag-erasmusplus","tag-innovacio","tag-mobilitat","tag-mobilitat-internacional"],"post_mailing_queue_ids":[],"_links":{"self":[{"href":"https:\/\/agora.xtec.cat\/ies-sabadell\/wp-json\/wp\/v2\/posts\/25744","targetHints":{"allow":["GET"]}}],"collection":[{"href":"https:\/\/agora.xtec.cat\/ies-sabadell\/wp-json\/wp\/v2\/posts"}],"about":[{"href":"https:\/\/agora.xtec.cat\/ies-sabadell\/wp-json\/wp\/v2\/types\/post"}],"author":[{"embeddable":true,"href":"https:\/\/agora.xtec.cat\/ies-sabadell\/wp-json\/wp\/v2\/users\/185"}],"replies":[{"embeddable":true,"href":"https:\/\/agora.xtec.cat\/ies-sabadell\/wp-json\/wp\/v2\/comments?post=25744"}],"version-history":[{"count":1,"href":"https:\/\/agora.xtec.cat\/ies-sabadell\/wp-json\/wp\/v2\/posts\/25744\/revisions"}],"predecessor-version":[{"id":25747,"href":"https:\/\/agora.xtec.cat\/ies-sabadell\/wp-json\/wp\/v2\/posts\/25744\/revisions\/25747"}],"wp:featuredmedia":[{"embeddable":true,"href":"https:\/\/agora.xtec.cat\/ies-sabadell\/wp-json\/wp\/v2\/media\/25746"}],"wp:attachment":[{"href":"https:\/\/agora.xtec.cat\/ies-sabadell\/wp-json\/wp\/v2\/media?parent=25744"}],"wp:term":[{"taxonomy":"category","embeddable":true,"href":"https:\/\/agora.xtec.cat\/ies-sabadell\/wp-json\/wp\/v2\/categories?post=25744"},{"taxonomy":"post_tag","embeddable":true,"href":"https:\/\/agora.xtec.cat\/ies-sabadell\/wp-json\/wp\/v2\/tags?post=25744"}],"curies":[{"name":"wp","href":"https:\/\/api.w.org\/{rel}","templated":true}]}}