{"id":25652,"date":"2026-04-29T09:11:17","date_gmt":"2026-04-29T07:11:17","guid":{"rendered":"https:\/\/agora.xtec.cat\/ies-sabadell\/?p=25652"},"modified":"2026-04-29T09:11:43","modified_gmt":"2026-04-29T07:11:43","slug":"els-alumnes-de-smx1-visiten-la-planta-logistica-damazon-bcn1","status":"publish","type":"post","link":"https:\/\/agora.xtec.cat\/ies-sabadell\/general\/els-alumnes-de-smx1-visiten-la-planta-logistica-damazon-bcn1\/","title":{"rendered":"Els alumnes de SMX1 visiten la planta log\u00edstica d&#8217;Amazon BCN1"},"content":{"rendered":"<p>Els alumnes de primer curs de SMX van tenir l&#8217;oportunitat de visitar la planta log\u00edstica d&#8217;Amazon BCN1, on van poder descobrir com s&#8217;organitza i gestiona un dels centres de distribuci\u00f3 m\u00e9s grans de la companyia a Catalunya. L&#8217;alumnat va poder con\u00e8ixer de primera m\u00e0 com funciona un dels centres log\u00edstics m\u00e9s avan\u00e7ats del m\u00f3n, des de l&#8217;entrada del producte fins a la seva sortida.<\/p>\n<p>Durant la visita, els estudiants van rec\u00f3rrer totes les fases del proc\u00e9s log\u00edstic: des de la recepci\u00f3 de la mercaderia fins a l&#8217;enviament final. Van observar en directe com els articles entren a les instal\u00b7lacions, es classifiquen, s&#8217;emmagatzemen i es preparen per a la seva distribuci\u00f3.<\/p>\n<p>Un dels aspectes que m\u00e9s va cridar l&#8217;atenci\u00f3 de l&#8217;alumnat va ser el sistema de seguretat laboral de la planta, amb protocols molt estrictes per garantir el benestar dels treballadors en tot moment. A m\u00e9s, van con\u00e8ixer la tecnologia i els sistemes automatitzats que Amazon utilitza per optimitzar cada part del proc\u00e9s.<\/p>\n<p>Tot el proc\u00e9s \u00e9s an\u00f2nim: els empleats mai saben qui \u00e9s el client que rep el paquet, i els enviaments surten de la planta sense que ning\u00fa conegui el seu dest\u00ed final. Aquesta privacitat forma part del model de negoci d&#8217;Amazon i va generar un debat molt interessant entre l&#8217;alumnat sobre la gesti\u00f3 de dades, la privacitat i l&#8217;organitzaci\u00f3 empresarial a gran escala.<\/p>\n<p><a href=\"https:\/\/agora.xtec.cat\/ies-sabadell\/wp-content\/uploads\/usu405\/2026\/04\/1SMX-D-Sortida-Amazon-BCN1-foto-3.jpg\"><img loading=\"lazy\" decoding=\"async\" class=\"alignleft wp-image-25654\" src=\"https:\/\/agora.xtec.cat\/ies-sabadell\/wp-content\/uploads\/usu405\/2026\/04\/1SMX-D-Sortida-Amazon-BCN1-foto-3-300x225.jpg\" alt=\"\" width=\"250\" height=\"188\" srcset=\"https:\/\/agora.xtec.cat\/ies-sabadell\/wp-content\/uploads\/usu405\/2026\/04\/1SMX-D-Sortida-Amazon-BCN1-foto-3-300x225.jpg 300w, https:\/\/agora.xtec.cat\/ies-sabadell\/wp-content\/uploads\/usu405\/2026\/04\/1SMX-D-Sortida-Amazon-BCN1-foto-3-1024x769.jpg 1024w, https:\/\/agora.xtec.cat\/ies-sabadell\/wp-content\/uploads\/usu405\/2026\/04\/1SMX-D-Sortida-Amazon-BCN1-foto-3-768x576.jpg 768w, https:\/\/agora.xtec.cat\/ies-sabadell\/wp-content\/uploads\/usu405\/2026\/04\/1SMX-D-Sortida-Amazon-BCN1-foto-3-1536x1153.jpg 1536w, https:\/\/agora.xtec.cat\/ies-sabadell\/wp-content\/uploads\/usu405\/2026\/04\/1SMX-D-Sortida-Amazon-BCN1-foto-3-200x150.jpg 200w, https:\/\/agora.xtec.cat\/ies-sabadell\/wp-content\/uploads\/usu405\/2026\/04\/1SMX-D-Sortida-Amazon-BCN1-foto-3.jpg 1600w\" sizes=\"auto, (max-width: 250px) 100vw, 250px\" \/><\/a> <a href=\"https:\/\/agora.xtec.cat\/ies-sabadell\/wp-content\/uploads\/usu405\/2026\/04\/1SMX-D-Sortida-Amazon-BCN1-foto-4.jpg\"><img loading=\"lazy\" decoding=\"async\" class=\"alignleft wp-image-25655\" src=\"https:\/\/agora.xtec.cat\/ies-sabadell\/wp-content\/uploads\/usu405\/2026\/04\/1SMX-D-Sortida-Amazon-BCN1-foto-4-300x225.jpg\" alt=\"\" width=\"250\" height=\"188\" srcset=\"https:\/\/agora.xtec.cat\/ies-sabadell\/wp-content\/uploads\/usu405\/2026\/04\/1SMX-D-Sortida-Amazon-BCN1-foto-4-300x225.jpg 300w, https:\/\/agora.xtec.cat\/ies-sabadell\/wp-content\/uploads\/usu405\/2026\/04\/1SMX-D-Sortida-Amazon-BCN1-foto-4-1024x769.jpg 1024w, https:\/\/agora.xtec.cat\/ies-sabadell\/wp-content\/uploads\/usu405\/2026\/04\/1SMX-D-Sortida-Amazon-BCN1-foto-4-768x576.jpg 768w, https:\/\/agora.xtec.cat\/ies-sabadell\/wp-content\/uploads\/usu405\/2026\/04\/1SMX-D-Sortida-Amazon-BCN1-foto-4-1536x1153.jpg 1536w, https:\/\/agora.xtec.cat\/ies-sabadell\/wp-content\/uploads\/usu405\/2026\/04\/1SMX-D-Sortida-Amazon-BCN1-foto-4-200x150.jpg 200w, https:\/\/agora.xtec.cat\/ies-sabadell\/wp-content\/uploads\/usu405\/2026\/04\/1SMX-D-Sortida-Amazon-BCN1-foto-4.jpg 1600w\" sizes=\"auto, (max-width: 250px) 100vw, 250px\" \/><\/a> <a href=\"https:\/\/agora.xtec.cat\/ies-sabadell\/wp-content\/uploads\/usu405\/2026\/04\/IMG_4088.jpeg\"><img loading=\"lazy\" decoding=\"async\" class=\"alignleft wp-image-25656\" src=\"https:\/\/agora.xtec.cat\/ies-sabadell\/wp-content\/uploads\/usu405\/2026\/04\/IMG_4088-300x225.jpeg\" alt=\"\" width=\"250\" height=\"188\" srcset=\"https:\/\/agora.xtec.cat\/ies-sabadell\/wp-content\/uploads\/usu405\/2026\/04\/IMG_4088-300x225.jpeg 300w, https:\/\/agora.xtec.cat\/ies-sabadell\/wp-content\/uploads\/usu405\/2026\/04\/IMG_4088-200x150.jpeg 200w, https:\/\/agora.xtec.cat\/ies-sabadell\/wp-content\/uploads\/usu405\/2026\/04\/IMG_4088.jpeg 640w\" sizes=\"auto, (max-width: 250px) 100vw, 250px\" \/><\/a> <a href=\"https:\/\/agora.xtec.cat\/ies-sabadell\/wp-content\/uploads\/usu405\/2026\/04\/IMG_4091-rotated.jpeg\"><img loading=\"lazy\" decoding=\"async\" class=\"alignleft wp-image-25657\" src=\"https:\/\/agora.xtec.cat\/ies-sabadell\/wp-content\/uploads\/usu405\/2026\/04\/IMG_4091-150x150.jpeg\" alt=\"\" width=\"250\" height=\"188\" srcset=\"https:\/\/agora.xtec.cat\/ies-sabadell\/wp-content\/uploads\/usu405\/2026\/04\/IMG_4091-300x225.jpeg 300w, https:\/\/agora.xtec.cat\/ies-sabadell\/wp-content\/uploads\/usu405\/2026\/04\/IMG_4091-200x150.jpeg 200w, https:\/\/agora.xtec.cat\/ies-sabadell\/wp-content\/uploads\/usu405\/2026\/04\/IMG_4091-rotated.jpeg 640w\" sizes=\"auto, (max-width: 250px) 100vw, 250px\" \/><\/a><img loading=\"lazy\" decoding=\"async\" class=\"alignleft wp-image-25660\" src=\"https:\/\/agora.xtec.cat\/ies-sabadell\/wp-content\/uploads\/usu405\/2026\/04\/20260421_122816_11zon-150x150.jpg\" alt=\"\" width=\"250\" height=\"188\" srcset=\"https:\/\/agora.xtec.cat\/ies-sabadell\/wp-content\/uploads\/usu405\/2026\/04\/20260421_122816_11zon-300x225.jpg 300w, https:\/\/agora.xtec.cat\/ies-sabadell\/wp-content\/uploads\/usu405\/2026\/04\/20260421_122816_11zon-1024x768.jpg 1024w, https:\/\/agora.xtec.cat\/ies-sabadell\/wp-content\/uploads\/usu405\/2026\/04\/20260421_122816_11zon-768x576.jpg 768w, https:\/\/agora.xtec.cat\/ies-sabadell\/wp-content\/uploads\/usu405\/2026\/04\/20260421_122816_11zon-1536x1152.jpg 1536w, https:\/\/agora.xtec.cat\/ies-sabadell\/wp-content\/uploads\/usu405\/2026\/04\/20260421_122816_11zon-2048x1536.jpg 2048w, https:\/\/agora.xtec.cat\/ies-sabadell\/wp-content\/uploads\/usu405\/2026\/04\/20260421_122816_11zon-200x150.jpg 200w\" sizes=\"auto, (max-width: 250px) 100vw, 250px\" \/><a href=\"https:\/\/agora.xtec.cat\/ies-sabadell\/wp-content\/uploads\/usu405\/2026\/04\/IMG_4097.jpeg\"><img loading=\"lazy\" decoding=\"async\" class=\"alignleft wp-image-25659\" src=\"https:\/\/agora.xtec.cat\/ies-sabadell\/wp-content\/uploads\/usu405\/2026\/04\/IMG_4097-150x150.jpeg\" alt=\"\" width=\"250\" height=\"188\" srcset=\"https:\/\/agora.xtec.cat\/ies-sabadell\/wp-content\/uploads\/usu405\/2026\/04\/IMG_4097-300x225.jpeg 300w, https:\/\/agora.xtec.cat\/ies-sabadell\/wp-content\/uploads\/usu405\/2026\/04\/IMG_4097-200x150.jpeg 200w, https:\/\/agora.xtec.cat\/ies-sabadell\/wp-content\/uploads\/usu405\/2026\/04\/IMG_4097.jpeg 640w\" sizes=\"auto, (max-width: 250px) 100vw, 250px\" \/><\/a><img loading=\"lazy\" decoding=\"async\" class=\"alignleft wp-image-25658\" src=\"https:\/\/agora.xtec.cat\/ies-sabadell\/wp-content\/uploads\/usu405\/2026\/04\/IMG_4093-150x150.jpeg\" alt=\"\" width=\"250\" height=\"333\" srcset=\"https:\/\/agora.xtec.cat\/ies-sabadell\/wp-content\/uploads\/usu405\/2026\/04\/IMG_4093-225x300.jpeg 225w, https:\/\/agora.xtec.cat\/ies-sabadell\/wp-content\/uploads\/usu405\/2026\/04\/IMG_4093-rotated.jpeg 480w\" sizes=\"auto, (max-width: 250px) 100vw, 250px\" \/><img loading=\"lazy\" decoding=\"async\" class=\"alignleft wp-image-25653\" src=\"https:\/\/agora.xtec.cat\/ies-sabadell\/wp-content\/uploads\/usu405\/2026\/04\/1SMX-D-Sortida-Amazon-BCN1-foto-1-150x150.jpg\" alt=\"\" width=\"250\" height=\"333\" srcset=\"https:\/\/agora.xtec.cat\/ies-sabadell\/wp-content\/uploads\/usu405\/2026\/04\/1SMX-D-Sortida-Amazon-BCN1-foto-1-225x300.jpg 225w, https:\/\/agora.xtec.cat\/ies-sabadell\/wp-content\/uploads\/usu405\/2026\/04\/1SMX-D-Sortida-Amazon-BCN1-foto-1-769x1024.jpg 769w, https:\/\/agora.xtec.cat\/ies-sabadell\/wp-content\/uploads\/usu405\/2026\/04\/1SMX-D-Sortida-Amazon-BCN1-foto-1-768x1023.jpg 768w, https:\/\/agora.xtec.cat\/ies-sabadell\/wp-content\/uploads\/usu405\/2026\/04\/1SMX-D-Sortida-Amazon-BCN1-foto-1-1153x1536.jpg 1153w, https:\/\/agora.xtec.cat\/ies-sabadell\/wp-content\/uploads\/usu405\/2026\/04\/1SMX-D-Sortida-Amazon-BCN1-foto-1.jpg 1201w\" sizes=\"auto, (max-width: 250px) 100vw, 250px\" \/><\/p>\n","protected":false},"excerpt":{"rendered":"<p>Els alumnes de primer curs de SMX van tenir l&#8217;oportunitat de visitar la planta log\u00edstica d&#8217;Amazon BCN1, on van poder descobrir com s&#8217;organitza i gestiona un dels centres de distribuci\u00f3 m\u00e9s grans de la companyia a Catalunya. L&#8217;alumnat va poder con\u00e8ixer de primera m\u00e0 com&hellip;  <a href=\"https:\/\/agora.xtec.cat\/ies-sabadell\/general\/els-alumnes-de-smx1-visiten-la-planta-logistica-damazon-bcn1\/\" title=\"Read Els alumnes de SMX1 visiten la planta log\u00edstica d&#8217;Amazon BCN1\">Llegeix m\u00e9s\u00bb<\/a><\/p>\n","protected":false},"author":695,"featured_media":0,"comment_status":"closed","ping_status":"open","sticky":false,"template":"","format":"standard","meta":{"_bbp_topic_count":0,"_bbp_reply_count":0,"_bbp_total_topic_count":0,"_bbp_total_reply_count":0,"_bbp_voice_count":0,"_bbp_anonymous_reply_count":0,"_bbp_topic_count_hidden":0,"_bbp_reply_count_hidden":0,"_bbp_forum_subforum_count":0,"footnotes":""},"categories":[30,1,60,116,29,124],"tags":[],"class_list":["post-25652","post","type-post","status-publish","format-standard","hentry","category-cicles-formatius","category-general","category-grau-mitja","category-nou","category-portada","category-smx"],"post_mailing_queue_ids":[],"_links":{"self":[{"href":"https:\/\/agora.xtec.cat\/ies-sabadell\/wp-json\/wp\/v2\/posts\/25652","targetHints":{"allow":["GET"]}}],"collection":[{"href":"https:\/\/agora.xtec.cat\/ies-sabadell\/wp-json\/wp\/v2\/posts"}],"about":[{"href":"https:\/\/agora.xtec.cat\/ies-sabadell\/wp-json\/wp\/v2\/types\/post"}],"author":[{"embeddable":true,"href":"https:\/\/agora.xtec.cat\/ies-sabadell\/wp-json\/wp\/v2\/users\/695"}],"replies":[{"embeddable":true,"href":"https:\/\/agora.xtec.cat\/ies-sabadell\/wp-json\/wp\/v2\/comments?post=25652"}],"version-history":[{"count":5,"href":"https:\/\/agora.xtec.cat\/ies-sabadell\/wp-json\/wp\/v2\/posts\/25652\/revisions"}],"predecessor-version":[{"id":25665,"href":"https:\/\/agora.xtec.cat\/ies-sabadell\/wp-json\/wp\/v2\/posts\/25652\/revisions\/25665"}],"wp:attachment":[{"href":"https:\/\/agora.xtec.cat\/ies-sabadell\/wp-json\/wp\/v2\/media?parent=25652"}],"wp:term":[{"taxonomy":"category","embeddable":true,"href":"https:\/\/agora.xtec.cat\/ies-sabadell\/wp-json\/wp\/v2\/categories?post=25652"},{"taxonomy":"post_tag","embeddable":true,"href":"https:\/\/agora.xtec.cat\/ies-sabadell\/wp-json\/wp\/v2\/tags?post=25652"}],"curies":[{"name":"wp","href":"https:\/\/api.w.org\/{rel}","templated":true}]}}