{"id":25579,"date":"2026-04-17T09:34:28","date_gmt":"2026-04-17T07:34:28","guid":{"rendered":"https:\/\/agora.xtec.cat\/ies-sabadell\/?p=25579"},"modified":"2026-04-17T09:35:45","modified_gmt":"2026-04-17T07:35:45","slug":"el-cor-tecnologic-de-catalunya-lalumnat-de-1r-curs-de-cfgs-asix-visita-el-ctti","status":"publish","type":"post","link":"https:\/\/agora.xtec.cat\/ies-sabadell\/portada\/el-cor-tecnologic-de-catalunya-lalumnat-de-1r-curs-de-cfgs-asix-visita-el-ctti\/","title":{"rendered":"El cor tecnol\u00f2gic de Catalunya: L&#8217;alumnat de 1r curs de CFGS ASIX visita el CTTI"},"content":{"rendered":"<p>Ahir, dijous 16, L&#8217;alumnat de 1r de Grau Superior en Administraci\u00f3 de Sistemes Inform\u00e0tics en Xarxa (ASIX) va realitzar una visita t\u00e8cnica al Centre de Telecomunicacions i Tecnologies de la Informaci\u00f3 (CTTI), el nucli tecnol\u00f2gic de la Generalitat de Catalunya. L&#8217;objectiu de la jornada va ser con\u00e8ixer de prop la gesti\u00f3 d&#8217;infraestructures cr\u00edtiques en un entorn real i professional.<\/p>\n<p>Durant la visita, el grup va accedir a la sala de control, on van observar en directe el monitoratge dels serveis digitals i la gesti\u00f3 d&#8217;incid\u00e8ncies en temps real. Aquesta experi\u00e8ncia va permetre als estudiants comprendre la import\u00e0ncia de la seguretat i la disponibilitat en xarxes de gran envergadura.<\/p>\n<p>Posteriorment, la visita es va centrar en el Centre de Processament de Dades (CPD). En aquest espai restringit, l&#8217;alumnat va poder analitzar la disposici\u00f3 f\u00edsica dels servidors, els sistemes d&#8217;emmagatzematge i el cablatge estructurat. Tamb\u00e9 es van examinar aspectes claus de la infraestructura, com la redund\u00e0ncia el\u00e8ctrica, la refrigeraci\u00f3 industrial i els sistemes de protecci\u00f3 contra incendis, fonamentals per garantir la resili\u00e8ncia del maquinari.<\/p>\n\r\n\t<div class=\"slideshow_container slideshow_container_style-light\" style=\" \" data-slideshow-id=\"25590\" data-style-name=\"style-light\" data-style-version=\"2.3.1\" >\r\n\r\n\t\t\t\t\t<div class=\"slideshow_loading_icon\"><\/div>\r\n\t\t\r\n\t\t<div class=\"slideshow_content\" style=\"display: none;\">\r\n\r\n\t\t\t<div class=\"slideshow_view\">\r\n\t\t\t\t<div class=\"slideshow_slide slideshow_slide_image\">\r\n\t\t\t\t\t\t\t\t\t\t\t<img src=\"https:\/\/agora.xtec.cat\/ies-sabadell\/wp-content\/uploads\/usu405\/2026\/04\/IMG_2668-scaled.jpeg\" alt=\"IMG_2668\" width=\"2560\" height=\"1440\" \/>\r\n\t\t\t\t\t\t\t\t\t\t<div class=\"slideshow_description_box slideshow_transparent\">\r\n\t\t\t\t\t\t<div class=\"slideshow_title\">IMG_2668<\/div>\t\t\t\t\t\t\t\t\t\t\t<\/div>\r\n\t\t\t\t<\/div>\r\n\r\n\t\t\t\t\t\t<div style=\"clear: both;\"><\/div><\/div><div class=\"slideshow_view\">\r\n\t\t\t\t<div class=\"slideshow_slide slideshow_slide_image\">\r\n\t\t\t\t\t\t\t\t\t\t\t<img src=\"https:\/\/agora.xtec.cat\/ies-sabadell\/wp-content\/uploads\/usu405\/2026\/04\/IMG_2670.jpeg\" alt=\"IMG_2670\" width=\"2016\" height=\"1134\" \/>\r\n\t\t\t\t\t\t\t\t\t\t<div class=\"slideshow_description_box slideshow_transparent\">\r\n\t\t\t\t\t\t<div class=\"slideshow_title\">IMG_2670<\/div>\t\t\t\t\t\t\t\t\t\t\t<\/div>\r\n\t\t\t\t<\/div>\r\n\r\n\t\t\t\t\t\t<div style=\"clear: both;\"><\/div><\/div><div class=\"slideshow_view\">\r\n\t\t\t\t<div class=\"slideshow_slide slideshow_slide_image\">\r\n\t\t\t\t\t\t\t\t\t\t\t<img src=\"https:\/\/agora.xtec.cat\/ies-sabadell\/wp-content\/uploads\/usu405\/2026\/04\/IMG_2669-scaled.jpeg\" alt=\"IMG_2669\" width=\"2560\" height=\"1440\" \/>\r\n\t\t\t\t\t\t\t\t\t\t<div class=\"slideshow_description_box slideshow_transparent\">\r\n\t\t\t\t\t\t<div class=\"slideshow_title\">IMG_2669<\/div>\t\t\t\t\t\t\t\t\t\t\t<\/div>\r\n\t\t\t\t<\/div>\r\n\r\n\t\t\t\t\t\t<div style=\"clear: both;\"><\/div><\/div><div class=\"slideshow_view\">\r\n\t\t\t\t<div class=\"slideshow_slide slideshow_slide_image\">\r\n\t\t\t\t\t\t\t\t\t\t\t<img src=\"https:\/\/agora.xtec.cat\/ies-sabadell\/wp-content\/uploads\/usu405\/2026\/04\/FullSizeRender.jpeg\" alt=\"FullSizeRender\" width=\"2016\" height=\"1134\" \/>\r\n\t\t\t\t\t\t\t\t\t\t<div class=\"slideshow_description_box slideshow_transparent\">\r\n\t\t\t\t\t\t<div class=\"slideshow_title\">FullSizeRender<\/div>\t\t\t\t\t\t\t\t\t\t\t<\/div>\r\n\t\t\t\t<\/div>\r\n\r\n\t\t\t\t\t\t<div style=\"clear: both;\"><\/div><\/div><div class=\"slideshow_view\">\r\n\t\t\t\t<div class=\"slideshow_slide slideshow_slide_image\">\r\n\t\t\t\t\t\t\t\t\t\t\t<img src=\"https:\/\/agora.xtec.cat\/ies-sabadell\/wp-content\/uploads\/usu405\/2026\/04\/FullSizeRender3-scaled.jpeg\" alt=\"FullSizeRender(3)\" width=\"2560\" height=\"1440\" \/>\r\n\t\t\t\t\t\t\t\t\t\t<div class=\"slideshow_description_box slideshow_transparent\">\r\n\t\t\t\t\t\t<div class=\"slideshow_title\">FullSizeRender(3)<\/div>\t\t\t\t\t\t\t\t\t\t\t<\/div>\r\n\t\t\t\t<\/div>\r\n\r\n\t\t\t\t\t\t<div style=\"clear: both;\"><\/div><\/div><div class=\"slideshow_view\">\r\n\t\t\t\t<div class=\"slideshow_slide slideshow_slide_image\">\r\n\t\t\t\t\t\t\t\t\t\t\t<img src=\"https:\/\/agora.xtec.cat\/ies-sabadell\/wp-content\/uploads\/usu405\/2026\/04\/FullSizeRender4-scaled.jpeg\" alt=\"FullSizeRender(4)\" width=\"2560\" height=\"1440\" \/>\r\n\t\t\t\t\t\t\t\t\t\t<div class=\"slideshow_description_box slideshow_transparent\">\r\n\t\t\t\t\t\t<div class=\"slideshow_title\">FullSizeRender(4)<\/div>\t\t\t\t\t\t\t\t\t\t\t<\/div>\r\n\t\t\t\t<\/div>\r\n\r\n\t\t\t\t\t\t<div style=\"clear: both;\"><\/div><\/div><div class=\"slideshow_view\">\r\n\t\t\t\t<div class=\"slideshow_slide slideshow_slide_image\">\r\n\t\t\t\t\t\t\t\t\t\t\t<img src=\"https:\/\/agora.xtec.cat\/ies-sabadell\/wp-content\/uploads\/usu405\/2026\/04\/FullSizeRender2-scaled.jpeg\" alt=\"FullSizeRender(2)\" width=\"1440\" height=\"2560\" \/>\r\n\t\t\t\t\t\t\t\t\t\t<div class=\"slideshow_description_box slideshow_transparent\">\r\n\t\t\t\t\t\t<div class=\"slideshow_title\">FullSizeRender(2)<\/div>\t\t\t\t\t\t\t\t\t\t\t<\/div>\r\n\t\t\t\t<\/div>\r\n\r\n\t\t\t\t\t\t<div style=\"clear: both;\"><\/div><\/div><div class=\"slideshow_view\">\r\n\t\t\t\t<div class=\"slideshow_slide slideshow_slide_image\">\r\n\t\t\t\t\t\t\t\t\t\t\t<img src=\"https:\/\/agora.xtec.cat\/ies-sabadell\/wp-content\/uploads\/usu405\/2026\/04\/FullSizeRender1-scaled.jpeg\" alt=\"FullSizeRender(1)\" width=\"2560\" height=\"1440\" \/>\r\n\t\t\t\t\t\t\t\t\t\t<div class=\"slideshow_description_box slideshow_transparent\">\r\n\t\t\t\t\t\t<div class=\"slideshow_title\">FullSizeRender(1)<\/div>\t\t\t\t\t\t\t\t\t\t\t<\/div>\r\n\t\t\t\t<\/div>\r\n\r\n\t\t\t\t\t\t<div style=\"clear: both;\"><\/div><\/div><div class=\"slideshow_view\">\r\n\t\t\t\t<div class=\"slideshow_slide slideshow_slide_image\">\r\n\t\t\t\t\t\t\t\t\t\t\t<img src=\"https:\/\/agora.xtec.cat\/ies-sabadell\/wp-content\/uploads\/usu405\/2026\/04\/IMG_0154-scaled.jpeg\" alt=\"IMG_0154\" width=\"2560\" height=\"1920\" \/>\r\n\t\t\t\t\t\t\t\t\t\t<div class=\"slideshow_description_box slideshow_transparent\">\r\n\t\t\t\t\t\t<div class=\"slideshow_title\">IMG_0154<\/div>\t\t\t\t\t\t\t\t\t\t\t<\/div>\r\n\t\t\t\t<\/div>\r\n\r\n\t\t\t\t\t\t<div style=\"clear: both;\"><\/div><\/div>\r\n\t\t<\/div>\r\n\r\n\t\t<div class=\"slideshow_controlPanel slideshow_transparent\" style=\"display: none;\"><ul><li class=\"slideshow_togglePlay\" data-play-text=\"Visualitza\" data-pause-text=\"Pausa\"><\/li><\/ul><\/div>\r\n\r\n\t\t<div class=\"slideshow_button slideshow_previous slideshow_transparent\" role=\"button\" data-previous-text=\"Anterior\" style=\"display: none;\"><\/div>\r\n\t\t<div class=\"slideshow_button slideshow_next slideshow_transparent\" role=\"button\" data-next-text=\"Seg\u00fcent\" style=\"display: none;\"><\/div>\r\n\r\n\t\t<div class=\"slideshow_pagination\" style=\"display: none;\" data-go-to-text=\"V\u00e9s a la diapositiva\"><div class=\"slideshow_pagination_center\"><\/div><\/div>\r\n\r\n\t\t<!-- WordPress Slideshow Version 2.3.1 -->\r\n\r\n\t\t\t<\/div>\r\n\r\n\n<p>&nbsp;<\/p>\n","protected":false},"excerpt":{"rendered":"<p>Ahir, dijous 16, L&#8217;alumnat de 1r de Grau Superior en Administraci\u00f3 de Sistemes Inform\u00e0tics en Xarxa (ASIX) va realitzar una visita t\u00e8cnica al Centre de Telecomunicacions i Tecnologies de la Informaci\u00f3 (CTTI), el nucli tecnol\u00f2gic de la Generalitat de Catalunya. L&#8217;objectiu de la jornada va&hellip;  <a href=\"https:\/\/agora.xtec.cat\/ies-sabadell\/portada\/el-cor-tecnologic-de-catalunya-lalumnat-de-1r-curs-de-cfgs-asix-visita-el-ctti\/\" title=\"Read El cor tecnol\u00f2gic de Catalunya: L&#8217;alumnat de 1r curs de CFGS ASIX visita el CTTI\">Llegeix m\u00e9s\u00bb<\/a><\/p>\n","protected":false},"author":633,"featured_media":25583,"comment_status":"closed","ping_status":"open","sticky":false,"template":"","format":"standard","meta":{"_bbp_topic_count":0,"_bbp_reply_count":0,"_bbp_total_topic_count":0,"_bbp_total_reply_count":0,"_bbp_voice_count":0,"_bbp_anonymous_reply_count":0,"_bbp_topic_count_hidden":0,"_bbp_reply_count_hidden":0,"_bbp_forum_subforum_count":0,"footnotes":""},"categories":[63,30,61,116,29],"tags":[135,328,200,398],"class_list":["post-25579","post","type-post","status-publish","format-standard","has-post-thumbnail","hentry","category-asix","category-cicles-formatius","category-grau-superior","category-nou","category-portada","tag-asix","tag-asix1","tag-ccff","tag-ctti"],"post_mailing_queue_ids":[],"_links":{"self":[{"href":"https:\/\/agora.xtec.cat\/ies-sabadell\/wp-json\/wp\/v2\/posts\/25579","targetHints":{"allow":["GET"]}}],"collection":[{"href":"https:\/\/agora.xtec.cat\/ies-sabadell\/wp-json\/wp\/v2\/posts"}],"about":[{"href":"https:\/\/agora.xtec.cat\/ies-sabadell\/wp-json\/wp\/v2\/types\/post"}],"author":[{"embeddable":true,"href":"https:\/\/agora.xtec.cat\/ies-sabadell\/wp-json\/wp\/v2\/users\/633"}],"replies":[{"embeddable":true,"href":"https:\/\/agora.xtec.cat\/ies-sabadell\/wp-json\/wp\/v2\/comments?post=25579"}],"version-history":[{"count":2,"href":"https:\/\/agora.xtec.cat\/ies-sabadell\/wp-json\/wp\/v2\/posts\/25579\/revisions"}],"predecessor-version":[{"id":25591,"href":"https:\/\/agora.xtec.cat\/ies-sabadell\/wp-json\/wp\/v2\/posts\/25579\/revisions\/25591"}],"wp:featuredmedia":[{"embeddable":true,"href":"https:\/\/agora.xtec.cat\/ies-sabadell\/wp-json\/wp\/v2\/media\/25583"}],"wp:attachment":[{"href":"https:\/\/agora.xtec.cat\/ies-sabadell\/wp-json\/wp\/v2\/media?parent=25579"}],"wp:term":[{"taxonomy":"category","embeddable":true,"href":"https:\/\/agora.xtec.cat\/ies-sabadell\/wp-json\/wp\/v2\/categories?post=25579"},{"taxonomy":"post_tag","embeddable":true,"href":"https:\/\/agora.xtec.cat\/ies-sabadell\/wp-json\/wp\/v2\/tags?post=25579"}],"curies":[{"name":"wp","href":"https:\/\/api.w.org\/{rel}","templated":true}]}}