{"id":25513,"date":"2026-03-24T19:36:40","date_gmt":"2026-03-24T18:36:40","guid":{"rendered":"https:\/\/agora.xtec.cat\/ies-sabadell\/?p=25513"},"modified":"2026-04-07T19:47:07","modified_gmt":"2026-04-07T17:47:07","slug":"visita-de-lalumnat-de-1r-de-cfgs-damvi-i-del-curs-despecialitzacio-a-les-oficines-de-barde-gameloft-barcelona","status":"publish","type":"post","link":"https:\/\/agora.xtec.cat\/ies-sabadell\/portada\/visita-de-lalumnat-de-1r-de-cfgs-damvi-i-del-curs-despecialitzacio-a-les-oficines-de-barde-gameloft-barcelona\/","title":{"rendered":"Visita de l\u2019alumnat de 1r de CFGS DAMvi i del curs d\u2019especialitzaci\u00f3 a les oficines de Barde GAMELOFT Barcelona"},"content":{"rendered":"<p>L\u2019alumnat de 1r curs del <a href=\"https:\/\/agora.xtec.cat\/ies-sabadell\/batxillerats\/cicle-formatiu-de-grau-superior-desenvolupament-daplicacions-multiplataforma-perfil-professional-videojocs-i-oci-digital\/\" target=\"_blank\" rel=\"noopener\">Cicle Formatiu de Grau Superior en Desenvolupament d\u2019Aplicacions Multiplataforma (DAMvi)<\/a>, juntament amb l\u2019alumnat del <a href=\"https:\/\/agora.xtec.cat\/ies-sabadell\/general\/curs-despecialitzacio-de-formacio-professional-desenvolupament-de-videojocs-i-realitat-virtual\/\" target=\"_blank\" rel=\"noopener\">curs d\u2019especialitzaci\u00f3<\/a>, ha tingut l\u2019oportunitat de visitar les oficines de <a href=\"https:\/\/www.gameloft.com\/\" target=\"_blank\" rel=\"noopener\">GAMELOFT<\/a> a Barcelona, una de les empreses m\u00e9s reconegudes del sector dels videojocs a escala internacional.\u00a0La sortida ha perm\u00e8s als estudiants con\u00e8ixer de primera m\u00e0 com treballa un equip professional dedicat al desenvolupament de videojocs per a dispositius m\u00f2bils, consoles i plataformes digitals.<\/p>\n<p>Durant la visita, els estudiants van poder rec\u00f3rrer les diferents \u00e0rees de producci\u00f3: disseny de joc, programaci\u00f3, art i animaci\u00f3, testing i gesti\u00f3 de projectes. Cada equip va explicar el seu rol dins del proc\u00e9s creatiu i t\u00e8cnic, mostrant exemples reals de tasques i fluxos de treball. Aquest contacte directe amb professionals del sector va resultar especialment enriquidor per a l\u2019alumnat, que va poder relacionar els continguts apresos a l\u2019aula amb situacions i necessitats del m\u00f3n laboral.<\/p>\n<p>Un dels moments m\u00e9s destacats va ser la sessi\u00f3 de preguntes, on els estudiants van poder resoldre dubtes sobre sortides professionals, compet\u00e8ncies m\u00e9s valorades, eines utilitzades i tend\u00e8ncies emergents en el desenvolupament de videojocs. Les respostes dels professionals van posar en relleu la import\u00e0ncia del treball en equip, la creativitat, la capacitat d\u2019adaptaci\u00f3 i la passi\u00f3 per la tecnologia.<\/p>\n<p>Sens dubte, activitats com aquesta reforcen la connexi\u00f3 entre formaci\u00f3 i ind\u00fastria, i ajuden els futurs desenvolupadors a orientar el seu cam\u00ed professional amb m\u00e9s claredat i entusiasme.<\/p>\n<p><img loading=\"lazy\" decoding=\"async\" class=\"aligncenter\" src=\"https:\/\/logos-world.net\/wp-content\/uploads\/2023\/05\/Gameloft-Logo.png\" alt=\"Gameloft Logo, symbol, meaning, history, PNG, brand\" width=\"496\" height=\"279\" \/><\/p>\n","protected":false},"excerpt":{"rendered":"<p>L\u2019alumnat de 1r curs del <a href=\"https:\/\/agora.xtec.cat\/ies-sabadell\/batxillerats\/cicle-formatiu-de-grau-superior-desenvolupament-daplicacions-multiplataforma-perfil-professional-videojocs-i-oci-digital\/\" target=\"_blank\" rel=\"noopener\">Cicle Formatiu de Grau Superior en Desenvolupament d\u2019Aplicacions Multiplataforma (DAMvi)<\/a>, juntament amb l\u2019alumnat del <a href=\"https:\/\/agora.xtec.cat\/ies-sabadell\/general\/curs-despecialitzacio-de-formacio-professional-desenvolupament-de-videojocs-i-realitat-virtual\/\" target=\"_blank\" rel=\"noopener\">curs d\u2019especialitzaci\u00f3<\/a>, ha tingut l\u2019oportunitat de visitar les oficines de <a href=\"https:\/\/www.gameloft.com\/\" target=\"_blank\" rel=\"noopener\">GAMELOFT<\/a> a Barcelona, una de les empreses&hellip;  <a href=\"https:\/\/agora.xtec.cat\/ies-sabadell\/portada\/visita-de-lalumnat-de-1r-de-cfgs-damvi-i-del-curs-despecialitzacio-a-les-oficines-de-barde-gameloft-barcelona\/\" title=\"Read Visita de l\u2019alumnat de 1r de CFGS DAMvi i del curs d\u2019especialitzaci\u00f3 a les oficines de Barde GAMELOFT Barcelona\">Llegeix m\u00e9s\u00bb<\/a><\/p>\n","protected":false},"author":633,"featured_media":25514,"comment_status":"closed","ping_status":"open","sticky":false,"template":"","format":"standard","meta":{"_bbp_topic_count":0,"_bbp_reply_count":0,"_bbp_total_topic_count":0,"_bbp_total_reply_count":0,"_bbp_voice_count":0,"_bbp_anonymous_reply_count":0,"_bbp_topic_count_hidden":0,"_bbp_reply_count_hidden":0,"_bbp_forum_subforum_count":0,"footnotes":""},"categories":[30,280,116,29],"tags":[200,396,202,397],"class_list":["post-25513","post","type-post","status-publish","format-standard","has-post-thumbnail","hentry","category-cicles-formatius","category-damvi","category-nou","category-portada","tag-ccff","tag-cesp","tag-damvi","tag-gameloft"],"post_mailing_queue_ids":[],"_links":{"self":[{"href":"https:\/\/agora.xtec.cat\/ies-sabadell\/wp-json\/wp\/v2\/posts\/25513","targetHints":{"allow":["GET"]}}],"collection":[{"href":"https:\/\/agora.xtec.cat\/ies-sabadell\/wp-json\/wp\/v2\/posts"}],"about":[{"href":"https:\/\/agora.xtec.cat\/ies-sabadell\/wp-json\/wp\/v2\/types\/post"}],"author":[{"embeddable":true,"href":"https:\/\/agora.xtec.cat\/ies-sabadell\/wp-json\/wp\/v2\/users\/633"}],"replies":[{"embeddable":true,"href":"https:\/\/agora.xtec.cat\/ies-sabadell\/wp-json\/wp\/v2\/comments?post=25513"}],"version-history":[{"count":2,"href":"https:\/\/agora.xtec.cat\/ies-sabadell\/wp-json\/wp\/v2\/posts\/25513\/revisions"}],"predecessor-version":[{"id":25516,"href":"https:\/\/agora.xtec.cat\/ies-sabadell\/wp-json\/wp\/v2\/posts\/25513\/revisions\/25516"}],"wp:featuredmedia":[{"embeddable":true,"href":"https:\/\/agora.xtec.cat\/ies-sabadell\/wp-json\/wp\/v2\/media\/25514"}],"wp:attachment":[{"href":"https:\/\/agora.xtec.cat\/ies-sabadell\/wp-json\/wp\/v2\/media?parent=25513"}],"wp:term":[{"taxonomy":"category","embeddable":true,"href":"https:\/\/agora.xtec.cat\/ies-sabadell\/wp-json\/wp\/v2\/categories?post=25513"},{"taxonomy":"post_tag","embeddable":true,"href":"https:\/\/agora.xtec.cat\/ies-sabadell\/wp-json\/wp\/v2\/tags?post=25513"}],"curies":[{"name":"wp","href":"https:\/\/api.w.org\/{rel}","templated":true}]}}