{"id":25126,"date":"2026-02-22T20:21:56","date_gmt":"2026-02-22T19:21:56","guid":{"rendered":"https:\/\/agora.xtec.cat\/ies-sabadell\/?p=25126"},"modified":"2026-04-09T19:53:18","modified_gmt":"2026-04-09T17:53:18","slug":"portes-obertes-als-diferents-ensenyaments-per-al-curs-2026-2027","status":"publish","type":"post","link":"https:\/\/agora.xtec.cat\/ies-sabadell\/general\/portes-obertes-als-diferents-ensenyaments-per-al-curs-2026-2027\/","title":{"rendered":"Portes Obertes als diferents ensenyaments, per al curs 2026-2027"},"content":{"rendered":"<p><a href=\"https:\/\/agora.xtec.cat\/ies-sabadell\/wp-content\/uploads\/usu405\/2024\/04\/ies.png\"><img loading=\"lazy\" decoding=\"async\" class=\"aligncenter size-medium wp-image-23305\" src=\"https:\/\/agora.xtec.cat\/ies-sabadell\/wp-content\/uploads\/usu405\/2024\/04\/ies-300x152.png\" alt=\"\" width=\"300\" height=\"152\" srcset=\"https:\/\/agora.xtec.cat\/ies-sabadell\/wp-content\/uploads\/usu405\/2024\/04\/ies-300x152.png 300w, https:\/\/agora.xtec.cat\/ies-sabadell\/wp-content\/uploads\/usu405\/2024\/04\/ies.png 750w\" sizes=\"auto, (max-width: 300px) 100vw, 300px\" \/><\/a><\/p>\n<p>Benvolgudes fam\u00edlies i futurs estudiants,<\/p>\n<p>Ens plau comunicar-vos les dates i procediments per presentar el nostre centre i els nostres plans d&#8217;estudis: ESO, Batxillerat Lomloe i Batxillerat internacional, PFI, CFGM, CFGS, M\u00e0ster FP en Videojocs i Realitat Virtual&#8230;<\/p>\n<p><strong>Hi sou tots benvinguts i benvingudes!<\/strong><\/p>\n<table style=\"width: 94.3438%;\">\n<tbody>\n<tr>\n<td style=\"text-align: center; width: 94.9795%;\" colspan=\"2\"><span style=\"color: #333399;\"><strong>\u00a0JORNADES DE PORTES OBERTES <\/strong><strong>PEL PROPER CURS 2026-2027<\/strong><\/span><\/td>\n<\/tr>\n<tr>\n<td style=\"width: 44.4188%;\">Portes Obertes de l&#8217;<strong><span style=\"color: #0000ff;\">ESO<\/span>:<\/strong><\/p>\n<ul>\n<li><strong>Dimecres 4 de mar\u00e7<\/strong><\/li>\n<li>a les 18h00<\/li>\n<li>Presencials, a l&#8217;Institut Sabadell, C-Juvenal, 1.<\/li>\n<\/ul>\n<p>No cal inscripci\u00f3 pr\u00e8via<\/td>\n<td style=\"width: 50.5607%;\">&nbsp;<\/p>\n<p>&nbsp;<\/td>\n<\/tr>\n<tr>\n<td style=\"width: 44.4188%;\">Portes Obertes del<span style=\"color: #0000ff;\"><strong> BATXILLERAT LOMLOE<\/strong><\/span><\/p>\n<ul>\n<li><strong>dimecres 8 d&#8217;abril <\/strong><\/li>\n<li><strong>a les 18h<\/strong><\/li>\n<li>Presencials, a l&#8217;Institut Sabadell, C-Juvenal, 1.<\/li>\n<\/ul>\n<p>Descarrega&#8217;t <a href=\"https:\/\/drive.google.com\/file\/d\/1EK6DugGlOZdWyCoXwrIGBhAx4WA2Ebq-\/view?usp=sharing\">el tr\u00edptic informatiu de batxillerat pel curs 2026-2027<\/a><\/p>\n<p>Descarrega&#8217;t <a href=\"https:\/\/docs.google.com\/presentation\/d\/1XxMBqJZ-unsxbBZppwwdoU4lD3kRt3oi\/edit?usp=drive_link&amp;ouid=111475055887602135058&amp;rtpof=true&amp;sd=true\">la presentaci\u00f3 del Batxillerat Lomloe explicada el dia de les PPOO.<\/a><\/p>\n<p>Vegeu els detalls sobre el <a href=\"https:\/\/triaeducativa.gencat.cat\/ca\/batxillerat\/index.html\">Batxillerat Lomloe al Portal oficial Tria Educativa<\/a><\/p>\n<p>Vegeu els detalls sobre el<a href=\"https:\/\/agora.xtec.cat\/ies-sabadell\/batxillerat\/\"> Batxillerat Lomloe al web de l&#8217;Institut Sabadell (pendent actualitzaci\u00f3)<\/a><\/p>\n<ul>\n<li><a href=\"https:\/\/drive.google.com\/file\/d\/1v47yWLp3htSmTCPQTYkEb909DXp9l2w1\/view?usp=sharing\">Oferta de places de batxillerat per al curs 26-27 <\/a><strong><span style=\"color: #ff0000;\">Actualitzat 08\/04\/2026<\/span><\/strong><\/li>\n<\/ul>\n<\/td>\n<td style=\"width: 50.5607%;\">Portes Obertes del<span style=\"color: #0000ff;\"><strong> BATXILLERAT INTERNACIONAL<\/strong><\/span><\/p>\n<ul>\n<li><strong>Dimecres 18 de febrer, <\/strong>a les 18h<\/li>\n<li><strong>Dissabte 21 de febrer,<\/strong> a les 10h i les 12h<\/li>\n<li>Presencials, a l&#8217;Institut Sabadell, C-Juvenal, 1<\/li>\n<\/ul>\n<p><a href=\"https:\/\/drive.google.com\/file\/d\/1bUmzRIwMK1JdmdLiQq0uXN1WJ4q0c_HE\/view\">Descarrega&#8217;t el tr\u00edptic informatiu del Batxillerat Internacional a l&#8217;Institut Sabadell<\/a><\/p>\n<p><a href=\"https:\/\/drive.google.com\/file\/d\/1UjekDwvBJ4GLoA-APdMH6cpyBIswSvfU\/view\">Descarrega&#8217;t la presentaci\u00f3 de les Portes Obertes al BI 2026-2027<\/a><\/p>\n<p>Vegeu els detalls sobre les <a href=\"https:\/\/agora.xtec.cat\/ies-sabadell\/batxillerat-internacional\/acces-i-admissio\/\" target=\"_blank\" rel=\"noopener\">proves d&#8217;acc\u00e9s i l&#8217;admissi\u00f3 al Batxillerat Internacional 25-26\u00a0<\/a><\/p>\n<ul>\n<li><a href=\"https:\/\/docs.google.com\/forms\/d\/e\/1FAIpQLSe7X7WVQcJcp57xYdPeH8xfK_TNcZezlvNDT4lAcU5pZ9gcCA\/viewform?usp=sharing&amp;ouid=107040673065908761143\">Formulari d&#8217;inscripci\u00f3 a les proves d&#8217;acc\u00e9s al BI.<\/a><\/li>\n<\/ul>\n<\/td>\n<\/tr>\n<tr>\n<td style=\"width: 44.4188%;\"><strong>Informacions sobre les Jornades de Portes Obertes de <span style=\"color: #ff0000;\">CFGM-SMX i PFI<\/span>:<\/strong><\/p>\n<ul>\n<li><a href=\"https:\/\/agora.xtec.cat\/ies-sabadell\/cicles-formatius\/programa-de-formacio-i-insercio-muntatge-i-manteniment-dequips-informatics\/\">PFI Muntatge i Manteniment d\u2019Equips Inform\u00e0tics:<\/a>\n<ul>\n<li><strong>Dijous 09 d\u2019Abril de 2026, a les 19:30<\/strong><\/li>\n<\/ul>\n<\/li>\n<li><a href=\"https:\/\/agora.xtec.cat\/ies-sabadell\/cicles-formatius\/grau-mitja\/cicle-formatiu-de-grau-mitja-sistemes-microinformatics-i-xarxes\/\">Cicle Formatiu de Grau Mitj\u00e0: Sistemes Microinform\u00e0tics i Xarxes:<\/a>\n<ul>\n<li><strong>Dijous 26 de Mar\u00e7 de 2026, a les 19:30<\/strong><\/li>\n<\/ul>\n<\/li>\n<\/ul>\n<ul>\n<li>de manera presencial, a l&#8217;Institut, C-Juvenal, 1, Sabadell<\/li>\n<\/ul>\n<p><a href=\"https:\/\/agora.xtec.cat\/ies-sabadell\/general\/jornades-de-portes-obertes-als-cicles-formatius\/\">Vegeu els detalls sobre les Jornades de Portes Obertes d&#8217;FP<\/a><\/p>\n<p>Omple el<strong> <a href=\"https:\/\/forms.gle\/9XkLqtJRa7R3Zpww5\">seg\u00fcent formulari<\/a> <\/strong>per inscriure&#8217;t a les Jornades de Portes Obertes<\/p>\n<div><a href=\"https:\/\/agora.xtec.cat\/ies-sabadell\/portes-obertes-preinscripcio-i-matricula-a-la-fp\/\">Per consultar tota la informaci\u00f3 respecte a la preinscripci\u00f3 i matr\u00edcula dels nostres cicles, incloent-hi informaci\u00f3 com les places, els torns, i les notes de tall, consulteu la nostra web aqu\u00ed.<\/a><\/div>\n<div><\/div>\n<\/td>\n<td style=\"width: 50.5607%;\"><strong>Informacions sobre les Jornades de Portes Obertes de <span style=\"color: #ff0000;\">CFGS i CEFP<\/span>:<\/strong><\/p>\n<ul>\n<li><a href=\"https:\/\/agora.xtec.cat\/ies-sabadell\/batxillerats\/cicle-formatiu-de-grau-superior-administracio-de-sistemes-informatics-en-xarxa\/\">Administraci\u00f3 de Sistemes Inform\u00e0tics en Xarxa (ASIX).<\/a>\n<ul>\n<li><strong>Dimarts 24 de Mar\u00e7 de 2026, a les 19:30<\/strong><\/li>\n<\/ul>\n<\/li>\n<li><a href=\"https:\/\/agora.xtec.cat\/ies-sabadell\/batxillerats\/cicle-formatiu-de-grau-superior-desenvolupament-daplicacions-multiplataforma\/\">Desenvolupament d&#8217;Aplicacions Multiplataforma (DAM).<\/a>\n<ul>\n<li><strong>Dimarts 24 de Mar\u00e7 de 2026, a les 19:30<\/strong><\/li>\n<\/ul>\n<\/li>\n<li><a href=\"https:\/\/agora.xtec.cat\/ies-sabadell\/batxillerats\/cicle-formatiu-de-grau-superior-desenvolupament-daplicacions-multiplataforma-perfil-professional-videojocs-i-oci-digital\/\">Desenvolupament d&#8217;Aplicacions Multiplataforma amb perfil de videojocs i oci digital (DAMvi)<\/a>\n<ul>\n<li><strong>Dimarts 24 de Mar\u00e7 de 2026, a les 19:30<\/strong><\/li>\n<\/ul>\n<\/li>\n<li><a href=\"https:\/\/agora.xtec.cat\/ies-sabadell\/general\/cicle-formatiu-de-grau-superior-desenvolupament-daplicacions-web\/\">Desenvolupament d&#8217;Aplicacions Web<\/a>\n<ul>\n<li><strong>Dimarts 24 de Mar\u00e7 de 2026, a les 19:30<\/strong><\/li>\n<\/ul>\n<\/li>\n<\/ul>\n<ul>\n<li><a href=\"https:\/\/agora.xtec.cat\/ies-sabadell\/general\/curs-despecialitzacio-de-formacio-professional-desenvolupament-de-videojocs-i-realitat-virtual\/\">M\u00e0ster d\u2019FP: Curs d\u2019Especialitzaci\u00f3 de Videojocs i Realitat Virtual:<\/a>\n<ul>\n<li><strong>11 de Juny de 2026, a les 19:30<\/strong><\/li>\n<\/ul>\n<\/li>\n<\/ul>\n<ul>\n<li>de manera presencial, a l&#8217;Institut, C-Juvenal, 1, Sabadell<\/li>\n<\/ul>\n<p><a href=\"https:\/\/agora.xtec.cat\/ies-sabadell\/general\/jornades-de-portes-obertes-als-cicles-formatius\/\">Vegeu els detalls sobre les Jornades de Portes Obertes d&#8217;FP<\/a><\/p>\n<p>Omple el<strong> <a href=\"https:\/\/forms.gle\/9XkLqtJRa7R3Zpww5\">seg\u00fcent formulari<\/a> <\/strong>per inscriure&#8217;t a les Jornades de Portes Obertes<\/p>\n<div><a href=\"https:\/\/agora.xtec.cat\/ies-sabadell\/portes-obertes-preinscripcio-i-matricula-a-la-fp\/\">Per consultar tota la informaci\u00f3 respecte a la preinscripci\u00f3 i matr\u00edcula dels nostres cicles, incloent-hi <\/a><a href=\"https:\/\/agora.xtec.cat\/ies-sabadell\/portes-obertes-preinscripcio-i-matricula-a-la-fp\/\">informaci\u00f3 <\/a><a href=\"https:\/\/agora.xtec.cat\/ies-sabadell\/portes-obertes-preinscripcio-i-matricula-a-la-fp\/\">com les places, els torns, i les notes de tall, consulteu la nostra web aqu\u00ed.<\/a><\/div>\n<div><\/div>\n<div><\/div>\n<\/td>\n<\/tr>\n<\/tbody>\n<\/table>\n","protected":false},"excerpt":{"rendered":"<p><a href=\"https:\/\/agora.xtec.cat\/ies-sabadell\/wp-content\/uploads\/usu405\/2024\/04\/ies.png\"><\/a><br \/>\nBenvolgudes fam\u00edlies i futurs estudiants,<br \/>\nEns plau comunicar-vos les dates i procediments per presentar el nostre centre i els nostres plans d&#8217;estudis: ESO, Batxillerat Lomloe i Batxillerat internacional, PFI, CFGM, CFGS, M\u00e0ster FP en Videojocs i Realitat Virtual&#8230;<br \/>\nHi sou tots benvinguts i benvingudes!<\/p>\n<p>\u00a0JORNADES DE PORTES&hellip;  <a href=\"https:\/\/agora.xtec.cat\/ies-sabadell\/general\/portes-obertes-als-diferents-ensenyaments-per-al-curs-2026-2027\/\" title=\"Read Portes Obertes als diferents ensenyaments, per al curs 2026-2027\">Llegeix m\u00e9s\u00bb<\/a><\/p>\n","protected":false},"author":228,"featured_media":23305,"comment_status":"closed","ping_status":"open","sticky":true,"template":"","format":"standard","meta":{"_bbp_topic_count":0,"_bbp_reply_count":0,"_bbp_total_topic_count":0,"_bbp_total_reply_count":0,"_bbp_voice_count":0,"_bbp_anonymous_reply_count":0,"_bbp_topic_count_hidden":0,"_bbp_reply_count_hidden":0,"_bbp_forum_subforum_count":0,"footnotes":""},"categories":[130,74,73,227,8,30,3,4,5,6,7,1,116,29],"tags":[],"class_list":["post-25126","post","type-post","status-publish","format-standard","has-post-thumbnail","hentry","category-ampa","category-batx-1","category-batx-2","category-batxillerat-internacional","category-batxillerats","category-cicles-formatius","category-eso","category-eso-1","category-eso-2","category-eso-3","category-eso-4","category-general","category-nou","category-portada"],"post_mailing_queue_ids":[],"_links":{"self":[{"href":"https:\/\/agora.xtec.cat\/ies-sabadell\/wp-json\/wp\/v2\/posts\/25126","targetHints":{"allow":["GET"]}}],"collection":[{"href":"https:\/\/agora.xtec.cat\/ies-sabadell\/wp-json\/wp\/v2\/posts"}],"about":[{"href":"https:\/\/agora.xtec.cat\/ies-sabadell\/wp-json\/wp\/v2\/types\/post"}],"author":[{"embeddable":true,"href":"https:\/\/agora.xtec.cat\/ies-sabadell\/wp-json\/wp\/v2\/users\/228"}],"replies":[{"embeddable":true,"href":"https:\/\/agora.xtec.cat\/ies-sabadell\/wp-json\/wp\/v2\/comments?post=25126"}],"version-history":[{"count":7,"href":"https:\/\/agora.xtec.cat\/ies-sabadell\/wp-json\/wp\/v2\/posts\/25126\/revisions"}],"predecessor-version":[{"id":25552,"href":"https:\/\/agora.xtec.cat\/ies-sabadell\/wp-json\/wp\/v2\/posts\/25126\/revisions\/25552"}],"wp:featuredmedia":[{"embeddable":true,"href":"https:\/\/agora.xtec.cat\/ies-sabadell\/wp-json\/wp\/v2\/media\/23305"}],"wp:attachment":[{"href":"https:\/\/agora.xtec.cat\/ies-sabadell\/wp-json\/wp\/v2\/media?parent=25126"}],"wp:term":[{"taxonomy":"category","embeddable":true,"href":"https:\/\/agora.xtec.cat\/ies-sabadell\/wp-json\/wp\/v2\/categories?post=25126"},{"taxonomy":"post_tag","embeddable":true,"href":"https:\/\/agora.xtec.cat\/ies-sabadell\/wp-json\/wp\/v2\/tags?post=25126"}],"curies":[{"name":"wp","href":"https:\/\/api.w.org\/{rel}","templated":true}]}}